{"id":3967,"date":"2023-03-13T09:09:15","date_gmt":"2023-03-13T12:09:15","guid":{"rendered":"https:\/\/infotep.com.ar\/?p=3967"},"modified":"2023-03-13T09:09:15","modified_gmt":"2023-03-13T12:09:15","slug":"moreno-realiza-operativos-de-documentacion","status":"publish","type":"post","link":"https:\/\/infotep.com.ar\/index.php\/2023\/03\/13\/moreno-realiza-operativos-de-documentacion\/","title":{"rendered":"Moreno realiza operativos de documentaci\u00f3n"},"content":{"rendered":"\n<p>El Municipio de Moreno, a trav\u00e9s de la Secretaria de Justicia y Derechos Humanos y en articulaci\u00f3n con el Registro Provincial de las Personas realizar\u00e1 operativos de documentaci\u00f3n desde el 14 hasta el 17 de marzo de 9 a 15 horas.<\/p>\n\n\n\n<p>En estas jornadas se podr\u00e1 gestionar la renovaci\u00f3n del Documento Nacional de Identidad o la actualizaci\u00f3n del mismo con el cambio de domicilio, y tr\u00e1mites de declaraci\u00f3n jurada de domicilio.<\/p>\n\n\n\n<p>Los operativos est\u00e1n destinadas a personas argentinas y extranjeras con residencia permanente. Adem\u00e1s, para las y los vecinos extranjeros que necesiten gestionar tramites tambi\u00e9n funcionar\u00e1 la oficina de atenci\u00f3n al migrante para acompa\u00f1ar las consultas correspondientes.<\/p>\n\n\n\n<p><strong>D\u00edas, horarios y ubicaciones de los operativos<\/strong><\/p>\n\n\n\n<p><strong>El martes 14 de marzo<\/strong> el operativo documentaci\u00f3n funcionar\u00e1 en la plaza 5 de enero, de la localidad de Cuartel V, ubicada en Monroe y Valent\u00edn G\u00f3mez.<\/p>\n\n\n\n<p>Mientras que el <strong>mi\u00e9rcoles 15 de marzo<\/strong> tendr\u00e1 lugar en la Capilla San Cayetano, en la localidad de Paso del Rey, ubicada en Dean Funes y Bongiovanni.<\/p>\n\n\n\n<p>Adem\u00e1s, el<strong> jueves 16 de marzo <\/strong>se realizar\u00e1 en la plaza Santa Br\u00edgida de la localidad de Trujui, en la calle Rep\u00fablica Argentina entre Ricardo Guiraldes y Pedro de Mendoza.<\/p>\n\n\n\n<p>Las jornadas finalizar\u00e1n el viernes 17 de marzo en la plaza San Jorge en el barrio Maril\u00f3 de la localidad de Trujui, ubicada en Pinz\u00f3n y Defensa.<\/p>\n","protected":false},"excerpt":{"rendered":"<p>El Municipio de Moreno, a trav&eacute;s de la Secretaria de Justicia y Derechos Humanos y en articulaci&oacute;n con el Registro Provincial de las Personas realizar&aacute; operativos de documentaci&oacute;n desde el 14 hasta el 17 de marzo de 9 a 15 horas. En estas jornadas se podr&aacute; gestionar la renovaci&oacute;n del Documento Nacional de Identidad o &hellip; <\/p>\n","protected":false},"author":5,"featured_media":3968,"comment_status":"closed","ping_status":"closed","sticky":false,"template":"","format":"standard","meta":{"om_disable_all_campaigns":false,"_joinchat":[]},"categories":[85],"tags":[46,43],"featured_image_urls":{"full":["https:\/\/infotep.com.ar\/wp-content\/uploads\/2023\/03\/dni-documentacion.jpg",2560,1707,false],"thumbnail":["https:\/\/infotep.com.ar\/wp-content\/uploads\/2023\/03\/dni-documentacion-150x150.jpg",150,150,true],"medium":["https:\/\/infotep.com.ar\/wp-content\/uploads\/2023\/03\/dni-documentacion-300x200.jpg",300,200,true],"medium_large":["https:\/\/infotep.com.ar\/wp-content\/uploads\/2023\/03\/dni-documentacion-768x512.jpg",768,512,true],"large":["https:\/\/infotep.com.ar\/wp-content\/uploads\/2023\/03\/dni-documentacion-1024x683.jpg",1020,680,true],"1536x1536":["https:\/\/infotep.com.ar\/wp-content\/uploads\/2023\/03\/dni-documentacion-1536x1024.jpg",1536,1024,true],"2048x2048":["https:\/\/infotep.com.ar\/wp-content\/uploads\/2023\/03\/dni-documentacion-2048x1366.jpg",2048,1366,true],"blossom-feminine-slider":["https:\/\/infotep.com.ar\/wp-content\/uploads\/2023\/03\/dni-documentacion-1920x649.jpg",1920,649,true],"blossom-feminine-featured":["https:\/\/infotep.com.ar\/wp-content\/uploads\/2023\/03\/dni-documentacion-1410x600.jpg",1410,600,true],"blossom-feminine-with-sidebar":["https:\/\/infotep.com.ar\/wp-content\/uploads\/2023\/03\/dni-documentacion-1020x600.jpg",1020,600,true],"blossom-feminine-blog":["https:\/\/infotep.com.ar\/wp-content\/uploads\/2023\/03\/dni-documentacion-435x435.jpg",435,435,true],"blossom-feminine-cat":["https:\/\/infotep.com.ar\/wp-content\/uploads\/2023\/03\/dni-documentacion-450x300.jpg",450,300,true],"blossom-feminine-related":["https:\/\/infotep.com.ar\/wp-content\/uploads\/2023\/03\/dni-documentacion-320x200.jpg",320,200,true],"blossom-feminine-schema":["https:\/\/infotep.com.ar\/wp-content\/uploads\/2023\/03\/dni-documentacion-90x60.jpg",90,60,true],"blossom-mommy-blog-slider-big":["https:\/\/infotep.com.ar\/wp-content\/uploads\/2023\/03\/dni-documentacion-920x650.jpg",920,650,true],"blossom-mommy-blog-slider":["https:\/\/infotep.com.ar\/wp-content\/uploads\/2023\/03\/dni-documentacion-460x310.jpg",460,310,true],"blossom-mommy-blog-two":["https:\/\/infotep.com.ar\/wp-content\/uploads\/2023\/03\/dni-documentacion-768x480.jpg",768,480,true]},"author_info":{"info":["Angela Tobar"]},"category_info":"<a href=\"https:\/\/infotep.com.ar\/index.php\/category\/municipales\/moreno\/\" rel=\"category tag\">Moreno<\/a>","tag_info":"Moreno","comment_count":"0","_links":{"self":[{"href":"https:\/\/infotep.com.ar\/index.php\/wp-json\/wp\/v2\/posts\/3967"}],"collection":[{"href":"https:\/\/infotep.com.ar\/index.php\/wp-json\/wp\/v2\/posts"}],"about":[{"href":"https:\/\/infotep.com.ar\/index.php\/wp-json\/wp\/v2\/types\/post"}],"author":[{"embeddable":true,"href":"https:\/\/infotep.com.ar\/index.php\/wp-json\/wp\/v2\/users\/5"}],"replies":[{"embeddable":true,"href":"https:\/\/infotep.com.ar\/index.php\/wp-json\/wp\/v2\/comments?post=3967"}],"version-history":[{"count":1,"href":"https:\/\/infotep.com.ar\/index.php\/wp-json\/wp\/v2\/posts\/3967\/revisions"}],"predecessor-version":[{"id":3969,"href":"https:\/\/infotep.com.ar\/index.php\/wp-json\/wp\/v2\/posts\/3967\/revisions\/3969"}],"wp:featuredmedia":[{"embeddable":true,"href":"https:\/\/infotep.com.ar\/index.php\/wp-json\/wp\/v2\/media\/3968"}],"wp:attachment":[{"href":"https:\/\/infotep.com.ar\/index.php\/wp-json\/wp\/v2\/media?parent=3967"}],"wp:term":[{"taxonomy":"category","embeddable":true,"href":"https:\/\/infotep.com.ar\/index.php\/wp-json\/wp\/v2\/categories?post=3967"},{"taxonomy":"post_tag","embeddable":true,"href":"https:\/\/infotep.com.ar\/index.php\/wp-json\/wp\/v2\/tags?post=3967"}],"curies":[{"name":"wp","href":"https:\/\/api.w.org\/{rel}","templated":true}]}}