{"id":3973,"date":"2023-03-14T05:16:55","date_gmt":"2023-03-14T08:16:55","guid":{"rendered":"https:\/\/infotep.com.ar\/?p=3973"},"modified":"2023-03-13T20:46:55","modified_gmt":"2023-03-13T23:46:55","slug":"el-gobierno-convoco-al-consejo-del-salario-minimo-vital-y-movil-para-el-21-de-marzo","status":"publish","type":"post","link":"https:\/\/infotep.com.ar\/index.php\/2023\/03\/14\/el-gobierno-convoco-al-consejo-del-salario-minimo-vital-y-movil-para-el-21-de-marzo\/","title":{"rendered":"El Gobierno convoc\u00f3 al Consejo del Salario M\u00ednimo, Vital y M\u00f3vil para el 21 de marzo"},"content":{"rendered":"\n<p>El llamado se oficializ\u00f3 a trav\u00e9s de la publicaci\u00f3n del llamado en el Bolet\u00edn Oficial.<br>Los miembros del Consejo del Salario se reunir\u00e1n el 21Los miembros del Consejo del Salario se reunir\u00e1n el 21<br><br>El Gobierno convoc\u00f3 para el pr\u00f3ximo martes 21 de marzo al Consejo del Salario M\u00ednimo Vital y M\u00f3vil (SMVM) para discutir las nuevas remuneraciones de base para todos los trabajadores formales y cuyo valor adem\u00e1s sirve para actualizaci\u00f3n de otros \u00edndices de ajustes, entre ellos los de planes sociales.<\/p>\n\n\n\n<p>El llamado se oficializ\u00f3 a trav\u00e9s de la publicaci\u00f3n en el Bolet\u00edn Oficial de la Resoluci\u00f3n 1\/2023 del Ministerio de Trabajo.<\/p>\n\n\n\n<p>La discusi\u00f3n se dar\u00e1 en un marco de aceleraci\u00f3n inflacionaria y luego de conocerse la tasa de variaci\u00f3n de precios de febrero, que elevar\u00eda el resultado del primer bimestre al 12%.<\/p>\n\n\n\n<p>La \u00faltima reuni\u00f3n del Consejo fue en noviembre del a\u00f1o pasado y hab\u00eda fijado un SMVM de $ 61.953 desde el 1\u00b0 diciembre, que pasar\u00eda a $ 65.427 a partir del 1\u00b0 de enero, a $ 67.743 desde el 1\u00b0 de febrero y a $ 69.500 en marzo.<\/p>\n\n\n\n<p>De esta forma, entre enero y abril de este a\u00f1o los trabajadores percibir\u00e1n en sus bolsillos (el valor desde el 1\u00b0 de diciembre se cobran en enero y as\u00ed sucesivamente) una mejora de 13%, que es similar a la de inflaci\u00f3n del primer bimestre.<\/p>\n\n\n\n<p>De esta forma, cuando se sienten a negociar c\u00e1maras empresarias y representantes del sindicalismo los ajustes salariales convenidos para cuatro meses ya habr\u00edan quedado superados por la inflaci\u00f3n.<\/p>\n\n\n\n<p>Por consiguiente habr\u00e1 que ver c\u00f3mo se desarrolla la discusi\u00f3n en momentos en que desde el Ministerio de Econom\u00eda se busca que los ajustes salariales sean acotados y alineados a los ajustes del orden de 4% que se acord\u00f3 en los programas de precios que alent\u00f3 la Secretar\u00eda de Comercio.<\/p>\n\n\n\n<p>Debido a la inflaci\u00f3n que ya est\u00e1 superando en 100%, Argentina tiene el segundo SMVM m\u00e1s bajo de la regi\u00f3n s\u00f3lo por delante de Venezuela.<\/p>\n\n\n\n<p>Medido en d\u00f3lares, el SMVM en la Argentina es del orden de los US$ 185 d\u00f3lares.<\/p>\n","protected":false},"excerpt":{"rendered":"<p>El llamado se oficializ&oacute; a trav&eacute;s de la publicaci&oacute;n del llamado en el Bolet&iacute;n Oficial.Los miembros del Consejo del Salario se reunir&aacute;n el 21Los miembros del Consejo del Salario se reunir&aacute;n el 21 El Gobierno convoc&oacute; para el pr&oacute;ximo martes 21 de marzo al Consejo del Salario M&iacute;nimo Vital y M&oacute;vil (SMVM) para discutir las &hellip; <\/p>\n","protected":false},"author":5,"featured_media":3974,"comment_status":"closed","ping_status":"closed","sticky":false,"template":"","format":"standard","meta":{"om_disable_all_campaigns":false,"_joinchat":[]},"categories":[3],"tags":[46,59,43],"featured_image_urls":{"full":["https:\/\/infotep.com.ar\/wp-content\/uploads\/2023\/03\/consejo-del-salario.jpeg",1317,844,false],"thumbnail":["https:\/\/infotep.com.ar\/wp-content\/uploads\/2023\/03\/consejo-del-salario-150x150.jpeg",150,150,true],"medium":["https:\/\/infotep.com.ar\/wp-content\/uploads\/2023\/03\/consejo-del-salario-300x192.jpeg",300,192,true],"medium_large":["https:\/\/infotep.com.ar\/wp-content\/uploads\/2023\/03\/consejo-del-salario-768x492.jpeg",768,492,true],"large":["https:\/\/infotep.com.ar\/wp-content\/uploads\/2023\/03\/consejo-del-salario-1024x656.jpeg",1020,653,true],"1536x1536":["https:\/\/infotep.com.ar\/wp-content\/uploads\/2023\/03\/consejo-del-salario.jpeg",1317,844,false],"2048x2048":["https:\/\/infotep.com.ar\/wp-content\/uploads\/2023\/03\/consejo-del-salario.jpeg",1317,844,false],"blossom-feminine-slider":["https:\/\/infotep.com.ar\/wp-content\/uploads\/2023\/03\/consejo-del-salario-1317x649.jpeg",1317,649,true],"blossom-feminine-featured":["https:\/\/infotep.com.ar\/wp-content\/uploads\/2023\/03\/consejo-del-salario-1317x600.jpeg",1317,600,true],"blossom-feminine-with-sidebar":["https:\/\/infotep.com.ar\/wp-content\/uploads\/2023\/03\/consejo-del-salario-1020x600.jpeg",1020,600,true],"blossom-feminine-blog":["https:\/\/infotep.com.ar\/wp-content\/uploads\/2023\/03\/consejo-del-salario-435x435.jpeg",435,435,true],"blossom-feminine-cat":["https:\/\/infotep.com.ar\/wp-content\/uploads\/2023\/03\/consejo-del-salario-450x300.jpeg",450,300,true],"blossom-feminine-related":["https:\/\/infotep.com.ar\/wp-content\/uploads\/2023\/03\/consejo-del-salario-320x200.jpeg",320,200,true],"blossom-feminine-schema":["https:\/\/infotep.com.ar\/wp-content\/uploads\/2023\/03\/consejo-del-salario-94x60.jpeg",94,60,true],"blossom-mommy-blog-slider-big":["https:\/\/infotep.com.ar\/wp-content\/uploads\/2023\/03\/consejo-del-salario-920x650.jpeg",920,650,true],"blossom-mommy-blog-slider":["https:\/\/infotep.com.ar\/wp-content\/uploads\/2023\/03\/consejo-del-salario-460x310.jpeg",460,310,true],"blossom-mommy-blog-two":["https:\/\/infotep.com.ar\/wp-content\/uploads\/2023\/03\/consejo-del-salario-768x480.jpeg",768,480,true]},"author_info":{"info":["Angela Tobar"]},"category_info":"<a href=\"https:\/\/infotep.com.ar\/index.php\/category\/nacionales\/\" rel=\"category tag\">Nacionales<\/a>","tag_info":"Nacionales","comment_count":"0","_links":{"self":[{"href":"https:\/\/infotep.com.ar\/index.php\/wp-json\/wp\/v2\/posts\/3973"}],"collection":[{"href":"https:\/\/infotep.com.ar\/index.php\/wp-json\/wp\/v2\/posts"}],"about":[{"href":"https:\/\/infotep.com.ar\/index.php\/wp-json\/wp\/v2\/types\/post"}],"author":[{"embeddable":true,"href":"https:\/\/infotep.com.ar\/index.php\/wp-json\/wp\/v2\/users\/5"}],"replies":[{"embeddable":true,"href":"https:\/\/infotep.com.ar\/index.php\/wp-json\/wp\/v2\/comments?post=3973"}],"version-history":[{"count":1,"href":"https:\/\/infotep.com.ar\/index.php\/wp-json\/wp\/v2\/posts\/3973\/revisions"}],"predecessor-version":[{"id":3975,"href":"https:\/\/infotep.com.ar\/index.php\/wp-json\/wp\/v2\/posts\/3973\/revisions\/3975"}],"wp:featuredmedia":[{"embeddable":true,"href":"https:\/\/infotep.com.ar\/index.php\/wp-json\/wp\/v2\/media\/3974"}],"wp:attachment":[{"href":"https:\/\/infotep.com.ar\/index.php\/wp-json\/wp\/v2\/media?parent=3973"}],"wp:term":[{"taxonomy":"category","embeddable":true,"href":"https:\/\/infotep.com.ar\/index.php\/wp-json\/wp\/v2\/categories?post=3973"},{"taxonomy":"post_tag","embeddable":true,"href":"https:\/\/infotep.com.ar\/index.php\/wp-json\/wp\/v2\/tags?post=3973"}],"curies":[{"name":"wp","href":"https:\/\/api.w.org\/{rel}","templated":true}]}}