{"id":3976,"date":"2023-03-13T09:19:13","date_gmt":"2023-03-13T12:19:13","guid":{"rendered":"https:\/\/infotep.com.ar\/?p=3976"},"modified":"2023-03-13T09:19:14","modified_gmt":"2023-03-13T12:19:14","slug":"cuervo-larroque-si-el-presidente-tuviera-alguna-chance-de-reelegir-ya-estaria-pegando-afiches","status":"publish","type":"post","link":"https:\/\/infotep.com.ar\/index.php\/2023\/03\/13\/cuervo-larroque-si-el-presidente-tuviera-alguna-chance-de-reelegir-ya-estaria-pegando-afiches\/","title":{"rendered":"Cuervo Larroque: &#8220;Si el Presidente tuviera alguna chance de reelegir ya estar\u00eda pegando afiches&#8221;"},"content":{"rendered":"\n<p>El referente de La C\u00e1mpora y ministro de Desarrollo de la Comunidad bonaerense,Andr\u00e9s &#8220;Cuervo&#8221; Larroque volvi\u00f3 hoy a embestir contra el presidente Alberto Fern\u00e1ndez al sostener que si &#8220;tuviera alguna de reelegir ya estar\u00eda pegando afiches&#8221; y el plenario de la militancia kirchnerista de ayer hubiera tenido como consigna &#8220;Alberto reelecci\u00f3n&#8221;.<\/p>\n\n\n\n<p>En declaraciones radiales, el coordinador de la fuerza &#8220;La Patria es el Otro&#8221; asegur\u00f3 que &#8220;el balance&#8221; de la gesti\u00f3n de Fern\u00e1ndez no muestra &#8220;los logros&#8221; suficientes para &#8220;pensar en una reelecci\u00f3n autom\u00e1tica&#8221;.<\/p>\n\n\n\n<p>Se trata de una nueva ofensiva de Larroque, el vocero designado por la vicepresidenta Cristina Kirchner para desgastar al presidente e intentar bajarlo de su candidatura.<\/p>\n\n\n\n<p>&#8220;Si el Presidente tuviera chance de reelegir ya estar\u00eda pegando afiches y el plenario de ayer era &#8216;Alberto reelecci\u00f3n. Pero no est\u00e1n esas condiciones, la realidad no lo representa y el funcionamiento que el Presidente le imprimi\u00f3 al Frente de Todos en t\u00e9rminos de gesti\u00f3n, no tenemos los logros&#8221;, afirm\u00f3.<\/p>\n\n\n\n<p>&#8220;El balance no nos permite pensar en una reelecci\u00f3n autom\u00e1tica. El funcionamiento de la fuerza pol\u00edtica nos hace evaluar que hay muchas cosas para redefinir&#8221;, se\u00f1al\u00f3.<\/p>\n\n\n\n<p>Si bien reconoci\u00f3 que al jefe de Estado le toc\u00f3 inicialmente administrar un per\u00edodo muy complejo con el estallido de la pandemia del coronavirus primero y la guerra en Ucrania despu\u00e9s, subray\u00f3 que no se puede &#8220;ocultar que hay un mont\u00f3n de errores que nos ponen en una situaci\u00f3n dudosa&#8221;.<\/p>\n\n\n\n<p>Larroque: &#8220;Si el Presidente tuviera alguna chance de reelegir ya estar\u00eda pegando afiches&#8221;<br>Consultado sobre qu\u00e9 har\u00e1 el kirchnerismo duro en caso de que Alberto Fern\u00e1ndez ratifique que ir\u00e1 por un segundo mandato presidencial, Larroque dej\u00f3 abierta cualquier posibilidad.<\/p>\n\n\n\n<p>&#8220;Tenemos que pensar qu\u00e9 vamos a hacer nosotros y estamos iniciando un camino convocando a la militancia como protagonista. No hay mandrakes, la propia Cristina necesita una fuerza popular organizada y movilizada&#8221;, asever\u00f3.<\/p>\n\n\n\n<p>En otro orden, destac\u00f3 la gesti\u00f3n del ministro de Econom\u00eda, Sergio Massa, de quien dijo que lo quiere &#8220;siempre en su equipo&#8221;, aunque evit\u00f3 pronunciarse sobre una posible candidatura presidencial del l\u00edder del Frente Renovador, porque sus fichas est\u00e1n en primer lugar puestas en ver si se puede &#8220;romper la proscripci\u00f3n&#8221; de Cristina Kirchner para que sea ella la representante del Frente de Todos para la Casa Rosada.<\/p>\n\n\n\n<p>&#8220;A Sergio lo quiero en mi equipo pero tenemos miradas distintas, tenemos di\u00e1logo permanente, en algunas cosas nos ponemos de acuerdo, en otras no, es inteligente, entiende de pol\u00edtica y tiene los pies en la tierra&#8221;, indic\u00f3 el camporista sobre Massa.<\/p>\n\n\n\n<p>Sobre la situaci\u00f3n de Cristina Kirchner, consider\u00f3 que ella no se baj\u00f3 de la contienda electoral sino que sobre ella pesa una proscripci\u00f3n, y traz\u00f3 una analog\u00eda con Juan Domingo Per\u00f3n en 1972.<\/p>\n\n\n\n<p>&#8220;As\u00ed como en el pasado el candidato del a\u00f1o 72 era Per\u00f3n y fue al proceso (H\u00e9ctor) C\u00e1mpora, tenemos que pelear por la candidatura de Cristina y que no haya impedimentos como esta situaci\u00f3n de gatillo de la mafia judicial sobre la democracia Argentina&#8221;, resalt\u00f3.<\/p>\n\n\n\n<p>Por otra parte, sobre su situaci\u00f3n personal en La C\u00e1mpora, organizaci\u00f3n pol\u00edtica que se encuentra en medio de un proceso de transici\u00f3n y reestructuraci\u00f3n, Larroque revel\u00f3 que est\u00e1 en v\u00edas de dejar la secretaria general, cargo que quedar\u00eda en manos de la legisladora porte\u00f1a kirchnerista Luc\u00eda C\u00e1mpora, sobrina nieta del ex presidente H\u00e9ctor C\u00e1mpora.<\/p>\n\n\n\n<p>&#8220;En este momento la idea es que el rol de la Secretar\u00eda General lo pueda asumir una compa\u00f1era, una mujer, Luc\u00eda C\u00e1mpora. Vamos a ver cu\u00e1ndo lo formalizamos, es un debate que empez\u00f3 en el acto de Argentinos Juniors\u201d, relat\u00f3<\/p>\n","protected":false},"excerpt":{"rendered":"<p>El referente de La C&aacute;mpora y ministro de Desarrollo de la Comunidad bonaerense,Andr&eacute;s &ldquo;Cuervo&rdquo; Larroque volvi&oacute; hoy a embestir contra el presidente Alberto Fern&aacute;ndez al sostener que si &ldquo;tuviera alguna de reelegir ya estar&iacute;a pegando afiches&rdquo; y el plenario de la militancia kirchnerista de ayer hubiera tenido como consigna &ldquo;Alberto reelecci&oacute;n&rdquo;. En declaraciones radiales, el &hellip; <\/p>\n","protected":false},"author":5,"featured_media":3977,"comment_status":"closed","ping_status":"closed","sticky":false,"template":"","format":"standard","meta":{"om_disable_all_campaigns":false,"_joinchat":[]},"categories":[3],"tags":[46,43],"featured_image_urls":{"full":["https:\/\/infotep.com.ar\/wp-content\/uploads\/2023\/03\/larroque-na-.jpg",470,313,false],"thumbnail":["https:\/\/infotep.com.ar\/wp-content\/uploads\/2023\/03\/larroque-na--150x150.jpg",150,150,true],"medium":["https:\/\/infotep.com.ar\/wp-content\/uploads\/2023\/03\/larroque-na--300x200.jpg",300,200,true],"medium_large":["https:\/\/infotep.com.ar\/wp-content\/uploads\/2023\/03\/larroque-na-.jpg",470,313,false],"large":["https:\/\/infotep.com.ar\/wp-content\/uploads\/2023\/03\/larroque-na-.jpg",470,313,false],"1536x1536":["https:\/\/infotep.com.ar\/wp-content\/uploads\/2023\/03\/larroque-na-.jpg",470,313,false],"2048x2048":["https:\/\/infotep.com.ar\/wp-content\/uploads\/2023\/03\/larroque-na-.jpg",470,313,false],"blossom-feminine-slider":["https:\/\/infotep.com.ar\/wp-content\/uploads\/2023\/03\/larroque-na-.jpg",470,313,false],"blossom-feminine-featured":["https:\/\/infotep.com.ar\/wp-content\/uploads\/2023\/03\/larroque-na-.jpg",470,313,false],"blossom-feminine-with-sidebar":["https:\/\/infotep.com.ar\/wp-content\/uploads\/2023\/03\/larroque-na-.jpg",470,313,false],"blossom-feminine-blog":["https:\/\/infotep.com.ar\/wp-content\/uploads\/2023\/03\/larroque-na--435x313.jpg",435,313,true],"blossom-feminine-cat":["https:\/\/infotep.com.ar\/wp-content\/uploads\/2023\/03\/larroque-na--450x300.jpg",450,300,true],"blossom-feminine-related":["https:\/\/infotep.com.ar\/wp-content\/uploads\/2023\/03\/larroque-na--320x200.jpg",320,200,true],"blossom-feminine-schema":["https:\/\/infotep.com.ar\/wp-content\/uploads\/2023\/03\/larroque-na--90x60.jpg",90,60,true],"blossom-mommy-blog-slider-big":["https:\/\/infotep.com.ar\/wp-content\/uploads\/2023\/03\/larroque-na-.jpg",470,313,false],"blossom-mommy-blog-slider":["https:\/\/infotep.com.ar\/wp-content\/uploads\/2023\/03\/larroque-na--460x310.jpg",460,310,true],"blossom-mommy-blog-two":["https:\/\/infotep.com.ar\/wp-content\/uploads\/2023\/03\/larroque-na-.jpg",470,313,false]},"author_info":{"info":["Angela Tobar"]},"category_info":"<a href=\"https:\/\/infotep.com.ar\/index.php\/category\/nacionales\/\" rel=\"category tag\">Nacionales<\/a>","tag_info":"Nacionales","comment_count":"0","_links":{"self":[{"href":"https:\/\/infotep.com.ar\/index.php\/wp-json\/wp\/v2\/posts\/3976"}],"collection":[{"href":"https:\/\/infotep.com.ar\/index.php\/wp-json\/wp\/v2\/posts"}],"about":[{"href":"https:\/\/infotep.com.ar\/index.php\/wp-json\/wp\/v2\/types\/post"}],"author":[{"embeddable":true,"href":"https:\/\/infotep.com.ar\/index.php\/wp-json\/wp\/v2\/users\/5"}],"replies":[{"embeddable":true,"href":"https:\/\/infotep.com.ar\/index.php\/wp-json\/wp\/v2\/comments?post=3976"}],"version-history":[{"count":1,"href":"https:\/\/infotep.com.ar\/index.php\/wp-json\/wp\/v2\/posts\/3976\/revisions"}],"predecessor-version":[{"id":3978,"href":"https:\/\/infotep.com.ar\/index.php\/wp-json\/wp\/v2\/posts\/3976\/revisions\/3978"}],"wp:featuredmedia":[{"embeddable":true,"href":"https:\/\/infotep.com.ar\/index.php\/wp-json\/wp\/v2\/media\/3977"}],"wp:attachment":[{"href":"https:\/\/infotep.com.ar\/index.php\/wp-json\/wp\/v2\/media?parent=3976"}],"wp:term":[{"taxonomy":"category","embeddable":true,"href":"https:\/\/infotep.com.ar\/index.php\/wp-json\/wp\/v2\/categories?post=3976"},{"taxonomy":"post_tag","embeddable":true,"href":"https:\/\/infotep.com.ar\/index.php\/wp-json\/wp\/v2\/tags?post=3976"}],"curies":[{"name":"wp","href":"https:\/\/api.w.org\/{rel}","templated":true}]}}