{"id":4006,"date":"2023-03-14T01:00:00","date_gmt":"2023-03-14T04:00:00","guid":{"rendered":"https:\/\/infotep.com.ar\/?p=4006"},"modified":"2023-03-13T20:45:57","modified_gmt":"2023-03-13T23:45:57","slug":"diputados-proponen-que-la-sede-del-ministerio-de-seguridad-se-mude-a-rosario","status":"publish","type":"post","link":"https:\/\/infotep.com.ar\/index.php\/2023\/03\/14\/diputados-proponen-que-la-sede-del-ministerio-de-seguridad-se-mude-a-rosario\/","title":{"rendered":"Diputados: proponen que la sede del Ministerio de Seguridad se mude a Rosario"},"content":{"rendered":"\n<p>El diputado nacional del Frente de Todos por la provincia de Santa Fe Roberto Mirabella present\u00f3 un proyecto para mudar la sede central del Ministerio de Seguridad de la Naci\u00f3n a la ciudad de Rosario.<\/p>\n\n\n\n<p>La propuesta se ampara en la Ley N\u00b025.589 de Capitales Alternas sancionada en 2020 que habilita al Gobierno nacional a trasladar la sede de cualquier organismo federal a las provincias, con el objetivo de generar mayor cercan\u00eda en la gesti\u00f3n de acuerdo a las necesidades y potencialidades de cada territorio.<\/p>\n\n\n\n<p>Esta iniciativa es id\u00e9ntica a la que Horacio Rodr\u00edguez Larreta, le comunic\u00f3 d\u00edas atr\u00e1s al intendente de Rosario, Pablo Javkin, en el marco de una visita a la ciudad rosarina para interiorizarse in situ del drama que est\u00e1 atravesando por la violencia narco. El precandidato presidencial se comprometi\u00f3 a hacer realidad esta promesa si los argentinos lo eligen en las pr\u00f3ximas elecciones.<\/p>\n\n\n\n<p>&#8220;La situaci\u00f3n l\u00edmite en la que se encuentra Rosario y su \u00e1rea metropolitana es conocida por todos. Es una ciudad presa de balaceras y cr\u00edmenes cometidos por bandas mafiosas ligadas al narcotr\u00e1fico&#8221;, advirti\u00f3 Mirabella en declaraciones a medios locales.<\/p>\n\n\n\n<p>&#8220;Necesitamos conducci\u00f3n nacional porque son delitos federales cometidos por narco criminales con un alto nivel de violencia urbana&#8221;, justific\u00f3 el santafesino sobre la necesidad de que el Congreso acompa\u00f1e su proyecto para trasladar la sede del Ministerio de Seguridad de la Naci\u00f3n.<\/p>\n\n\n\n<p>Seg\u00fan precis\u00f3, &#8220;Rosario triplica los homicidios del pa\u00eds, con 22 muertos cada 100.000 habitantes&#8221;, y agreg\u00f3 que &#8220;alrededor del 75% de los homicidios tienen que ver con disputas del narcotr\u00e1fico y el crimen organizado, mientras que en los Tribunales Federales de Santa Fe tenemos el 20% de las causas de droga de todo el pa\u00eds&#8221;.<\/p>\n\n\n\n<p>El oficialista, del ri\u00f1\u00f3n del gobernador Omar Perotti, alert\u00f3 que en el \u00faltimo tiempo, &#8220;asistimos a situaciones in\u00e9ditas que no son aisladas&#8221;, como por ejemplo &#8220;balaceras a canales de televisi\u00f3n y a comisar\u00edas, amenazas a periodistas, mensajes mafiosos a trav\u00e9s de v\u00edctimas inocentes elegidas al azar, ataques amedrentadores a edificios p\u00fablicos&#8221;.<\/p>\n\n\n\n<p>&#8220;En ning\u00fan lugar de la Rep\u00fablica Argentina sucede una situaci\u00f3n similar&#8221;, compar\u00f3, y consider\u00f3 que &#8220;estas acciones est\u00e1n orientadas a generar terror en la poblaci\u00f3n, siendo parte del modus operandi que tienen estas bandas en la ciudad de Rosario y sus alrededores y que exceden a una administraci\u00f3n local o provincial por la complejidad del delito y de las organizaciones de las que se trata&#8221;.<\/p>\n\n\n\n<p>Al respecto, Mirabella se\u00f1al\u00f3 que se necesita &#8220;m\u00e1s presencia en la conducci\u00f3n de la persecuci\u00f3n criminal por parte del Gobierno federal en la ciudad de Rosario y alrededores&#8221;. &#8220;El Gobierno nacional no puede desconocer lo que pasa en su territorio. Si la situaci\u00f3n no es controlada, estos delitos pueden expandirse a otras zonas del pa\u00eds&#8221;, advirti\u00f3.<\/p>\n\n\n\n<p>&#8220;Pedimos una acci\u00f3n decidida de las fuerzas federales y del Ministerio de Seguridad de la Naci\u00f3n para combatir a estas bandas criminales ligadas al narcotr\u00e1fico que siembran d\u00eda a d\u00eda el terror en nuestra provincia&#8221;, finaliz\u00f3.<\/p>\n","protected":false},"excerpt":{"rendered":"<p>El diputado nacional del Frente de Todos por la provincia de Santa Fe Roberto Mirabella present&oacute; un proyecto para mudar la sede central del Ministerio de Seguridad de la Naci&oacute;n a la ciudad de Rosario. La propuesta se ampara en la Ley N&deg;25.589 de Capitales Alternas sancionada en 2020 que habilita al Gobierno nacional a &hellip; <\/p>\n","protected":false},"author":5,"featured_media":1519,"comment_status":"closed","ping_status":"closed","sticky":false,"template":"","format":"standard","meta":{"om_disable_all_campaigns":false,"_joinchat":[]},"categories":[3],"tags":[46,43],"featured_image_urls":{"full":["https:\/\/infotep.com.ar\/wp-content\/uploads\/2022\/10\/diputados.jpg",1200,800,false],"thumbnail":["https:\/\/infotep.com.ar\/wp-content\/uploads\/2022\/10\/diputados-150x150.jpg",150,150,true],"medium":["https:\/\/infotep.com.ar\/wp-content\/uploads\/2022\/10\/diputados-300x200.jpg",300,200,true],"medium_large":["https:\/\/infotep.com.ar\/wp-content\/uploads\/2022\/10\/diputados-768x512.jpg",768,512,true],"large":["https:\/\/infotep.com.ar\/wp-content\/uploads\/2022\/10\/diputados-1024x683.jpg",1020,680,true],"1536x1536":["https:\/\/infotep.com.ar\/wp-content\/uploads\/2022\/10\/diputados.jpg",1200,800,false],"2048x2048":["https:\/\/infotep.com.ar\/wp-content\/uploads\/2022\/10\/diputados.jpg",1200,800,false],"blossom-feminine-slider":["https:\/\/infotep.com.ar\/wp-content\/uploads\/2022\/10\/diputados-1200x649.jpg",1200,649,true],"blossom-feminine-featured":["https:\/\/infotep.com.ar\/wp-content\/uploads\/2022\/10\/diputados-1200x600.jpg",1200,600,true],"blossom-feminine-with-sidebar":["https:\/\/infotep.com.ar\/wp-content\/uploads\/2022\/10\/diputados-1020x600.jpg",1020,600,true],"blossom-feminine-blog":["https:\/\/infotep.com.ar\/wp-content\/uploads\/2022\/10\/diputados-435x435.jpg",435,435,true],"blossom-feminine-cat":["https:\/\/infotep.com.ar\/wp-content\/uploads\/2022\/10\/diputados-450x300.jpg",450,300,true],"blossom-feminine-related":["https:\/\/infotep.com.ar\/wp-content\/uploads\/2022\/10\/diputados-320x200.jpg",320,200,true],"blossom-feminine-schema":["https:\/\/infotep.com.ar\/wp-content\/uploads\/2022\/10\/diputados-90x60.jpg",90,60,true],"blossom-mommy-blog-slider-big":["https:\/\/infotep.com.ar\/wp-content\/uploads\/2022\/10\/diputados-920x650.jpg",920,650,true],"blossom-mommy-blog-slider":["https:\/\/infotep.com.ar\/wp-content\/uploads\/2022\/10\/diputados-460x310.jpg",460,310,true],"blossom-mommy-blog-two":["https:\/\/infotep.com.ar\/wp-content\/uploads\/2022\/10\/diputados-768x480.jpg",768,480,true]},"author_info":{"info":["Angela Tobar"]},"category_info":"<a href=\"https:\/\/infotep.com.ar\/index.php\/category\/nacionales\/\" rel=\"category tag\">Nacionales<\/a>","tag_info":"Nacionales","comment_count":"0","_links":{"self":[{"href":"https:\/\/infotep.com.ar\/index.php\/wp-json\/wp\/v2\/posts\/4006"}],"collection":[{"href":"https:\/\/infotep.com.ar\/index.php\/wp-json\/wp\/v2\/posts"}],"about":[{"href":"https:\/\/infotep.com.ar\/index.php\/wp-json\/wp\/v2\/types\/post"}],"author":[{"embeddable":true,"href":"https:\/\/infotep.com.ar\/index.php\/wp-json\/wp\/v2\/users\/5"}],"replies":[{"embeddable":true,"href":"https:\/\/infotep.com.ar\/index.php\/wp-json\/wp\/v2\/comments?post=4006"}],"version-history":[{"count":1,"href":"https:\/\/infotep.com.ar\/index.php\/wp-json\/wp\/v2\/posts\/4006\/revisions"}],"predecessor-version":[{"id":4007,"href":"https:\/\/infotep.com.ar\/index.php\/wp-json\/wp\/v2\/posts\/4006\/revisions\/4007"}],"wp:featuredmedia":[{"embeddable":true,"href":"https:\/\/infotep.com.ar\/index.php\/wp-json\/wp\/v2\/media\/1519"}],"wp:attachment":[{"href":"https:\/\/infotep.com.ar\/index.php\/wp-json\/wp\/v2\/media?parent=4006"}],"wp:term":[{"taxonomy":"category","embeddable":true,"href":"https:\/\/infotep.com.ar\/index.php\/wp-json\/wp\/v2\/categories?post=4006"},{"taxonomy":"post_tag","embeddable":true,"href":"https:\/\/infotep.com.ar\/index.php\/wp-json\/wp\/v2\/tags?post=4006"}],"curies":[{"name":"wp","href":"https:\/\/api.w.org\/{rel}","templated":true}]}}