{"id":4041,"date":"2023-03-15T14:50:12","date_gmt":"2023-03-15T17:50:12","guid":{"rendered":"https:\/\/infotep.com.ar\/?p=4041"},"modified":"2023-03-17T08:59:20","modified_gmt":"2023-03-17T11:59:20","slug":"abrio-la-inscripcion-para-la-prueba-atletica-por-la-memoria-la-verdad-y-la-justicia","status":"publish","type":"post","link":"https:\/\/infotep.com.ar\/index.php\/2023\/03\/15\/abrio-la-inscripcion-para-la-prueba-atletica-por-la-memoria-la-verdad-y-la-justicia\/","title":{"rendered":"Abri\u00f3 la inscripci\u00f3n para la Prueba Atl\u00e9tica por la Memoria, la Verdad y la Justicia"},"content":{"rendered":"\n<p>El Municipio de Mor\u00f3n organiza la tradicional carrera del 24 de marzo, desde el Predio Quinta Ser\u00e9 \u2014 Polideportivo Gorki Grana. Adem\u00e1s, el s\u00e1bado 25 habr\u00e1 actividades culturales conmemorativas.<\/p>\n\n\n\n<p>En el marco del D\u00eda Nacional de la Memoria, a 47 a\u00f1os del \u00faltimo golpe de Estado c\u00edvico militar, el Municipio de Mor\u00f3n llevar\u00e1 adelante una nueva edici\u00f3n de la tradicional Prueba Atl\u00e9tica por la Memoria. La carrera se realizar\u00e1 el 24 de marzo y tendr\u00e1 como punto de partida el Predio Quinta Ser\u00e9.<\/p>\n\n\n\n<p>La convocatoria est\u00e1 organizada de acuerdo a distintas categor\u00edas: 10K competitiva de 18 a 69 a\u00f1os, 5K competitiva para mayores de 70 a\u00f1os y 5K participativa. Tambi\u00e9n habr\u00e1 una opci\u00f3n para las y los ni\u00f1os.<\/p>\n\n\n\n<p>La Prueba Atl\u00e9tica contar\u00e1 con premiaciones para el 1er, 2do y 3er puesto en categor\u00edas generales, con discapacidad motora y no vidente.<\/p>\n\n\n\n<p>La inscripci\u00f3n es gratuita y ya se encuentra hasta el mi\u00e9rcoles 22 a las 12pm o hasta agotar cupo, a trav\u00e9s del siguiente link:<a href=\"https:\/\/onlinerun.com.ar\/carreraporlamemoria\" target=\"_blank\" rel=\"noreferrer noopener\"> https:\/\/onlinerun.com.ar\/carreraporlamemoria<\/a><\/p>\n\n\n\n<p><strong>A las primeras 2500 personas inscriptas se les entregar\u00e1 un kit que incluye la remera con identificaci\u00f3n de la carrera, que deber\u00e1n retirar el jueves 23 de 8hs a 20hs en la Direcci\u00f3n de Deporte y Recreaci\u00f3n, en el Polideportivo Gorki Grana (Santa Mar\u00eda de Oro 3530).<\/strong><\/p>\n\n\n\n<p>Por otra parte, en el mismo predio el s\u00e1bado 25 desde las 15hs se organizar\u00e1n diversas actividades culturales y conmemorativas a la fecha que incluyen shows en vivo de la mano de grandes artistas.<\/p>\n\n\n\n<p>En el hoy Predio Quinta Ser\u00e9 funcion\u00f3 durante la \u00faltima dictadura c\u00edvico militar un Centro Clandestino de Detenci\u00f3n y Exterminio. En el a\u00f1o 2000 por decisi\u00f3n del entonces intendente municipal Mart\u00edn Sabbatella, junto con la Asociaci\u00f3n Ser\u00e9 por la Memoria y la Vida, fue resignificado e inaugurado como Casa de la Memoria y la Vida, sede de la Direcci\u00f3n de Derechos Humanos de Mor\u00f3n. En 2015, el Predio Quinta Ser\u00e9 fue declarado Lugar Hist\u00f3rico Nacional.<\/p>\n","protected":false},"excerpt":{"rendered":"<p>El Municipio de Mor&oacute;n organiza la tradicional carrera del 24 de marzo, desde el Predio Quinta Ser&eacute; &mdash; Polideportivo Gorki Grana. Adem&aacute;s, el s&aacute;bado 25 habr&aacute; actividades culturales conmemorativas. En el marco del D&iacute;a Nacional de la Memoria, a 47 a&ntilde;os del &uacute;ltimo golpe de Estado c&iacute;vico militar, el Municipio de Mor&oacute;n llevar&aacute; adelante una &hellip; <\/p>\n","protected":false},"author":5,"featured_media":4042,"comment_status":"closed","ping_status":"closed","sticky":false,"template":"","format":"standard","meta":{"om_disable_all_campaigns":false,"_joinchat":[]},"categories":[9],"tags":[46,53,43],"featured_image_urls":{"full":["https:\/\/infotep.com.ar\/wp-content\/uploads\/2023\/03\/memoria-verdad.webp",1200,800,false],"thumbnail":["https:\/\/infotep.com.ar\/wp-content\/uploads\/2023\/03\/memoria-verdad-150x150.webp",150,150,true],"medium":["https:\/\/infotep.com.ar\/wp-content\/uploads\/2023\/03\/memoria-verdad-300x200.webp",300,200,true],"medium_large":["https:\/\/infotep.com.ar\/wp-content\/uploads\/2023\/03\/memoria-verdad-768x512.webp",768,512,true],"large":["https:\/\/infotep.com.ar\/wp-content\/uploads\/2023\/03\/memoria-verdad-1024x683.webp",1020,680,true],"1536x1536":["https:\/\/infotep.com.ar\/wp-content\/uploads\/2023\/03\/memoria-verdad.webp",1200,800,false],"2048x2048":["https:\/\/infotep.com.ar\/wp-content\/uploads\/2023\/03\/memoria-verdad.webp",1200,800,false],"blossom-feminine-slider":["https:\/\/infotep.com.ar\/wp-content\/uploads\/2023\/03\/memoria-verdad-1200x649.webp",1200,649,true],"blossom-feminine-featured":["https:\/\/infotep.com.ar\/wp-content\/uploads\/2023\/03\/memoria-verdad-1200x600.webp",1200,600,true],"blossom-feminine-with-sidebar":["https:\/\/infotep.com.ar\/wp-content\/uploads\/2023\/03\/memoria-verdad-1020x600.webp",1020,600,true],"blossom-feminine-blog":["https:\/\/infotep.com.ar\/wp-content\/uploads\/2023\/03\/memoria-verdad-435x435.webp",435,435,true],"blossom-feminine-cat":["https:\/\/infotep.com.ar\/wp-content\/uploads\/2023\/03\/memoria-verdad-450x300.webp",450,300,true],"blossom-feminine-related":["https:\/\/infotep.com.ar\/wp-content\/uploads\/2023\/03\/memoria-verdad-320x200.webp",320,200,true],"blossom-feminine-schema":["https:\/\/infotep.com.ar\/wp-content\/uploads\/2023\/03\/memoria-verdad-90x60.webp",90,60,true],"blossom-mommy-blog-slider-big":["https:\/\/infotep.com.ar\/wp-content\/uploads\/2023\/03\/memoria-verdad-920x650.webp",920,650,true],"blossom-mommy-blog-slider":["https:\/\/infotep.com.ar\/wp-content\/uploads\/2023\/03\/memoria-verdad-460x310.webp",460,310,true],"blossom-mommy-blog-two":["https:\/\/infotep.com.ar\/wp-content\/uploads\/2023\/03\/memoria-verdad-768x480.webp",768,480,true]},"author_info":{"info":["Angela Tobar"]},"category_info":"<a href=\"https:\/\/infotep.com.ar\/index.php\/category\/municipales\/moron\/\" rel=\"category tag\">Mor\u00f3n<\/a>","tag_info":"Mor\u00f3n","comment_count":"0","_links":{"self":[{"href":"https:\/\/infotep.com.ar\/index.php\/wp-json\/wp\/v2\/posts\/4041"}],"collection":[{"href":"https:\/\/infotep.com.ar\/index.php\/wp-json\/wp\/v2\/posts"}],"about":[{"href":"https:\/\/infotep.com.ar\/index.php\/wp-json\/wp\/v2\/types\/post"}],"author":[{"embeddable":true,"href":"https:\/\/infotep.com.ar\/index.php\/wp-json\/wp\/v2\/users\/5"}],"replies":[{"embeddable":true,"href":"https:\/\/infotep.com.ar\/index.php\/wp-json\/wp\/v2\/comments?post=4041"}],"version-history":[{"count":1,"href":"https:\/\/infotep.com.ar\/index.php\/wp-json\/wp\/v2\/posts\/4041\/revisions"}],"predecessor-version":[{"id":4043,"href":"https:\/\/infotep.com.ar\/index.php\/wp-json\/wp\/v2\/posts\/4041\/revisions\/4043"}],"wp:featuredmedia":[{"embeddable":true,"href":"https:\/\/infotep.com.ar\/index.php\/wp-json\/wp\/v2\/media\/4042"}],"wp:attachment":[{"href":"https:\/\/infotep.com.ar\/index.php\/wp-json\/wp\/v2\/media?parent=4041"}],"wp:term":[{"taxonomy":"category","embeddable":true,"href":"https:\/\/infotep.com.ar\/index.php\/wp-json\/wp\/v2\/categories?post=4041"},{"taxonomy":"post_tag","embeddable":true,"href":"https:\/\/infotep.com.ar\/index.php\/wp-json\/wp\/v2\/tags?post=4041"}],"curies":[{"name":"wp","href":"https:\/\/api.w.org\/{rel}","templated":true}]}}