{"id":4061,"date":"2023-03-16T15:16:42","date_gmt":"2023-03-16T18:16:42","guid":{"rendered":"https:\/\/infotep.com.ar\/?p=4061"},"modified":"2023-03-17T09:03:48","modified_gmt":"2023-03-17T12:03:48","slug":"la-matanza-aumento-la-presencia-de-gendarmeria-nacional","status":"publish","type":"post","link":"https:\/\/infotep.com.ar\/index.php\/2023\/03\/16\/la-matanza-aumento-la-presencia-de-gendarmeria-nacional\/","title":{"rendered":"La Matanza aument\u00f3 la presencia de Gendarmer\u00eda Nacional"},"content":{"rendered":"\n<p>A la recuperaci\u00f3n de los operativos de las fuerzas de Gendarmer\u00eda en el distrito, luego de que el gobierno anterior los eliminara, se suma el anuncio del intendente Fernando Espinoza sobre la construcci\u00f3n de una base que permitir\u00e1 la llegada de 1000 nuevos gendarmes a La Matanza.<\/p>\n\n\n\n<p>Con el objetivo de colaborar para aumentar la prevenci\u00f3n en materia de seguridad, el Gobierno local inform\u00f3 que el intendente Fernando Espinoza realiz\u00f3 las &#8220;gestiones pertinentes para recuperar la presencia de la Gendarmer\u00eda Nacional en el distrito&#8221;, cabe recordar que el gobierno de Mauricio Macri retir\u00f3 a las fuerzas de gendarmer\u00eda de las calles de La Matanza.<\/p>\n\n\n\n<figure class=\"wp-block-image size-full\"><img decoding=\"async\" loading=\"lazy\" width=\"749\" height=\"500\" src=\"https:\/\/infotep.com.ar\/wp-content\/uploads\/2023\/03\/GENDARMERIA-NAC-LA-MATANZA-4.jpg\" alt=\"\" class=\"wp-image-4063\" srcset=\"https:\/\/infotep.com.ar\/wp-content\/uploads\/2023\/03\/GENDARMERIA-NAC-LA-MATANZA-4.jpg 749w, https:\/\/infotep.com.ar\/wp-content\/uploads\/2023\/03\/GENDARMERIA-NAC-LA-MATANZA-4-300x200.jpg 300w, https:\/\/infotep.com.ar\/wp-content\/uploads\/2023\/03\/GENDARMERIA-NAC-LA-MATANZA-4-450x300.jpg 450w, https:\/\/infotep.com.ar\/wp-content\/uploads\/2023\/03\/GENDARMERIA-NAC-LA-MATANZA-4-90x60.jpg 90w\" sizes=\"(max-width: 749px) 100vw, 749px\" \/><\/figure>\n\n\n\n<p><strong>Actualmente, se llevan adelante distintos operativos de Gendarmer\u00eda Nacional en horarios estrat\u00e9gicos y en zonas claves de todas las localidades del distrito, para poder llegar a cada uno de los barrios.<\/strong><\/p>\n\n\n\n<p>Adem\u00e1s, durante la Apertura de Sesiones del Honorable Concejo Deliberante, el intendente Fernando Espinoza anunci\u00f3 qu<strong>e en los pr\u00f3ximos 30 d\u00edas se firmar\u00e1 la licitaci\u00f3n para la construcci\u00f3n de una Base de Gendarmer\u00eda Nacional en el distrito, con la llegada de 1000 nuevos gendarmes.<\/strong><\/p>\n\n\n\n<p class=\"has-light-green-cyan-background-color has-background\">La nueva base estar\u00e1 ubicada en Ciudad Evita y desde all\u00ed, las fuerzas nacionales coordinar\u00e1n las tareas de prevenci\u00f3n y protecci\u00f3n hacia nuestras vecinas y vecinos.<\/p>\n\n\n\n<p>Esto seg\u00fan se inform\u00f3 &#8220;se suma a la mega inversi\u00f3n en Protecci\u00f3n Ciudadana, que realiza el Gobierno local desde el inicio de la gesti\u00f3n, en infraestructura de \u00faltima tecnolog\u00eda que incluye la colocaci\u00f3n de c\u00e1maras de vigilancia, alarmas vecinales, t\u00f3tems de emergencia, torres de vigilancia en puntos estrat\u00e9gicos, paradas seguras, lectoras de patentes y luces led en las calles, entre otras medidas&#8221;.<\/p>\n","protected":false},"excerpt":{"rendered":"<p>A la recuperaci&oacute;n de los operativos de las fuerzas de Gendarmer&iacute;a en el distrito, luego de que el gobierno anterior los eliminara, se suma el anuncio del intendente Fernando Espinoza sobre la construcci&oacute;n de una base que permitir&aacute; la llegada de 1000 nuevos gendarmes a La Matanza. Con el objetivo de colaborar para aumentar la &hellip; <\/p>\n","protected":false},"author":5,"featured_media":4065,"comment_status":"closed","ping_status":"closed","sticky":false,"template":"","format":"standard","meta":{"om_disable_all_campaigns":false,"_joinchat":[]},"categories":[26],"tags":[46,59,43],"featured_image_urls":{"full":["https:\/\/infotep.com.ar\/wp-content\/uploads\/2023\/03\/GENDARMERIA-NAC-LA-MATANZA-1.jpg",749,500,false],"thumbnail":["https:\/\/infotep.com.ar\/wp-content\/uploads\/2023\/03\/GENDARMERIA-NAC-LA-MATANZA-1-150x150.jpg",150,150,true],"medium":["https:\/\/infotep.com.ar\/wp-content\/uploads\/2023\/03\/GENDARMERIA-NAC-LA-MATANZA-1-300x200.jpg",300,200,true],"medium_large":["https:\/\/infotep.com.ar\/wp-content\/uploads\/2023\/03\/GENDARMERIA-NAC-LA-MATANZA-1.jpg",749,500,false],"large":["https:\/\/infotep.com.ar\/wp-content\/uploads\/2023\/03\/GENDARMERIA-NAC-LA-MATANZA-1.jpg",749,500,false],"1536x1536":["https:\/\/infotep.com.ar\/wp-content\/uploads\/2023\/03\/GENDARMERIA-NAC-LA-MATANZA-1.jpg",749,500,false],"2048x2048":["https:\/\/infotep.com.ar\/wp-content\/uploads\/2023\/03\/GENDARMERIA-NAC-LA-MATANZA-1.jpg",749,500,false],"blossom-feminine-slider":["https:\/\/infotep.com.ar\/wp-content\/uploads\/2023\/03\/GENDARMERIA-NAC-LA-MATANZA-1.jpg",749,500,false],"blossom-feminine-featured":["https:\/\/infotep.com.ar\/wp-content\/uploads\/2023\/03\/GENDARMERIA-NAC-LA-MATANZA-1.jpg",749,500,false],"blossom-feminine-with-sidebar":["https:\/\/infotep.com.ar\/wp-content\/uploads\/2023\/03\/GENDARMERIA-NAC-LA-MATANZA-1.jpg",749,500,false],"blossom-feminine-blog":["https:\/\/infotep.com.ar\/wp-content\/uploads\/2023\/03\/GENDARMERIA-NAC-LA-MATANZA-1-435x435.jpg",435,435,true],"blossom-feminine-cat":["https:\/\/infotep.com.ar\/wp-content\/uploads\/2023\/03\/GENDARMERIA-NAC-LA-MATANZA-1-450x300.jpg",450,300,true],"blossom-feminine-related":["https:\/\/infotep.com.ar\/wp-content\/uploads\/2023\/03\/GENDARMERIA-NAC-LA-MATANZA-1-320x200.jpg",320,200,true],"blossom-feminine-schema":["https:\/\/infotep.com.ar\/wp-content\/uploads\/2023\/03\/GENDARMERIA-NAC-LA-MATANZA-1-90x60.jpg",90,60,true],"blossom-mommy-blog-slider-big":["https:\/\/infotep.com.ar\/wp-content\/uploads\/2023\/03\/GENDARMERIA-NAC-LA-MATANZA-1.jpg",749,500,false],"blossom-mommy-blog-slider":["https:\/\/infotep.com.ar\/wp-content\/uploads\/2023\/03\/GENDARMERIA-NAC-LA-MATANZA-1-460x310.jpg",460,310,true],"blossom-mommy-blog-two":["https:\/\/infotep.com.ar\/wp-content\/uploads\/2023\/03\/GENDARMERIA-NAC-LA-MATANZA-1-749x480.jpg",749,480,true]},"author_info":{"info":["Angela Tobar"]},"category_info":"<a href=\"https:\/\/infotep.com.ar\/index.php\/category\/municipales\/la-matanza\/\" rel=\"category tag\">La Matanza<\/a>","tag_info":"La Matanza","comment_count":"0","_links":{"self":[{"href":"https:\/\/infotep.com.ar\/index.php\/wp-json\/wp\/v2\/posts\/4061"}],"collection":[{"href":"https:\/\/infotep.com.ar\/index.php\/wp-json\/wp\/v2\/posts"}],"about":[{"href":"https:\/\/infotep.com.ar\/index.php\/wp-json\/wp\/v2\/types\/post"}],"author":[{"embeddable":true,"href":"https:\/\/infotep.com.ar\/index.php\/wp-json\/wp\/v2\/users\/5"}],"replies":[{"embeddable":true,"href":"https:\/\/infotep.com.ar\/index.php\/wp-json\/wp\/v2\/comments?post=4061"}],"version-history":[{"count":1,"href":"https:\/\/infotep.com.ar\/index.php\/wp-json\/wp\/v2\/posts\/4061\/revisions"}],"predecessor-version":[{"id":4066,"href":"https:\/\/infotep.com.ar\/index.php\/wp-json\/wp\/v2\/posts\/4061\/revisions\/4066"}],"wp:featuredmedia":[{"embeddable":true,"href":"https:\/\/infotep.com.ar\/index.php\/wp-json\/wp\/v2\/media\/4065"}],"wp:attachment":[{"href":"https:\/\/infotep.com.ar\/index.php\/wp-json\/wp\/v2\/media?parent=4061"}],"wp:term":[{"taxonomy":"category","embeddable":true,"href":"https:\/\/infotep.com.ar\/index.php\/wp-json\/wp\/v2\/categories?post=4061"},{"taxonomy":"post_tag","embeddable":true,"href":"https:\/\/infotep.com.ar\/index.php\/wp-json\/wp\/v2\/tags?post=4061"}],"curies":[{"name":"wp","href":"https:\/\/api.w.org\/{rel}","templated":true}]}}