{"id":4163,"date":"2023-03-22T01:37:00","date_gmt":"2023-03-22T04:37:00","guid":{"rendered":"https:\/\/infotep.com.ar\/?p=4163"},"modified":"2023-03-22T22:07:59","modified_gmt":"2023-03-23T01:07:59","slug":"la-matanza-entrega-microcreditos-para-fortalecer-el-desarrollo-de-economias-sociales-y-solidarias-en-el-distrito","status":"publish","type":"post","link":"https:\/\/infotep.com.ar\/index.php\/2023\/03\/22\/la-matanza-entrega-microcreditos-para-fortalecer-el-desarrollo-de-economias-sociales-y-solidarias-en-el-distrito\/","title":{"rendered":"La Matanza entrega Microcr\u00e9ditos para fortalecer el desarrollo de econom\u00edas sociales y solidarias en el distrito"},"content":{"rendered":"\n<p>En esta oportunidad, la Cooperativa de Trabajo \u201cLa Uni\u00f3n\u201d fue la beneficiaria del cr\u00e9dito de 400 mil pesos, perteneciente al Fondo Municipal de Microcr\u00e9ditos, que otorga el Municipio de La Matanza, a trav\u00e9s de la Secretar\u00eda de Econom\u00eda Social y Solidaria.<\/p>\n\n\n\n<p>La entrega fue efectuada en la sede de la Cooperativa \u201cLa Uni\u00f3n\u201d, que forma parte de la mesa de cooperativas de reciclado del distrito, y cont\u00f3 con la presencia del secretario de Econom\u00eda Social y Solidaria, Alberto Gandulfo, y la diputada nacional Brenda Vargas Matyi; quienes adem\u00e1s recorrieron<br>las instalaciones junto al presidente de la Cooperativa, Marcelo Vargas.<br><br>Durante la visita, Alberto Gandulfo se dirigi\u00f3 a las trabajadoras y los trabajadores para realzar el objetivo del Gobierno local al desarrollar estas pol\u00edticas de acompa\u00f1amiento y fortalecimiento: \u201cQueremos potenciar el trabajo que ustedes realizan desde ac\u00e1, y de esta manera robustecer su importante tarea; porque es as\u00ed como entre todos podremos mejorar la vida de nuestros trabajadores y el desarrollo de nuestro distrito\u201d, dijo Alberto Gandulfo.<br><br>Por su parte, la diputada Brenda Vargas Matyi, se\u00f1al\u00f3: \u201cUstedes son un ejemplo de trabajo y de compromiso, pero adem\u00e1s brindan un aporte esencial a la tarea social de cuidar el ambiente. Eso es algo que desde las juventudes valoramos a\u00fan m\u00e1s porque estamos convencidos que es una batalla que tenemos que dar, y en ese sentido tambi\u00e9n estamos ac\u00e1 para reconocer ese importante rol de nuestros cooperativistas\u201d.<br><br>\u201cLa Uni\u00f3n\u201d est\u00e1 compuesta por m\u00e1s de 100 trabajadores asociados y se encuentra emplazada desde 2019 en Virrey del Pino, Km. 38 de Ruta 3, donde realizan la tarea de promoci\u00f3n, recolecci\u00f3n y posterior reciclado de los residuos s\u00f3lidos urbanos.<br><br>El Fondo Municipal de Microcr\u00e9ditos est\u00e1 destinado a brindar asistencia y financiamiento para la adquisici\u00f3n de capital de trabajo a cooperativas y emprendedores, y as\u00ed fortalecer sus unidades productivas. Adem\u00e1s, cuenta con capacitaci\u00f3n y asistencia t\u00e9cnica con el objetivo de acompa\u00f1arlos en el crecimiento de los vol\u00famenes de producci\u00f3n, comercializaci\u00f3n y sustentabilidad. De esta manera, el Gobierno local busca fortalecer el desarrollo local a partir del apoyo y promoci\u00f3n de las unidades<br>productivas, para ampliar y consolidar la econom\u00eda social y solidaria en La Matanza.<br><br>Estuvieron tambi\u00e9n presentes en la recorrida Facundo Rodano, representante de la Secretar\u00eda de la Producci\u00f3n; y Nicol\u00e1s Blanco, supervisor General de la Subsecretar\u00eda de Ambiente y Desarrollo<br>Sustentable.<\/p>\n","protected":false},"excerpt":{"rendered":"<p>En esta oportunidad, la Cooperativa de Trabajo &ldquo;La Uni&oacute;n&rdquo; fue la beneficiaria del cr&eacute;dito de 400 mil pesos, perteneciente al Fondo Municipal de Microcr&eacute;ditos, que otorga el Municipio de La Matanza, a trav&eacute;s de la Secretar&iacute;a de Econom&iacute;a Social y Solidaria. La entrega fue efectuada en la sede de la Cooperativa &ldquo;La Uni&oacute;n&rdquo;, que forma &hellip; <\/p>\n","protected":false},"author":5,"featured_media":4164,"comment_status":"closed","ping_status":"closed","sticky":false,"template":"","format":"standard","meta":{"om_disable_all_campaigns":false,"_joinchat":[]},"categories":[26],"tags":[46,59,43],"featured_image_urls":{"full":["https:\/\/infotep.com.ar\/wp-content\/uploads\/2023\/03\/Continua-la-entrega-de-Microcreditos-para-fortalecer-el-desarrollo-de-economias-sociales-y-solidarias-en-el-distrito-3.jpeg",1600,1066,false],"thumbnail":["https:\/\/infotep.com.ar\/wp-content\/uploads\/2023\/03\/Continua-la-entrega-de-Microcreditos-para-fortalecer-el-desarrollo-de-economias-sociales-y-solidarias-en-el-distrito-3-150x150.jpeg",150,150,true],"medium":["https:\/\/infotep.com.ar\/wp-content\/uploads\/2023\/03\/Continua-la-entrega-de-Microcreditos-para-fortalecer-el-desarrollo-de-economias-sociales-y-solidarias-en-el-distrito-3-300x200.jpeg",300,200,true],"medium_large":["https:\/\/infotep.com.ar\/wp-content\/uploads\/2023\/03\/Continua-la-entrega-de-Microcreditos-para-fortalecer-el-desarrollo-de-economias-sociales-y-solidarias-en-el-distrito-3-768x512.jpeg",768,512,true],"large":["https:\/\/infotep.com.ar\/wp-content\/uploads\/2023\/03\/Continua-la-entrega-de-Microcreditos-para-fortalecer-el-desarrollo-de-economias-sociales-y-solidarias-en-el-distrito-3-1024x682.jpeg",1020,679,true],"1536x1536":["https:\/\/infotep.com.ar\/wp-content\/uploads\/2023\/03\/Continua-la-entrega-de-Microcreditos-para-fortalecer-el-desarrollo-de-economias-sociales-y-solidarias-en-el-distrito-3-1536x1023.jpeg",1536,1023,true],"2048x2048":["https:\/\/infotep.com.ar\/wp-content\/uploads\/2023\/03\/Continua-la-entrega-de-Microcreditos-para-fortalecer-el-desarrollo-de-economias-sociales-y-solidarias-en-el-distrito-3.jpeg",1600,1066,false],"blossom-feminine-slider":["https:\/\/infotep.com.ar\/wp-content\/uploads\/2023\/03\/Continua-la-entrega-de-Microcreditos-para-fortalecer-el-desarrollo-de-economias-sociales-y-solidarias-en-el-distrito-3-1600x649.jpeg",1600,649,true],"blossom-feminine-featured":["https:\/\/infotep.com.ar\/wp-content\/uploads\/2023\/03\/Continua-la-entrega-de-Microcreditos-para-fortalecer-el-desarrollo-de-economias-sociales-y-solidarias-en-el-distrito-3-1410x600.jpeg",1410,600,true],"blossom-feminine-with-sidebar":["https:\/\/infotep.com.ar\/wp-content\/uploads\/2023\/03\/Continua-la-entrega-de-Microcreditos-para-fortalecer-el-desarrollo-de-economias-sociales-y-solidarias-en-el-distrito-3-1020x600.jpeg",1020,600,true],"blossom-feminine-blog":["https:\/\/infotep.com.ar\/wp-content\/uploads\/2023\/03\/Continua-la-entrega-de-Microcreditos-para-fortalecer-el-desarrollo-de-economias-sociales-y-solidarias-en-el-distrito-3-435x435.jpeg",435,435,true],"blossom-feminine-cat":["https:\/\/infotep.com.ar\/wp-content\/uploads\/2023\/03\/Continua-la-entrega-de-Microcreditos-para-fortalecer-el-desarrollo-de-economias-sociales-y-solidarias-en-el-distrito-3-450x300.jpeg",450,300,true],"blossom-feminine-related":["https:\/\/infotep.com.ar\/wp-content\/uploads\/2023\/03\/Continua-la-entrega-de-Microcreditos-para-fortalecer-el-desarrollo-de-economias-sociales-y-solidarias-en-el-distrito-3-320x200.jpeg",320,200,true],"blossom-feminine-schema":["https:\/\/infotep.com.ar\/wp-content\/uploads\/2023\/03\/Continua-la-entrega-de-Microcreditos-para-fortalecer-el-desarrollo-de-economias-sociales-y-solidarias-en-el-distrito-3-90x60.jpeg",90,60,true],"blossom-mommy-blog-slider-big":["https:\/\/infotep.com.ar\/wp-content\/uploads\/2023\/03\/Continua-la-entrega-de-Microcreditos-para-fortalecer-el-desarrollo-de-economias-sociales-y-solidarias-en-el-distrito-3-920x650.jpeg",920,650,true],"blossom-mommy-blog-slider":["https:\/\/infotep.com.ar\/wp-content\/uploads\/2023\/03\/Continua-la-entrega-de-Microcreditos-para-fortalecer-el-desarrollo-de-economias-sociales-y-solidarias-en-el-distrito-3-460x310.jpeg",460,310,true],"blossom-mommy-blog-two":["https:\/\/infotep.com.ar\/wp-content\/uploads\/2023\/03\/Continua-la-entrega-de-Microcreditos-para-fortalecer-el-desarrollo-de-economias-sociales-y-solidarias-en-el-distrito-3-768x480.jpeg",768,480,true]},"author_info":{"info":["Angela Tobar"]},"category_info":"<a href=\"https:\/\/infotep.com.ar\/index.php\/category\/municipales\/la-matanza\/\" rel=\"category tag\">La Matanza<\/a>","tag_info":"La Matanza","comment_count":"0","_links":{"self":[{"href":"https:\/\/infotep.com.ar\/index.php\/wp-json\/wp\/v2\/posts\/4163"}],"collection":[{"href":"https:\/\/infotep.com.ar\/index.php\/wp-json\/wp\/v2\/posts"}],"about":[{"href":"https:\/\/infotep.com.ar\/index.php\/wp-json\/wp\/v2\/types\/post"}],"author":[{"embeddable":true,"href":"https:\/\/infotep.com.ar\/index.php\/wp-json\/wp\/v2\/users\/5"}],"replies":[{"embeddable":true,"href":"https:\/\/infotep.com.ar\/index.php\/wp-json\/wp\/v2\/comments?post=4163"}],"version-history":[{"count":1,"href":"https:\/\/infotep.com.ar\/index.php\/wp-json\/wp\/v2\/posts\/4163\/revisions"}],"predecessor-version":[{"id":4165,"href":"https:\/\/infotep.com.ar\/index.php\/wp-json\/wp\/v2\/posts\/4163\/revisions\/4165"}],"wp:featuredmedia":[{"embeddable":true,"href":"https:\/\/infotep.com.ar\/index.php\/wp-json\/wp\/v2\/media\/4164"}],"wp:attachment":[{"href":"https:\/\/infotep.com.ar\/index.php\/wp-json\/wp\/v2\/media?parent=4163"}],"wp:term":[{"taxonomy":"category","embeddable":true,"href":"https:\/\/infotep.com.ar\/index.php\/wp-json\/wp\/v2\/categories?post=4163"},{"taxonomy":"post_tag","embeddable":true,"href":"https:\/\/infotep.com.ar\/index.php\/wp-json\/wp\/v2\/tags?post=4163"}],"curies":[{"name":"wp","href":"https:\/\/api.w.org\/{rel}","templated":true}]}}