{"id":4172,"date":"2023-03-21T22:57:31","date_gmt":"2023-03-22T01:57:31","guid":{"rendered":"https:\/\/infotep.com.ar\/?p=4172"},"modified":"2023-03-23T08:23:02","modified_gmt":"2023-03-23T11:23:02","slug":"escuelas-primarias-de-moron-sumaran-mas-horas-de-clases","status":"publish","type":"post","link":"https:\/\/infotep.com.ar\/index.php\/2023\/03\/21\/escuelas-primarias-de-moron-sumaran-mas-horas-de-clases\/","title":{"rendered":"Escuelas primarias de Mor\u00f3n sumar\u00e1n m\u00e1s horas de clases"},"content":{"rendered":"\n<p>El intendente Lucas Ghi junto al ministro de Educaci\u00f3n de la Naci\u00f3n Jaime Perczyk y el director General de Cultura y Educaci\u00f3n bonaerense Alberto Sileoni, firmaron un convenio para sumar una hora m\u00e1s de clases en 16 establecimientos de jornada simple. Adem\u00e1s, otras 11 escuelas pasar\u00e1n ser de jornada completa.<\/p>\n\n\n\n<p>El intendente Lucas Ghi, el ministro de Educaci\u00f3n de la Naci\u00f3n, Jaime Perczyk, y el director General de Cultura y Educaci\u00f3n de la provincia de Buenos Aires, Alberto Sileoni, el intendente de Hurlingham, Juan Zabaleta, y la secretaria de Educaci\u00f3n nacional, Silvina Gvirtz, llevaron a cabo la firma de un convenio, para la implementaci\u00f3n del programa \u201cUna hora m\u00e1s\u201d que ampl\u00eda las horas de clases en las escuelas p\u00fablicas de gesti\u00f3n estatal.<\/p>\n\n\n\n<p>Con la implementaci\u00f3n de esta iniciativa, que busca reforzar los aprendizajes de lengua y matem\u00e1tica, al finalizar el ciclo lectivo primario, los y las estudiantes habr\u00e1n cursado 38 horas m\u00e1s de clases. La medida alcanzar\u00e1 a 11 que a partir de ahora ser\u00e1n de jornada completa y 16 instituciones de jornada simple que sumar\u00e1n una hora de clase.<\/p>\n\n\n\n<p>Ghi destac\u00f3 que \u201ces una iniciativa que nos gratifica porque redundar\u00e1 en m\u00e1s conocimiento, con un impacto que se ver\u00e1 en el corto y mediano plazo. Esto se logra con una decisi\u00f3n pol\u00edtica acompa\u00f1ada con presupuesto y con una vocaci\u00f3n transformadora que tiene, a su vez, una mirada estrat\u00e9gica y un profundo sentido de trascendencia\u201d.<\/p>\n\n\n\n<p>\u201cEn nombre de la comunidad de Mor\u00f3n no podemos menos que reconocerle este esfuerzo a la Provincia de Buenos Aires, a trav\u00e9s de su Director General de Escuelas, y al Estado Nacional por una decisi\u00f3n del Presidente, que es llevada adelante por el ministro de Educaci\u00f3n de la Naci\u00f3n, Jaime Perczyk\u201d, finaliz\u00f3 el jefe comunal de Mor\u00f3n.<\/p>\n\n\n\n<p>Por su parte, Perczyk resalt\u00f3 que \u201ctiene que haber m\u00e1s a\u00f1os, m\u00e1s d\u00edas y m\u00e1s horas de clase para que las chicas y los chicos aprendan mejor\u201d y consign\u00f3 que la extensi\u00f3n horaria \u201cimplica para el Estado Nacional una inversi\u00f3n de m\u00e1s de 65 mil millones de pesos\u201d. \u201cAgradecemos este paso que da la Provincia de Buenos Aires, a las y los directivos, inspectores y docentes. Adem\u00e1s, quiero reconocer el esfuerzo que hacen las familias de apostar a que sus hijos aprendan en la escuela p\u00fablica\u201d, concluy\u00f3 el ministro.<\/p>\n\n\n\n<p>Al respecto Sileoni subray\u00f3 que en la Provincia \u201cpasamos de tener el 10% de los estudiantes con m\u00e1s de 4 horas, a tener el 72% de los estudiantes con m\u00e1s de 4 horas. Ser\u00e1n m\u00e1s de 5 mil escuelas p\u00fablicas primarias las alcanzadas por este programa, es una medida muy significativa, muy original del Ministerio de Educaci\u00f3n de la Naci\u00f3n\u201d y remarc\u00f3 que \u201ces una medida consistente, respaldada por una inversi\u00f3n econ\u00f3mica significativa y eso lo agradecemos porque va a ser una hora m\u00e1s, para ense\u00f1ar m\u00e1s\u201d.<\/p>\n\n\n\n<p>La firma se realiz\u00f3 esta ma\u00f1ana en la Escuela Primaria N\u00ba 15 \u201cNuestra Se\u00f1ora De Las Mercedes\u201d y tambi\u00e9n estuvieron presentes la secretaria de Educaci\u00f3n, Cultura y Deporte, Mar\u00eda Jos\u00e9 Peteira, la secretaria de Desarrollo Social, Roxana Pierpaoli; miembros del gabinete municipal y del Consejo Escolar.<\/p>\n","protected":false},"excerpt":{"rendered":"<p>El intendente Lucas Ghi junto al ministro de Educaci&oacute;n de la Naci&oacute;n Jaime Perczyk y el director General de Cultura y Educaci&oacute;n bonaerense Alberto Sileoni, firmaron un convenio para sumar una hora m&aacute;s de clases en 16 establecimientos de jornada simple. Adem&aacute;s, otras 11 escuelas pasar&aacute;n ser de jornada completa. El intendente Lucas Ghi, el &hellip; <\/p>\n","protected":false},"author":5,"featured_media":1116,"comment_status":"closed","ping_status":"closed","sticky":false,"template":"","format":"standard","meta":{"om_disable_all_campaigns":false,"_joinchat":[]},"categories":[9],"tags":[],"featured_image_urls":{"full":["https:\/\/infotep.com.ar\/wp-content\/uploads\/2022\/09\/clases.jpg",650,434,false],"thumbnail":["https:\/\/infotep.com.ar\/wp-content\/uploads\/2022\/09\/clases-150x150.jpg",150,150,true],"medium":["https:\/\/infotep.com.ar\/wp-content\/uploads\/2022\/09\/clases-300x200.jpg",300,200,true],"medium_large":["https:\/\/infotep.com.ar\/wp-content\/uploads\/2022\/09\/clases.jpg",650,434,false],"large":["https:\/\/infotep.com.ar\/wp-content\/uploads\/2022\/09\/clases.jpg",650,434,false],"1536x1536":["https:\/\/infotep.com.ar\/wp-content\/uploads\/2022\/09\/clases.jpg",650,434,false],"2048x2048":["https:\/\/infotep.com.ar\/wp-content\/uploads\/2022\/09\/clases.jpg",650,434,false],"blossom-feminine-slider":["https:\/\/infotep.com.ar\/wp-content\/uploads\/2022\/09\/clases.jpg",650,434,false],"blossom-feminine-featured":["https:\/\/infotep.com.ar\/wp-content\/uploads\/2022\/09\/clases.jpg",650,434,false],"blossom-feminine-with-sidebar":["https:\/\/infotep.com.ar\/wp-content\/uploads\/2022\/09\/clases.jpg",650,434,false],"blossom-feminine-blog":["https:\/\/infotep.com.ar\/wp-content\/uploads\/2022\/09\/clases-435x434.jpg",435,434,true],"blossom-feminine-cat":["https:\/\/infotep.com.ar\/wp-content\/uploads\/2022\/09\/clases-450x300.jpg",450,300,true],"blossom-feminine-related":["https:\/\/infotep.com.ar\/wp-content\/uploads\/2022\/09\/clases-320x200.jpg",320,200,true],"blossom-feminine-schema":["https:\/\/infotep.com.ar\/wp-content\/uploads\/2022\/09\/clases-90x60.jpg",90,60,true],"blossom-mommy-blog-slider-big":["https:\/\/infotep.com.ar\/wp-content\/uploads\/2022\/09\/clases.jpg",650,434,false],"blossom-mommy-blog-slider":["https:\/\/infotep.com.ar\/wp-content\/uploads\/2022\/09\/clases-460x310.jpg",460,310,true],"blossom-mommy-blog-two":["https:\/\/infotep.com.ar\/wp-content\/uploads\/2022\/09\/clases.jpg",650,434,false]},"author_info":{"info":["Angela Tobar"]},"category_info":"<a href=\"https:\/\/infotep.com.ar\/index.php\/category\/municipales\/moron\/\" rel=\"category tag\">Mor\u00f3n<\/a>","tag_info":"Mor\u00f3n","comment_count":"0","_links":{"self":[{"href":"https:\/\/infotep.com.ar\/index.php\/wp-json\/wp\/v2\/posts\/4172"}],"collection":[{"href":"https:\/\/infotep.com.ar\/index.php\/wp-json\/wp\/v2\/posts"}],"about":[{"href":"https:\/\/infotep.com.ar\/index.php\/wp-json\/wp\/v2\/types\/post"}],"author":[{"embeddable":true,"href":"https:\/\/infotep.com.ar\/index.php\/wp-json\/wp\/v2\/users\/5"}],"replies":[{"embeddable":true,"href":"https:\/\/infotep.com.ar\/index.php\/wp-json\/wp\/v2\/comments?post=4172"}],"version-history":[{"count":1,"href":"https:\/\/infotep.com.ar\/index.php\/wp-json\/wp\/v2\/posts\/4172\/revisions"}],"predecessor-version":[{"id":4185,"href":"https:\/\/infotep.com.ar\/index.php\/wp-json\/wp\/v2\/posts\/4172\/revisions\/4185"}],"wp:featuredmedia":[{"embeddable":true,"href":"https:\/\/infotep.com.ar\/index.php\/wp-json\/wp\/v2\/media\/1116"}],"wp:attachment":[{"href":"https:\/\/infotep.com.ar\/index.php\/wp-json\/wp\/v2\/media?parent=4172"}],"wp:term":[{"taxonomy":"category","embeddable":true,"href":"https:\/\/infotep.com.ar\/index.php\/wp-json\/wp\/v2\/categories?post=4172"},{"taxonomy":"post_tag","embeddable":true,"href":"https:\/\/infotep.com.ar\/index.php\/wp-json\/wp\/v2\/tags?post=4172"}],"curies":[{"name":"wp","href":"https:\/\/api.w.org\/{rel}","templated":true}]}}