{"id":4177,"date":"2023-03-23T01:04:00","date_gmt":"2023-03-23T04:04:00","guid":{"rendered":"https:\/\/infotep.com.ar\/?p=4177"},"modified":"2023-03-23T22:54:07","modified_gmt":"2023-03-24T01:54:07","slug":"conociendo-rusia-y-celeste-carballo-se-presentaran-en-moron-por-el-dia-de-la-memoria","status":"publish","type":"post","link":"https:\/\/infotep.com.ar\/index.php\/2023\/03\/23\/conociendo-rusia-y-celeste-carballo-se-presentaran-en-moron-por-el-dia-de-la-memoria\/","title":{"rendered":"Conociendo Rusia y Celeste Carballo se presentar\u00e1n en Mor\u00f3n por el D\u00eda de la Memoria"},"content":{"rendered":"\n<p>El s\u00e1bado 25 en el Predio Quinta Ser\u00e9 \u2014 Polideportivo Gorki Grana, se llevar\u00e1 adelante un festival, con entrada libre y gratuita, para conmemorar un nuevo aniversario del Golpe de Estado del 76. Conociendo Rusia, Celeste Carballo, Loli Molina, Tita Print, Canticuenticos y \u00d1aupa ser\u00e1n parte de la propuesta art\u00edstica que se presentar\u00e1 durante la jornada. Tambi\u00e9n, habr\u00e1 visitas guiadas por los Espacios de la Memoria, y exposiciones art\u00edsticas, entre otras actividades.<\/p>\n\n\n\n<p>Para conmemorar el D\u00eda de la Memoria por la Verdad y la Justicia y los 40 a\u00f1os de democracia, el Municipio de Mor\u00f3n organiz\u00f3 una jornada de diversas actividades en el Predio Quinta Ser\u00e9 \u2014 Polideportivo Gorki Grana para el pr\u00f3ximo s\u00e1bado 25 de marzo desde las 15:30. Habr\u00e1 propuestas culturales para toda la familia y espect\u00e1culos musicales desde las 16.30 con Canticu\u00e9nticos, \u00d1aupa, Loli Molina, Tita Print y Celeste Carballo, entre otros. El cierre estar\u00e1 a cargo de Conociendo Rusia, que se presentar\u00e1 por primera vez en Mor\u00f3n, luego del acto central encabezado por representantes de organismos de Derechos Humanos bajo las consignas \u201cMemoria, Verdad y Justicia para defender la Democracia\u201d.<\/p>\n\n\n\n<p><strong>Las actividades comenzar\u00e1n a las 15:30 con una recorrida por los Espacios de Memoria con la participaci\u00f3n del Consejo de Ni\u00f1os, Ni\u00f1as y Adolescentes del Municipio y la Escuela Municipal para Sordos e Hipoac\u00fasicos Dr. Ram\u00f3n Carrillo.<\/strong><\/p>\n\n\n\n<p>Luego, a las 16, bajo la consigna Pintamos Memoria, se realizar\u00e1 una actividad con convocatoria abierta para artistas pl\u00e1sticos y p\u00fablico en general que le interese dibujar, para la creaci\u00f3n colectiva de una obra en vivo con la tem\u00e1tica \u201cMemoria, Verdad y Justicia\u201d. Al mismo tiempo tambi\u00e9n se desarrollar\u00e1 la performance y acci\u00f3n po\u00e9tica visual \u201cVestidos para no olvidar\u201d, un homenaje a los nietos y nietas recuperadas.<\/p>\n\n\n\n<p>A las 17 se realizar\u00e1 un homenaje a Marcela Maidana, directora de DD.HH de Merlo y militante recientemente fallecida. La actividad ser\u00e1 en conjunto con la Asociaci\u00f3n Ser\u00e9 por la Memoria y la Vida.<\/p>\n\n\n\n<p>En tanto, a las 18 se abrir\u00e1 al p\u00fablico la muestra del taller de intervenci\u00f3n de tejas por la memoria titulado \u201cAbracemos memoria y cuidemos la democracia\u201d.<\/p>\n\n\n\n<p>Adem\u00e1s, el 24 de marzo, desde las 9, se realizar\u00e1 una nueva edici\u00f3n de la tradicional Prueba Atl\u00e9tica por la Memoria. La misma tendr\u00e1 como punto de partida el Predio Quinta Ser\u00e9.<\/p>\n\n\n\n<p>Adem\u00e1s, luego de la carrera se realizar\u00e1 una Sesi\u00f3n Extraordinaria del Honorable Concejo Deliberante de Mor\u00f3n en el mismo predio donde funcion\u00f3 el Centro Clandestino de Detenci\u00f3n Mansi\u00f3n Ser\u00e9.<\/p>\n","protected":false},"excerpt":{"rendered":"<p>El s&aacute;bado 25 en el Predio Quinta Ser&eacute; &mdash; Polideportivo Gorki Grana, se llevar&aacute; adelante un festival, con entrada libre y gratuita, para conmemorar un nuevo aniversario del Golpe de Estado del 76. Conociendo Rusia, Celeste Carballo, Loli Molina, Tita Print, Canticuenticos y &Ntilde;aupa ser&aacute;n parte de la propuesta art&iacute;stica que se presentar&aacute; durante la &hellip; <\/p>\n","protected":false},"author":5,"featured_media":4178,"comment_status":"closed","ping_status":"closed","sticky":false,"template":"","format":"standard","meta":{"om_disable_all_campaigns":false,"_joinchat":[]},"categories":[31,9],"tags":[46,53,43],"featured_image_urls":{"full":["https:\/\/infotep.com.ar\/wp-content\/uploads\/2023\/03\/conociendo-a-rusia.jpg",1600,900,false],"thumbnail":["https:\/\/infotep.com.ar\/wp-content\/uploads\/2023\/03\/conociendo-a-rusia-150x150.jpg",150,150,true],"medium":["https:\/\/infotep.com.ar\/wp-content\/uploads\/2023\/03\/conociendo-a-rusia-300x169.jpg",300,169,true],"medium_large":["https:\/\/infotep.com.ar\/wp-content\/uploads\/2023\/03\/conociendo-a-rusia-768x432.jpg",768,432,true],"large":["https:\/\/infotep.com.ar\/wp-content\/uploads\/2023\/03\/conociendo-a-rusia-1024x576.jpg",1020,574,true],"1536x1536":["https:\/\/infotep.com.ar\/wp-content\/uploads\/2023\/03\/conociendo-a-rusia-1536x864.jpg",1536,864,true],"2048x2048":["https:\/\/infotep.com.ar\/wp-content\/uploads\/2023\/03\/conociendo-a-rusia.jpg",1600,900,false],"blossom-feminine-slider":["https:\/\/infotep.com.ar\/wp-content\/uploads\/2023\/03\/conociendo-a-rusia-1600x649.jpg",1600,649,true],"blossom-feminine-featured":["https:\/\/infotep.com.ar\/wp-content\/uploads\/2023\/03\/conociendo-a-rusia-1410x600.jpg",1410,600,true],"blossom-feminine-with-sidebar":["https:\/\/infotep.com.ar\/wp-content\/uploads\/2023\/03\/conociendo-a-rusia-1020x600.jpg",1020,600,true],"blossom-feminine-blog":["https:\/\/infotep.com.ar\/wp-content\/uploads\/2023\/03\/conociendo-a-rusia-435x435.jpg",435,435,true],"blossom-feminine-cat":["https:\/\/infotep.com.ar\/wp-content\/uploads\/2023\/03\/conociendo-a-rusia-450x300.jpg",450,300,true],"blossom-feminine-related":["https:\/\/infotep.com.ar\/wp-content\/uploads\/2023\/03\/conociendo-a-rusia-320x200.jpg",320,200,true],"blossom-feminine-schema":["https:\/\/infotep.com.ar\/wp-content\/uploads\/2023\/03\/conociendo-a-rusia-107x60.jpg",107,60,true],"blossom-mommy-blog-slider-big":["https:\/\/infotep.com.ar\/wp-content\/uploads\/2023\/03\/conociendo-a-rusia-920x650.jpg",920,650,true],"blossom-mommy-blog-slider":["https:\/\/infotep.com.ar\/wp-content\/uploads\/2023\/03\/conociendo-a-rusia-460x310.jpg",460,310,true],"blossom-mommy-blog-two":["https:\/\/infotep.com.ar\/wp-content\/uploads\/2023\/03\/conociendo-a-rusia-768x480.jpg",768,480,true]},"author_info":{"info":["Angela Tobar"]},"category_info":"<a href=\"https:\/\/infotep.com.ar\/index.php\/category\/destacadas\/\" rel=\"category tag\">Destacadas<\/a> <a href=\"https:\/\/infotep.com.ar\/index.php\/category\/municipales\/moron\/\" rel=\"category tag\">Mor\u00f3n<\/a>","tag_info":"Mor\u00f3n","comment_count":"0","_links":{"self":[{"href":"https:\/\/infotep.com.ar\/index.php\/wp-json\/wp\/v2\/posts\/4177"}],"collection":[{"href":"https:\/\/infotep.com.ar\/index.php\/wp-json\/wp\/v2\/posts"}],"about":[{"href":"https:\/\/infotep.com.ar\/index.php\/wp-json\/wp\/v2\/types\/post"}],"author":[{"embeddable":true,"href":"https:\/\/infotep.com.ar\/index.php\/wp-json\/wp\/v2\/users\/5"}],"replies":[{"embeddable":true,"href":"https:\/\/infotep.com.ar\/index.php\/wp-json\/wp\/v2\/comments?post=4177"}],"version-history":[{"count":1,"href":"https:\/\/infotep.com.ar\/index.php\/wp-json\/wp\/v2\/posts\/4177\/revisions"}],"predecessor-version":[{"id":4179,"href":"https:\/\/infotep.com.ar\/index.php\/wp-json\/wp\/v2\/posts\/4177\/revisions\/4179"}],"wp:featuredmedia":[{"embeddable":true,"href":"https:\/\/infotep.com.ar\/index.php\/wp-json\/wp\/v2\/media\/4178"}],"wp:attachment":[{"href":"https:\/\/infotep.com.ar\/index.php\/wp-json\/wp\/v2\/media?parent=4177"}],"wp:term":[{"taxonomy":"category","embeddable":true,"href":"https:\/\/infotep.com.ar\/index.php\/wp-json\/wp\/v2\/categories?post=4177"},{"taxonomy":"post_tag","embeddable":true,"href":"https:\/\/infotep.com.ar\/index.php\/wp-json\/wp\/v2\/tags?post=4177"}],"curies":[{"name":"wp","href":"https:\/\/api.w.org\/{rel}","templated":true}]}}