{"id":4365,"date":"2023-04-03T13:07:58","date_gmt":"2023-04-03T16:07:58","guid":{"rendered":"https:\/\/infotep.com.ar\/?p=4365"},"modified":"2023-04-03T13:07:59","modified_gmt":"2023-04-03T16:07:59","slug":"crimen-del-colectivero-en-la-matanza-agredieron-a-berni-cuando-llego-a-la-protesta","status":"publish","type":"post","link":"https:\/\/infotep.com.ar\/index.php\/2023\/04\/03\/crimen-del-colectivero-en-la-matanza-agredieron-a-berni-cuando-llego-a-la-protesta\/","title":{"rendered":"Crimen del colectivero en La Matanza: agredieron a Berni cuando lleg\u00f3 a la protesta"},"content":{"rendered":"\n<p>El Ministro de Seguridad de la provincia lleg\u00f3 a la General Paz para dialogar con los colectiveros que realizan una protesta en el km 17.<br><br>Sergio Berni fue agredido por choferes de colectivos que realizan una protesta en la General Paz km 17 por el crimen de Daniel Barrientos, el colectivero de 65 a\u00f1os que fue asesinado durante un robo.<\/p>\n\n\n\n<p>Entre empujones el ministro de seguridad de la provincia result\u00f3 con una herida cortante en la cara por una botella que revole\u00f3 un compa\u00f1ero de Barrientos, a su vez que las c\u00e1maras de televisi\u00f3n registraron el momento en el que un hombre le peg\u00f3 una trompada que casi lo deja desvanecido.<\/p>\n\n\n\n<p>Tras los incidentes efectivos de la Polic\u00eda de la Ciudad realizaron un cord\u00f3n para protegerlo y separar a los agresores.<\/p>\n\n\n\n<p>Berni acudi\u00f3 al lugar con Jorge D&#8217;onofrio, ministro de transporte bonaerense, para dialogar con los choferes que cortan la General Paz, en ambas manos, para repudiar y exigir mayor seguridad en el Conurbano.<\/p>\n\n\n\n<p>&#8220;Entiendo el dolor que est\u00e1n pasando. Estoy ac\u00e1 porque s\u00e9 lo que pasan todos los d\u00edas&#8221;, manifest\u00f3 el ministro mientras era protegido por la Polic\u00eda.<\/p>\n\n\n\n<p>Detr\u00e1s de lo expresado por Berni se escucharon gritos de enojo por parte de los diversos colectiveros que est\u00e1n de paro: &#8220;Soy el \u00fanico que da la cara. No me escondo&#8221;.<\/p>\n\n\n\n<p>Luego de dialogar con la prensa el propio ministro pidi\u00f3 que los choferes organicen un lugar para charlar y mantener una conversaci\u00f3n sobre la situaci\u00f3n de inseguridad.<\/p>\n\n\n\n<p>A pesar de los reiterados pedidos del ministro para impedir las agresiones, debi\u00f3 acudir al lugar Infanter\u00eda de la Ciudad para separar a Berni de los colectiveros.<\/p>\n\n\n\n<p>Asimismo, se concluy\u00f3 que Berni se retire del lugar en un auto blindado ya que continuaron las pi\u00f1as, patadas y botellazos contra \u00e9l producto del enojo generalizado.<\/p>\n","protected":false},"excerpt":{"rendered":"<p>El Ministro de Seguridad de la provincia lleg&oacute; a la General Paz para dialogar con los colectiveros que realizan una protesta en el km 17. Sergio Berni fue agredido por choferes de colectivos que realizan una protesta en la General Paz km 17 por el crimen de Daniel Barrientos, el colectivero de 65 a&ntilde;os que &hellip; <\/p>\n","protected":false},"author":5,"featured_media":4366,"comment_status":"closed","ping_status":"closed","sticky":false,"template":"","format":"standard","meta":{"om_disable_all_campaigns":false,"_joinchat":[]},"categories":[31,26],"tags":[46,59,43],"featured_image_urls":{"full":["https:\/\/infotep.com.ar\/wp-content\/uploads\/2023\/04\/berni-herdio-2.jpg",1200,675,false],"thumbnail":["https:\/\/infotep.com.ar\/wp-content\/uploads\/2023\/04\/berni-herdio-2-150x150.jpg",150,150,true],"medium":["https:\/\/infotep.com.ar\/wp-content\/uploads\/2023\/04\/berni-herdio-2-300x169.jpg",300,169,true],"medium_large":["https:\/\/infotep.com.ar\/wp-content\/uploads\/2023\/04\/berni-herdio-2-768x432.jpg",768,432,true],"large":["https:\/\/infotep.com.ar\/wp-content\/uploads\/2023\/04\/berni-herdio-2-1024x576.jpg",1020,574,true],"1536x1536":["https:\/\/infotep.com.ar\/wp-content\/uploads\/2023\/04\/berni-herdio-2.jpg",1200,675,false],"2048x2048":["https:\/\/infotep.com.ar\/wp-content\/uploads\/2023\/04\/berni-herdio-2.jpg",1200,675,false],"blossom-feminine-slider":["https:\/\/infotep.com.ar\/wp-content\/uploads\/2023\/04\/berni-herdio-2-1200x649.jpg",1200,649,true],"blossom-feminine-featured":["https:\/\/infotep.com.ar\/wp-content\/uploads\/2023\/04\/berni-herdio-2-1200x600.jpg",1200,600,true],"blossom-feminine-with-sidebar":["https:\/\/infotep.com.ar\/wp-content\/uploads\/2023\/04\/berni-herdio-2-1020x600.jpg",1020,600,true],"blossom-feminine-blog":["https:\/\/infotep.com.ar\/wp-content\/uploads\/2023\/04\/berni-herdio-2-435x435.jpg",435,435,true],"blossom-feminine-cat":["https:\/\/infotep.com.ar\/wp-content\/uploads\/2023\/04\/berni-herdio-2-450x300.jpg",450,300,true],"blossom-feminine-related":["https:\/\/infotep.com.ar\/wp-content\/uploads\/2023\/04\/berni-herdio-2-320x200.jpg",320,200,true],"blossom-feminine-schema":["https:\/\/infotep.com.ar\/wp-content\/uploads\/2023\/04\/berni-herdio-2-107x60.jpg",107,60,true],"blossom-mommy-blog-slider-big":["https:\/\/infotep.com.ar\/wp-content\/uploads\/2023\/04\/berni-herdio-2-920x650.jpg",920,650,true],"blossom-mommy-blog-slider":["https:\/\/infotep.com.ar\/wp-content\/uploads\/2023\/04\/berni-herdio-2-460x310.jpg",460,310,true],"blossom-mommy-blog-two":["https:\/\/infotep.com.ar\/wp-content\/uploads\/2023\/04\/berni-herdio-2-768x480.jpg",768,480,true]},"author_info":{"info":["Angela Tobar"]},"category_info":"<a href=\"https:\/\/infotep.com.ar\/index.php\/category\/destacadas\/\" rel=\"category tag\">Destacadas<\/a> <a href=\"https:\/\/infotep.com.ar\/index.php\/category\/municipales\/la-matanza\/\" rel=\"category tag\">La Matanza<\/a>","tag_info":"La Matanza","comment_count":"0","_links":{"self":[{"href":"https:\/\/infotep.com.ar\/index.php\/wp-json\/wp\/v2\/posts\/4365"}],"collection":[{"href":"https:\/\/infotep.com.ar\/index.php\/wp-json\/wp\/v2\/posts"}],"about":[{"href":"https:\/\/infotep.com.ar\/index.php\/wp-json\/wp\/v2\/types\/post"}],"author":[{"embeddable":true,"href":"https:\/\/infotep.com.ar\/index.php\/wp-json\/wp\/v2\/users\/5"}],"replies":[{"embeddable":true,"href":"https:\/\/infotep.com.ar\/index.php\/wp-json\/wp\/v2\/comments?post=4365"}],"version-history":[{"count":1,"href":"https:\/\/infotep.com.ar\/index.php\/wp-json\/wp\/v2\/posts\/4365\/revisions"}],"predecessor-version":[{"id":4367,"href":"https:\/\/infotep.com.ar\/index.php\/wp-json\/wp\/v2\/posts\/4365\/revisions\/4367"}],"wp:featuredmedia":[{"embeddable":true,"href":"https:\/\/infotep.com.ar\/index.php\/wp-json\/wp\/v2\/media\/4366"}],"wp:attachment":[{"href":"https:\/\/infotep.com.ar\/index.php\/wp-json\/wp\/v2\/media?parent=4365"}],"wp:term":[{"taxonomy":"category","embeddable":true,"href":"https:\/\/infotep.com.ar\/index.php\/wp-json\/wp\/v2\/categories?post=4365"},{"taxonomy":"post_tag","embeddable":true,"href":"https:\/\/infotep.com.ar\/index.php\/wp-json\/wp\/v2\/tags?post=4365"}],"curies":[{"name":"wp","href":"https:\/\/api.w.org\/{rel}","templated":true}]}}