{"id":4374,"date":"2023-04-03T13:23:52","date_gmt":"2023-04-03T16:23:52","guid":{"rendered":"https:\/\/infotep.com.ar\/?p=4374"},"modified":"2023-04-03T13:23:52","modified_gmt":"2023-04-03T16:23:52","slug":"quien-era-daniel-barrientos-el-colectivero-que-estaba-a-punto-de-jubilarse-y-fue-asesinado-en-la-matanza","status":"publish","type":"post","link":"https:\/\/infotep.com.ar\/index.php\/2023\/04\/03\/quien-era-daniel-barrientos-el-colectivero-que-estaba-a-punto-de-jubilarse-y-fue-asesinado-en-la-matanza\/","title":{"rendered":"Qui\u00e9n era Daniel Barrientos, el colectivero que estaba a punto de jubilarse y fue asesinado en La Matanza"},"content":{"rendered":"\n<p>Contin\u00faa la conmoci\u00f3n por el crimen de Daniel Barrientos, el ch\u00f3fer de la l\u00ednea 620 que fue asesinado durante un intento de robo en La Matanza. Tras el conocimiento de un nuevo hecho de inseguridad hay paro por 24 horas en 86 l\u00edneas de la zona oeste.<\/p>\n\n\n\n<p>Daniel Barrientos ten\u00eda 65 a\u00f1os y tras dedicarle toda su vida a ser colectivero solo le quedaba un mes para jubilarse. Se supo que en mayo recibir\u00eda el retiro para comenzar a percibir la remuneraci\u00f3n.<\/p>\n\n\n\n<p>Los compa\u00f1eros de la v\u00edctima manifestaron que era un hombre &#8220;ejemplar&#8221; y que este hecho se asemeja al ocurrido en 2018 cuando otro compa\u00f1ero de la misma l\u00ednea fue asesinado a pocas cuadras.<\/p>\n\n\n\n<p>H\u00e9ctor, colectivero y amigo de Daniel, habl\u00f3 con los medios y expres\u00f3 la angustia por su asesinato: &#8220;Lo conozco hace m\u00e1s de 20 a\u00f1os, es un dolor inmenso, era como de mi familia&#8221;.<\/p>\n\n\n\n<p>&#8220;Daniel era bueno de verdad. Siempre ten\u00eda algo para decirte o hac\u00eda alg\u00fan chiste que te hac\u00eda bien, era un excelente colectivero. Lo ve\u00eda todos los d\u00edas y lo saludaba &#8216;hola capit\u00e1n'&#8221;, expres\u00f3 con l\u00e1grimas H\u00e9ctor.<\/p>\n","protected":false},"excerpt":{"rendered":"<p>Contin&uacute;a la conmoci&oacute;n por el crimen de Daniel Barrientos, el ch&oacute;fer de la l&iacute;nea 620 que fue asesinado durante un intento de robo en La Matanza. Tras el conocimiento de un nuevo hecho de inseguridad hay paro por 24 horas en 86 l&iacute;neas de la zona oeste. Daniel Barrientos ten&iacute;a 65 a&ntilde;os y tras dedicarle &hellip; <\/p>\n","protected":false},"author":5,"featured_media":0,"comment_status":"closed","ping_status":"closed","sticky":false,"template":"","format":"standard","meta":{"om_disable_all_campaigns":false,"_joinchat":[]},"categories":[26],"tags":[46,59,43],"featured_image_urls":{"full":"","thumbnail":"","medium":"","medium_large":"","large":"","1536x1536":"","2048x2048":"","blossom-feminine-slider":"","blossom-feminine-featured":"","blossom-feminine-with-sidebar":"","blossom-feminine-blog":"","blossom-feminine-cat":"","blossom-feminine-related":"","blossom-feminine-schema":"","blossom-mommy-blog-slider-big":"","blossom-mommy-blog-slider":"","blossom-mommy-blog-two":""},"author_info":{"info":["Angela Tobar"]},"category_info":"<a href=\"https:\/\/infotep.com.ar\/index.php\/category\/municipales\/la-matanza\/\" rel=\"category tag\">La Matanza<\/a>","tag_info":"La Matanza","comment_count":"0","_links":{"self":[{"href":"https:\/\/infotep.com.ar\/index.php\/wp-json\/wp\/v2\/posts\/4374"}],"collection":[{"href":"https:\/\/infotep.com.ar\/index.php\/wp-json\/wp\/v2\/posts"}],"about":[{"href":"https:\/\/infotep.com.ar\/index.php\/wp-json\/wp\/v2\/types\/post"}],"author":[{"embeddable":true,"href":"https:\/\/infotep.com.ar\/index.php\/wp-json\/wp\/v2\/users\/5"}],"replies":[{"embeddable":true,"href":"https:\/\/infotep.com.ar\/index.php\/wp-json\/wp\/v2\/comments?post=4374"}],"version-history":[{"count":1,"href":"https:\/\/infotep.com.ar\/index.php\/wp-json\/wp\/v2\/posts\/4374\/revisions"}],"predecessor-version":[{"id":4376,"href":"https:\/\/infotep.com.ar\/index.php\/wp-json\/wp\/v2\/posts\/4374\/revisions\/4376"}],"wp:attachment":[{"href":"https:\/\/infotep.com.ar\/index.php\/wp-json\/wp\/v2\/media?parent=4374"}],"wp:term":[{"taxonomy":"category","embeddable":true,"href":"https:\/\/infotep.com.ar\/index.php\/wp-json\/wp\/v2\/categories?post=4374"},{"taxonomy":"post_tag","embeddable":true,"href":"https:\/\/infotep.com.ar\/index.php\/wp-json\/wp\/v2\/tags?post=4374"}],"curies":[{"name":"wp","href":"https:\/\/api.w.org\/{rel}","templated":true}]}}