{"id":4429,"date":"2023-04-03T20:53:26","date_gmt":"2023-04-03T23:53:26","guid":{"rendered":"https:\/\/infotep.com.ar\/?p=4429"},"modified":"2023-04-03T20:53:27","modified_gmt":"2023-04-03T23:53:27","slug":"berni-anuncio-que-se-avanzara-con-la-instalacion-de-camaras-de-seguridad-en-colectivos","status":"publish","type":"post","link":"https:\/\/infotep.com.ar\/index.php\/2023\/04\/03\/berni-anuncio-que-se-avanzara-con-la-instalacion-de-camaras-de-seguridad-en-colectivos\/","title":{"rendered":"Berni anunci\u00f3 que se avanzar\u00e1 con la instalaci\u00f3n de c\u00e1maras de seguridad en colectivos"},"content":{"rendered":"\n<p>El ministro de Seguridad bonaerense, Sergio Berni, confirm\u00f3 hoy que se avanzar\u00e1 en el proceso de instalaci\u00f3n de c\u00e1maras de seguridad en todas las unidades de colectivos que circulan en el AMBA a fin de prevenir asesinatos de choferes, luego de la reuni\u00f3n que el gobernador Axel Kicillof mantuvo con autoridades del sindicato de la UTA.<\/p>\n\n\n\n<p>El funcionario, quien lleg\u00f3 a la reuni\u00f3n en la sede del gobierno provincia en La Plata a bordo de un helic\u00f3ptero tras haber sido agredido por los compa\u00f1eros del colectivero asesinado en La Matanza, r<strong>ecord\u00f3 que un proyecto de ley para instalar las c\u00e1maras ven\u00eda siendo demorado y que en 2021 la gesti\u00f3n de Kicillof entreg\u00f3 2.500 millones en subsidios para comenzar a ubicar las c\u00e1maras.<\/strong><\/p>\n\n\n\n<p class=\"has-light-green-cyan-background-color has-background\">&#8220;Se va a formar una Comisi\u00f3n de Seguimiento con la UTA para terminar de instalar las c\u00e1mara, se va intimar a la empresas para que las coloquen donde faltan y poner en marcha el Centro de Monitoreo con Inteligencia Artificial (IA) y toda la tecnolog\u00eda&#8221;, agreg\u00f3 su par de Transporte, Jorge D\u00b4Onofrio.<\/p>\n\n\n\n<p>Kicillof y Berni estuvieron reunidos por la tarde en la sede de la Gobernaci\u00f3n con el secretario general del sindicato de colectiveros de la UTA, Roberto Fern\u00e1ndez, para analizar medidas de seguridad luego del asesinato del chofer Daniel Barrientos. De la reuni\u00f3n particip\u00f3 tambi\u00e9n D\u00b4Onofrio.<\/p>\n\n\n\n<p>Por su parte, Roberto Fern\u00e1ndez aclar\u00f3 que el paro del sindicato afecta s\u00f3lo a las l\u00edneas que circulan &#8220;en la zona oeste, donde fue el problema de perder al compa\u00f1ero\u201d, pero que en el resto de las regiones del pa\u00eds, \u201cas\u00ed como en la Capital Federal, el paro no existe&#8221;.<\/p>\n\n\n\n<p>&#8220;En 2018 se presentaron leyes con un objetivo com\u00fan: c\u00e1maras que transmiten de forma directa desde los colectivos, con botones de alerta para los conductores pudieran enviar im\u00e1genes en tiempo real a un centro de control\u201d, indic\u00f3 Berni sobre la iniciativa que no prosper\u00f3.<\/p>\n\n\n\n<p>En tanto, volvi\u00f3 a polemizar con su par nacional, con el cual comparte espacio dentro del Frente de Todos, An\u00edbal Fern\u00e1ndez: &#8220;Hay algo peor que mentir, que es creerse su propia mentira&#8221;, dispar\u00f3 en alusi\u00f3n a los dichos del ex jefe de Gabinete de que en la provincia de Buenos Aires no le pidieron el env\u00edo de ning\u00fan gendarme.<\/p>\n\n\n\n<p>&#8220;No me arrepiento de nada de lo que pas\u00f3 hoy a la ma\u00f1ana. Yo no tomo las cosas personales, entiendo que cuando a uno le matan a un compa\u00f1ero siente bronca, indignaci\u00f3n. No es la metodolog\u00eda, hay infiltrados, estamos en una situaci\u00f3n pol\u00edtica, ustedes f\u00edjense qui\u00e9nes son y van a ver. Pero esas no son excusas, nosotros trabajamos y nos metemos&#8221;, insisti\u00f3 en di\u00e1logo con la prensa al retirarse de la reuni\u00f3n.<\/p>\n","protected":false},"excerpt":{"rendered":"<p>El ministro de Seguridad bonaerense, Sergio Berni, confirm&oacute; hoy que se avanzar&aacute; en el proceso de instalaci&oacute;n de c&aacute;maras de seguridad en todas las unidades de colectivos que circulan en el AMBA a fin de prevenir asesinatos de choferes, luego de la reuni&oacute;n que el gobernador Axel Kicillof mantuvo con autoridades del sindicato de la &hellip; <\/p>\n","protected":false},"author":5,"featured_media":4430,"comment_status":"closed","ping_status":"closed","sticky":false,"template":"","format":"standard","meta":{"om_disable_all_campaigns":false,"_joinchat":[]},"categories":[4],"tags":[46,43],"featured_image_urls":{"full":["https:\/\/infotep.com.ar\/wp-content\/uploads\/2023\/04\/camaras-colectivos.jpg",700,467,false],"thumbnail":["https:\/\/infotep.com.ar\/wp-content\/uploads\/2023\/04\/camaras-colectivos-150x150.jpg",150,150,true],"medium":["https:\/\/infotep.com.ar\/wp-content\/uploads\/2023\/04\/camaras-colectivos-300x200.jpg",300,200,true],"medium_large":["https:\/\/infotep.com.ar\/wp-content\/uploads\/2023\/04\/camaras-colectivos.jpg",700,467,false],"large":["https:\/\/infotep.com.ar\/wp-content\/uploads\/2023\/04\/camaras-colectivos.jpg",700,467,false],"1536x1536":["https:\/\/infotep.com.ar\/wp-content\/uploads\/2023\/04\/camaras-colectivos.jpg",700,467,false],"2048x2048":["https:\/\/infotep.com.ar\/wp-content\/uploads\/2023\/04\/camaras-colectivos.jpg",700,467,false],"blossom-feminine-slider":["https:\/\/infotep.com.ar\/wp-content\/uploads\/2023\/04\/camaras-colectivos.jpg",700,467,false],"blossom-feminine-featured":["https:\/\/infotep.com.ar\/wp-content\/uploads\/2023\/04\/camaras-colectivos.jpg",700,467,false],"blossom-feminine-with-sidebar":["https:\/\/infotep.com.ar\/wp-content\/uploads\/2023\/04\/camaras-colectivos.jpg",700,467,false],"blossom-feminine-blog":["https:\/\/infotep.com.ar\/wp-content\/uploads\/2023\/04\/camaras-colectivos-435x435.jpg",435,435,true],"blossom-feminine-cat":["https:\/\/infotep.com.ar\/wp-content\/uploads\/2023\/04\/camaras-colectivos-450x300.jpg",450,300,true],"blossom-feminine-related":["https:\/\/infotep.com.ar\/wp-content\/uploads\/2023\/04\/camaras-colectivos-320x200.jpg",320,200,true],"blossom-feminine-schema":["https:\/\/infotep.com.ar\/wp-content\/uploads\/2023\/04\/camaras-colectivos-90x60.jpg",90,60,true],"blossom-mommy-blog-slider-big":["https:\/\/infotep.com.ar\/wp-content\/uploads\/2023\/04\/camaras-colectivos.jpg",700,467,false],"blossom-mommy-blog-slider":["https:\/\/infotep.com.ar\/wp-content\/uploads\/2023\/04\/camaras-colectivos-460x310.jpg",460,310,true],"blossom-mommy-blog-two":["https:\/\/infotep.com.ar\/wp-content\/uploads\/2023\/04\/camaras-colectivos.jpg",700,467,false]},"author_info":{"info":["Angela Tobar"]},"category_info":"<a href=\"https:\/\/infotep.com.ar\/index.php\/category\/provinciales\/\" rel=\"category tag\">Provinciales<\/a>","tag_info":"Provinciales","comment_count":"0","_links":{"self":[{"href":"https:\/\/infotep.com.ar\/index.php\/wp-json\/wp\/v2\/posts\/4429"}],"collection":[{"href":"https:\/\/infotep.com.ar\/index.php\/wp-json\/wp\/v2\/posts"}],"about":[{"href":"https:\/\/infotep.com.ar\/index.php\/wp-json\/wp\/v2\/types\/post"}],"author":[{"embeddable":true,"href":"https:\/\/infotep.com.ar\/index.php\/wp-json\/wp\/v2\/users\/5"}],"replies":[{"embeddable":true,"href":"https:\/\/infotep.com.ar\/index.php\/wp-json\/wp\/v2\/comments?post=4429"}],"version-history":[{"count":1,"href":"https:\/\/infotep.com.ar\/index.php\/wp-json\/wp\/v2\/posts\/4429\/revisions"}],"predecessor-version":[{"id":4431,"href":"https:\/\/infotep.com.ar\/index.php\/wp-json\/wp\/v2\/posts\/4429\/revisions\/4431"}],"wp:featuredmedia":[{"embeddable":true,"href":"https:\/\/infotep.com.ar\/index.php\/wp-json\/wp\/v2\/media\/4430"}],"wp:attachment":[{"href":"https:\/\/infotep.com.ar\/index.php\/wp-json\/wp\/v2\/media?parent=4429"}],"wp:term":[{"taxonomy":"category","embeddable":true,"href":"https:\/\/infotep.com.ar\/index.php\/wp-json\/wp\/v2\/categories?post=4429"},{"taxonomy":"post_tag","embeddable":true,"href":"https:\/\/infotep.com.ar\/index.php\/wp-json\/wp\/v2\/tags?post=4429"}],"curies":[{"name":"wp","href":"https:\/\/api.w.org\/{rel}","templated":true}]}}