{"id":4483,"date":"2023-04-10T04:50:00","date_gmt":"2023-04-10T07:50:00","guid":{"rendered":"https:\/\/infotep.com.ar\/?p=4483"},"modified":"2023-04-11T08:49:12","modified_gmt":"2023-04-11T11:49:12","slug":"merlo-realizo-una-charla-informativa-para-el-curso-de-conductor-de-movil-policial","status":"publish","type":"post","link":"https:\/\/infotep.com.ar\/index.php\/2023\/04\/10\/merlo-realizo-una-charla-informativa-para-el-curso-de-conductor-de-movil-policial\/","title":{"rendered":"Merlo realiz\u00f3 una charla informativa para el curso de conductor de m\u00f3vil policial"},"content":{"rendered":"\n<p>El Gobierno de la Provincia de Buenos Aires a trav\u00e9s del Ministerio de Seguridad, en conjunto con la Municipalidad de Merlo realizaron la 1er. charla informativa y preinscripci\u00f3n para ec Curso de conductor de m\u00f3vil policial<\/p>\n\n\n\n<p>La convocatoria fue gestionada por la Subsecretar\u00eda de Trabajo, Empleo e Integraci\u00f3n Laboral donde se les inform\u00f3 a los interesados los requisitos para el ingreso y una descripci\u00f3n de los puestos a cubrir, con el objetivo de reforzar la seguridad de las 32 cuadr\u00edculas del distrito, generando 160 puestos de trabajo.<\/p>\n\n\n\n<p>En el encuentro estuvieron presentes el Subsecretario de Trabajo, Empleo e Integraci\u00f3n Laboral Gustavo Villagra junto al Subsecretario de Protecci\u00f3n Ciudadana, Domingo Humberto Lippo y varios representantes de la Polic\u00eda Bonaerense.<\/p>\n\n\n\n<p>El Subsecretario Villagra manifest\u00f3: \u201cEsta b\u00fasqueda de postulantes dentro del municipio ratifica el compromiso de la Intendenta Karina Men\u00e9ndez con el ciudadano local d\u00e1ndole la posibilidad de que puedan trabajar dentro de su distrito\u201d.<\/p>\n\n\n\n<p>Por otro lado, Lippo remarc\u00f3 que con esta propuesta los j\u00f3venes contar\u00e1n con un empleo registrado con todos los beneficios y derechos laborales. Adem\u00e1s indic\u00f3 que a estos voluntarios \u201cse los va a preparar no solo para que se desempe\u00f1en como conductores de patrulla sino tambi\u00e9n para que puedan participar de alg\u00fan evento como auxiliares de salud\u201d.<\/p>\n\n\n\n<p>La convocatoria permanecer\u00e1 abierta hasta ocupar los puestos vacantes y los interesados deber\u00e1n cumplir los siguientes requisitos:<br><br>\u2013 Tener entre 18 a 29 a\u00f1os<br>\u2013 Contar con secundario completo<br>\u2013 Poseer licencia de conducir<br>\u2013 Tener nacionalidad argentina (nativo o por adopci\u00f3n).<\/p>\n\n\n\n<p>Si est\u00e1s interesado\/a en esta propuesta laboral comun\u00edcate con la Subsecretar\u00eda de Trabajo, Empleo e Integraci\u00f3n Laboral. Direcci\u00f3n: Juncal y Per\u00fa. Tel\u00e9fonos: (0220) 483-5168 \/ 482-2084<\/p>\n","protected":false},"excerpt":{"rendered":"<p>El Gobierno de la Provincia de Buenos Aires a trav&eacute;s del Ministerio de Seguridad, en conjunto con la Municipalidad de Merlo realizaron la 1er. charla informativa y preinscripci&oacute;n para ec Curso de conductor de m&oacute;vil policial La convocatoria fue gestionada por la Subsecretar&iacute;a de Trabajo, Empleo e Integraci&oacute;n Laboral donde se les inform&oacute; a los &hellip; <\/p>\n","protected":false},"author":5,"featured_media":4484,"comment_status":"closed","ping_status":"closed","sticky":false,"template":"","format":"standard","meta":{"om_disable_all_campaigns":false,"_joinchat":[]},"categories":[10],"tags":[46,43],"featured_image_urls":{"full":["https:\/\/infotep.com.ar\/wp-content\/uploads\/2023\/04\/CHARLA-POLICIAL-4.jpg",1200,800,false],"thumbnail":["https:\/\/infotep.com.ar\/wp-content\/uploads\/2023\/04\/CHARLA-POLICIAL-4-150x150.jpg",150,150,true],"medium":["https:\/\/infotep.com.ar\/wp-content\/uploads\/2023\/04\/CHARLA-POLICIAL-4-300x200.jpg",300,200,true],"medium_large":["https:\/\/infotep.com.ar\/wp-content\/uploads\/2023\/04\/CHARLA-POLICIAL-4-768x512.jpg",768,512,true],"large":["https:\/\/infotep.com.ar\/wp-content\/uploads\/2023\/04\/CHARLA-POLICIAL-4-1024x683.jpg",1020,680,true],"1536x1536":["https:\/\/infotep.com.ar\/wp-content\/uploads\/2023\/04\/CHARLA-POLICIAL-4.jpg",1200,800,false],"2048x2048":["https:\/\/infotep.com.ar\/wp-content\/uploads\/2023\/04\/CHARLA-POLICIAL-4.jpg",1200,800,false],"blossom-feminine-slider":["https:\/\/infotep.com.ar\/wp-content\/uploads\/2023\/04\/CHARLA-POLICIAL-4-1200x649.jpg",1200,649,true],"blossom-feminine-featured":["https:\/\/infotep.com.ar\/wp-content\/uploads\/2023\/04\/CHARLA-POLICIAL-4-1200x600.jpg",1200,600,true],"blossom-feminine-with-sidebar":["https:\/\/infotep.com.ar\/wp-content\/uploads\/2023\/04\/CHARLA-POLICIAL-4-1020x600.jpg",1020,600,true],"blossom-feminine-blog":["https:\/\/infotep.com.ar\/wp-content\/uploads\/2023\/04\/CHARLA-POLICIAL-4-435x435.jpg",435,435,true],"blossom-feminine-cat":["https:\/\/infotep.com.ar\/wp-content\/uploads\/2023\/04\/CHARLA-POLICIAL-4-450x300.jpg",450,300,true],"blossom-feminine-related":["https:\/\/infotep.com.ar\/wp-content\/uploads\/2023\/04\/CHARLA-POLICIAL-4-320x200.jpg",320,200,true],"blossom-feminine-schema":["https:\/\/infotep.com.ar\/wp-content\/uploads\/2023\/04\/CHARLA-POLICIAL-4-90x60.jpg",90,60,true],"blossom-mommy-blog-slider-big":["https:\/\/infotep.com.ar\/wp-content\/uploads\/2023\/04\/CHARLA-POLICIAL-4-920x650.jpg",920,650,true],"blossom-mommy-blog-slider":["https:\/\/infotep.com.ar\/wp-content\/uploads\/2023\/04\/CHARLA-POLICIAL-4-460x310.jpg",460,310,true],"blossom-mommy-blog-two":["https:\/\/infotep.com.ar\/wp-content\/uploads\/2023\/04\/CHARLA-POLICIAL-4-768x480.jpg",768,480,true]},"author_info":{"info":["Angela Tobar"]},"category_info":"<a href=\"https:\/\/infotep.com.ar\/index.php\/category\/municipales\/merlo\/\" rel=\"category tag\">Merlo<\/a>","tag_info":"Merlo","comment_count":"0","_links":{"self":[{"href":"https:\/\/infotep.com.ar\/index.php\/wp-json\/wp\/v2\/posts\/4483"}],"collection":[{"href":"https:\/\/infotep.com.ar\/index.php\/wp-json\/wp\/v2\/posts"}],"about":[{"href":"https:\/\/infotep.com.ar\/index.php\/wp-json\/wp\/v2\/types\/post"}],"author":[{"embeddable":true,"href":"https:\/\/infotep.com.ar\/index.php\/wp-json\/wp\/v2\/users\/5"}],"replies":[{"embeddable":true,"href":"https:\/\/infotep.com.ar\/index.php\/wp-json\/wp\/v2\/comments?post=4483"}],"version-history":[{"count":1,"href":"https:\/\/infotep.com.ar\/index.php\/wp-json\/wp\/v2\/posts\/4483\/revisions"}],"predecessor-version":[{"id":4485,"href":"https:\/\/infotep.com.ar\/index.php\/wp-json\/wp\/v2\/posts\/4483\/revisions\/4485"}],"wp:featuredmedia":[{"embeddable":true,"href":"https:\/\/infotep.com.ar\/index.php\/wp-json\/wp\/v2\/media\/4484"}],"wp:attachment":[{"href":"https:\/\/infotep.com.ar\/index.php\/wp-json\/wp\/v2\/media?parent=4483"}],"wp:term":[{"taxonomy":"category","embeddable":true,"href":"https:\/\/infotep.com.ar\/index.php\/wp-json\/wp\/v2\/categories?post=4483"},{"taxonomy":"post_tag","embeddable":true,"href":"https:\/\/infotep.com.ar\/index.php\/wp-json\/wp\/v2\/tags?post=4483"}],"curies":[{"name":"wp","href":"https:\/\/api.w.org\/{rel}","templated":true}]}}