{"id":4618,"date":"2023-04-17T16:35:26","date_gmt":"2023-04-17T19:35:26","guid":{"rendered":"https:\/\/infotep.com.ar\/?p=4618"},"modified":"2023-04-17T16:35:27","modified_gmt":"2023-04-17T19:35:27","slug":"milei-pidio-una-interna-con-patricia-bullrich","status":"publish","type":"post","link":"https:\/\/infotep.com.ar\/index.php\/2023\/04\/17\/milei-pidio-una-interna-con-patricia-bullrich\/","title":{"rendered":"Milei pidi\u00f3 una interna con Patricia Bullrich"},"content":{"rendered":"\n<p>El diputado libertario y precandidato a presidente, Javier Milei, pidi\u00f3 competir en una interna con la titular con uso de licencia del PRO, Patricia Bullrich, pero en un espacio diferenciado. &#8220;Si ella gana, acompa\u00f1o&#8221;, plante\u00f3 el fundador de La Libertad Avanza.<\/p>\n\n\n\n<p>&#8220;Estoy dispuesto a una interna con Bullrich en un nuevo espacio. Si gana ella, acompa\u00f1o&#8221;, plante\u00f3 en una entrevista que brind\u00f3 a Radio Rivadavia, y agreg\u00f3: &#8220;Y si gano yo, podr\u00eda convocar gente de su espacio y equipo. Con Macri tambi\u00e9n lo har\u00eda&#8221;.<\/p>\n\n\n\n<p>No es la primera vez que el libertario desliza la posibilidad de compartir espacio con Patricia Bullrich, pero siempre bajo la aclaraci\u00f3n de conformar un espacio diferenciado, por fuera de Juntos por el Cambio al que considera &#8220;una coalici\u00f3n destinada al fracaso.<\/p>\n\n\n\n<p>\u201cEstamos a tiempo de crear un partido e ir a una interna con Patricia Bullrich, el que gana conduce y el que pierde acompa\u00f1a. Ser\u00eda darle una soluci\u00f3n m\u00e1s pura\u201d, asegur\u00f3 el aspirante de a la presidencia de la Naci\u00f3n al tiempo que aclar\u00f3 que \u201cno hubiese aceptado una f\u00f3rmula con Patricia [Bullrich] dentro de Juntos por el Cambio\u201d.<\/p>\n\n\n\n<p>A su parte, la titular del PRO coquetea con la chance de sumar al economista, pero ha desechado anteriormente la posibilidad de competir por fuera de la principal coalici\u00f3n oficialista.<\/p>\n\n\n\n<p>El diputado de La Libertad Avanza dedic\u00f3 elogios al expresidente Mauricio Macri luego de haberlo defendido de las cr\u00edticas de la titular de la Coalici\u00f3n C\u00edvica &#8211; ARI, Elisa &#8220;Lilita&#8221; Carri\u00f3. \u201cC\u00f3mo no voy a convocar a alguien que tiene la experiencia y que hizo un excelente trabajo a nivel internacional. Habr\u00eda que crear una figura para aquellos que pasaron por la presidencia de un modo digno, que tenga una suerte de cargo como representante del pa\u00eds. Macri lo hizo fabulosamente bien\u201d, indic\u00f3.<\/p>\n\n\n\n<p>&#8220;Traidores y arrastrados&#8221;, tuite\u00f3 Milei al citar los dichos de Carri\u00f3, d\u00edas despu\u00e9s de haber calificado de lo mismo al jefe de Gobierno porte\u00f1o, Horacio Rodr\u00edguez Larreta. &#8220;Esto son los pol\u00edticos casta argentos. Se colgaron de Mauricio Macri durante 20 a\u00f1os para robar cargos y ahora lo escupen. Nada bueno puede salir de un traidor&#8221;, sostuvo, luego de que Carri\u00f3 asegurara que Macri desea abandonar Juntos por el Cambio para unirse al diputado libertario.<\/p>\n\n\n\n<p>En el marco de la interna, la ex diputada nacional afirm\u00f3 tambi\u00e9n que le parece una &#8220;injusticia&#8221; que digan que no est\u00e1 apoyando a la coalici\u00f3n opositora, y expres\u00f3: &#8220;Apoy\u00e9 al gobierno de Macri, pese a no estar de acuerdo con muchas cosas de su gesti\u00f3n&#8221;.<\/p>\n\n\n\n<p>\u201cMe parece horrible que hoy que Mauricio Macri se corri\u00f3 de la contienda, lo est\u00e9n escupiendo. El Gobierno de Macri no pudo avanzar porque el radicalismo, la Coalici\u00f3n C\u00edvica y el ala blanda del PRO le tiraban para atr\u00e1s\u201d, carg\u00f3 el libertario.<\/p>\n\n\n\n<p>D\u00edas atr\u00e1s, el legislador respald\u00f3 a Macri en su enojo con Rodr\u00edguez Larreta, luego de que anunciara elecciones concurrentes en la ciudad de Buenos Aires. &#8220;No solo entiendo entiendo el enojo de Macri sino que estoy de acuerdo&#8221;, afirm\u00f3, y concluy\u00f3: &#8220;Larreta se muestra como distinto y es un pol\u00edtico casta m\u00e1s. Comparto el enojo de Macri, y digo que acaba de traicionar al que cre\u00f3 el movimiento, al que lo sac\u00f3 del pozo. Hoy le pone un pu\u00f1al en la espalda. Es evidente la traici\u00f3n. Me indigna&#8221;.<\/p>\n","protected":false},"excerpt":{"rendered":"<p>El diputado libertario y precandidato a presidente, Javier Milei, pidi&oacute; competir en una interna con la titular con uso de licencia del PRO, Patricia Bullrich, pero en un espacio diferenciado. &ldquo;Si ella gana, acompa&ntilde;o&rdquo;, plante&oacute; el fundador de La Libertad Avanza. &ldquo;Estoy dispuesto a una interna con Bullrich en un nuevo espacio. Si gana ella, &hellip; <\/p>\n","protected":false},"author":5,"featured_media":4619,"comment_status":"closed","ping_status":"closed","sticky":false,"template":"","format":"standard","meta":{"om_disable_all_campaigns":false,"_joinchat":[]},"categories":[3],"tags":[46,43],"featured_image_urls":{"full":["https:\/\/infotep.com.ar\/wp-content\/uploads\/2023\/04\/milei.webp",984,553,false],"thumbnail":["https:\/\/infotep.com.ar\/wp-content\/uploads\/2023\/04\/milei-150x150.webp",150,150,true],"medium":["https:\/\/infotep.com.ar\/wp-content\/uploads\/2023\/04\/milei-300x169.webp",300,169,true],"medium_large":["https:\/\/infotep.com.ar\/wp-content\/uploads\/2023\/04\/milei-768x432.webp",768,432,true],"large":["https:\/\/infotep.com.ar\/wp-content\/uploads\/2023\/04\/milei.webp",984,553,false],"1536x1536":["https:\/\/infotep.com.ar\/wp-content\/uploads\/2023\/04\/milei.webp",984,553,false],"2048x2048":["https:\/\/infotep.com.ar\/wp-content\/uploads\/2023\/04\/milei.webp",984,553,false],"blossom-feminine-slider":["https:\/\/infotep.com.ar\/wp-content\/uploads\/2023\/04\/milei.webp",984,553,false],"blossom-feminine-featured":["https:\/\/infotep.com.ar\/wp-content\/uploads\/2023\/04\/milei.webp",984,553,false],"blossom-feminine-with-sidebar":["https:\/\/infotep.com.ar\/wp-content\/uploads\/2023\/04\/milei.webp",984,553,false],"blossom-feminine-blog":["https:\/\/infotep.com.ar\/wp-content\/uploads\/2023\/04\/milei-435x435.webp",435,435,true],"blossom-feminine-cat":["https:\/\/infotep.com.ar\/wp-content\/uploads\/2023\/04\/milei-450x300.webp",450,300,true],"blossom-feminine-related":["https:\/\/infotep.com.ar\/wp-content\/uploads\/2023\/04\/milei-320x200.webp",320,200,true],"blossom-feminine-schema":["https:\/\/infotep.com.ar\/wp-content\/uploads\/2023\/04\/milei-107x60.webp",107,60,true],"blossom-mommy-blog-slider-big":["https:\/\/infotep.com.ar\/wp-content\/uploads\/2023\/04\/milei-920x553.webp",920,553,true],"blossom-mommy-blog-slider":["https:\/\/infotep.com.ar\/wp-content\/uploads\/2023\/04\/milei-460x310.webp",460,310,true],"blossom-mommy-blog-two":["https:\/\/infotep.com.ar\/wp-content\/uploads\/2023\/04\/milei-768x480.webp",768,480,true]},"author_info":{"info":["Angela Tobar"]},"category_info":"<a href=\"https:\/\/infotep.com.ar\/index.php\/category\/nacionales\/\" rel=\"category tag\">Nacionales<\/a>","tag_info":"Nacionales","comment_count":"0","_links":{"self":[{"href":"https:\/\/infotep.com.ar\/index.php\/wp-json\/wp\/v2\/posts\/4618"}],"collection":[{"href":"https:\/\/infotep.com.ar\/index.php\/wp-json\/wp\/v2\/posts"}],"about":[{"href":"https:\/\/infotep.com.ar\/index.php\/wp-json\/wp\/v2\/types\/post"}],"author":[{"embeddable":true,"href":"https:\/\/infotep.com.ar\/index.php\/wp-json\/wp\/v2\/users\/5"}],"replies":[{"embeddable":true,"href":"https:\/\/infotep.com.ar\/index.php\/wp-json\/wp\/v2\/comments?post=4618"}],"version-history":[{"count":1,"href":"https:\/\/infotep.com.ar\/index.php\/wp-json\/wp\/v2\/posts\/4618\/revisions"}],"predecessor-version":[{"id":4620,"href":"https:\/\/infotep.com.ar\/index.php\/wp-json\/wp\/v2\/posts\/4618\/revisions\/4620"}],"wp:featuredmedia":[{"embeddable":true,"href":"https:\/\/infotep.com.ar\/index.php\/wp-json\/wp\/v2\/media\/4619"}],"wp:attachment":[{"href":"https:\/\/infotep.com.ar\/index.php\/wp-json\/wp\/v2\/media?parent=4618"}],"wp:term":[{"taxonomy":"category","embeddable":true,"href":"https:\/\/infotep.com.ar\/index.php\/wp-json\/wp\/v2\/categories?post=4618"},{"taxonomy":"post_tag","embeddable":true,"href":"https:\/\/infotep.com.ar\/index.php\/wp-json\/wp\/v2\/tags?post=4618"}],"curies":[{"name":"wp","href":"https:\/\/api.w.org\/{rel}","templated":true}]}}