{"id":4621,"date":"2023-04-17T16:51:27","date_gmt":"2023-04-17T19:51:27","guid":{"rendered":"https:\/\/infotep.com.ar\/?p=4621"},"modified":"2023-04-17T16:51:27","modified_gmt":"2023-04-17T19:51:27","slug":"mas-obras-en-ituzaingo-comenzo-la-puesta-en-valor-del-camino-vial-famatina","status":"publish","type":"post","link":"https:\/\/infotep.com.ar\/index.php\/2023\/04\/17\/mas-obras-en-ituzaingo-comenzo-la-puesta-en-valor-del-camino-vial-famatina\/","title":{"rendered":"M\u00e1s obras en Ituzaing\u00f3: comenz\u00f3 la puesta en valor del camino vial Famatina"},"content":{"rendered":"\n<p>Contin\u00faa ejecut\u00e1ndose el Plan Integral de Obras 2023, con la puesta en marcha de trabajos de repavimentaci\u00f3n y puesta en valor de diferentes arterias vehiculares en todo el distrito, con el objetivo de optimizar la circulaci\u00f3n y la conectividad, garantizando a su vez la seguridad vial. En esta oportunidad informamos que comenzaron los trabajos de la puesta en valor integral del Camino Vial Famatina, en esta primera instancia en la calle P\u00e9rez Quintana, desde Colectora hasta Aconquija.<\/p>\n\n\n\n<p>La obra del Camino Vial, que comprende en su totalidad Famatina, desde Acevedo hasta Gral. Mart\u00edn Rodr\u00edguez, Aconquija y P\u00e9rez Quintana, hasta Colectora, incluye la realizaci\u00f3n de bacheo en hormig\u00f3n simple y encarpetado. Adem\u00e1s contempla la se\u00f1alizaci\u00f3n vial y demarcaci\u00f3n horizontal, la construcci\u00f3n de rampas de accesibilidad y la reparaci\u00f3n de cordones, junto con la renovaci\u00f3n de refugios para usuarios de transporte p\u00fablico.<\/p>\n\n\n\n<p>En este sentido, en esta primera etapa que se extender\u00e1 por 30 d\u00edas, se encontrar\u00e1 cerrada al tr\u00e1nsito el tramo que comprende P\u00e9rez Quintana, desde Colectora hasta Aconquija, quedando habilitado el desv\u00edo en la calle Aconquija. A su vez, cabe destacar que se encontrar\u00e1 habilitada la circulaci\u00f3n de las calles que rodean a la EES N\u00b020 y la EEP N\u00b021 (P\u00e9rez Quintana, Jauregui, Ratti, Colectora), \u00fanicamente para alumnos\/as, docentes y comunidad educativa.<\/p>\n","protected":false},"excerpt":{"rendered":"<p>Contin&uacute;a ejecut&aacute;ndose el Plan Integral de Obras 2023, con la puesta en marcha de trabajos de repavimentaci&oacute;n y puesta en valor de diferentes arterias vehiculares en todo el distrito, con el objetivo de optimizar la circulaci&oacute;n y la conectividad, garantizando a su vez la seguridad vial. En esta oportunidad informamos que comenzaron los trabajos de &hellip; <\/p>\n","protected":false},"author":5,"featured_media":4622,"comment_status":"closed","ping_status":"closed","sticky":false,"template":"","format":"standard","meta":{"om_disable_all_campaigns":false,"_joinchat":[]},"categories":[8],"tags":[46,51,43],"featured_image_urls":{"full":["https:\/\/infotep.com.ar\/wp-content\/uploads\/2023\/04\/OBRAS-2023.jpeg",1600,1066,false],"thumbnail":["https:\/\/infotep.com.ar\/wp-content\/uploads\/2023\/04\/OBRAS-2023-150x150.jpeg",150,150,true],"medium":["https:\/\/infotep.com.ar\/wp-content\/uploads\/2023\/04\/OBRAS-2023-300x200.jpeg",300,200,true],"medium_large":["https:\/\/infotep.com.ar\/wp-content\/uploads\/2023\/04\/OBRAS-2023-768x512.jpeg",768,512,true],"large":["https:\/\/infotep.com.ar\/wp-content\/uploads\/2023\/04\/OBRAS-2023-1024x682.jpeg",1020,679,true],"1536x1536":["https:\/\/infotep.com.ar\/wp-content\/uploads\/2023\/04\/OBRAS-2023-1536x1023.jpeg",1536,1023,true],"2048x2048":["https:\/\/infotep.com.ar\/wp-content\/uploads\/2023\/04\/OBRAS-2023.jpeg",1600,1066,false],"blossom-feminine-slider":["https:\/\/infotep.com.ar\/wp-content\/uploads\/2023\/04\/OBRAS-2023-1600x649.jpeg",1600,649,true],"blossom-feminine-featured":["https:\/\/infotep.com.ar\/wp-content\/uploads\/2023\/04\/OBRAS-2023-1410x600.jpeg",1410,600,true],"blossom-feminine-with-sidebar":["https:\/\/infotep.com.ar\/wp-content\/uploads\/2023\/04\/OBRAS-2023-1020x600.jpeg",1020,600,true],"blossom-feminine-blog":["https:\/\/infotep.com.ar\/wp-content\/uploads\/2023\/04\/OBRAS-2023-435x435.jpeg",435,435,true],"blossom-feminine-cat":["https:\/\/infotep.com.ar\/wp-content\/uploads\/2023\/04\/OBRAS-2023-450x300.jpeg",450,300,true],"blossom-feminine-related":["https:\/\/infotep.com.ar\/wp-content\/uploads\/2023\/04\/OBRAS-2023-320x200.jpeg",320,200,true],"blossom-feminine-schema":["https:\/\/infotep.com.ar\/wp-content\/uploads\/2023\/04\/OBRAS-2023-90x60.jpeg",90,60,true],"blossom-mommy-blog-slider-big":["https:\/\/infotep.com.ar\/wp-content\/uploads\/2023\/04\/OBRAS-2023-920x650.jpeg",920,650,true],"blossom-mommy-blog-slider":["https:\/\/infotep.com.ar\/wp-content\/uploads\/2023\/04\/OBRAS-2023-460x310.jpeg",460,310,true],"blossom-mommy-blog-two":["https:\/\/infotep.com.ar\/wp-content\/uploads\/2023\/04\/OBRAS-2023-768x480.jpeg",768,480,true]},"author_info":{"info":["Angela Tobar"]},"category_info":"<a href=\"https:\/\/infotep.com.ar\/index.php\/category\/municipales\/ituzaingo\/\" rel=\"category tag\">Ituzaing\u00f3<\/a>","tag_info":"Ituzaing\u00f3","comment_count":"0","_links":{"self":[{"href":"https:\/\/infotep.com.ar\/index.php\/wp-json\/wp\/v2\/posts\/4621"}],"collection":[{"href":"https:\/\/infotep.com.ar\/index.php\/wp-json\/wp\/v2\/posts"}],"about":[{"href":"https:\/\/infotep.com.ar\/index.php\/wp-json\/wp\/v2\/types\/post"}],"author":[{"embeddable":true,"href":"https:\/\/infotep.com.ar\/index.php\/wp-json\/wp\/v2\/users\/5"}],"replies":[{"embeddable":true,"href":"https:\/\/infotep.com.ar\/index.php\/wp-json\/wp\/v2\/comments?post=4621"}],"version-history":[{"count":1,"href":"https:\/\/infotep.com.ar\/index.php\/wp-json\/wp\/v2\/posts\/4621\/revisions"}],"predecessor-version":[{"id":4623,"href":"https:\/\/infotep.com.ar\/index.php\/wp-json\/wp\/v2\/posts\/4621\/revisions\/4623"}],"wp:featuredmedia":[{"embeddable":true,"href":"https:\/\/infotep.com.ar\/index.php\/wp-json\/wp\/v2\/media\/4622"}],"wp:attachment":[{"href":"https:\/\/infotep.com.ar\/index.php\/wp-json\/wp\/v2\/media?parent=4621"}],"wp:term":[{"taxonomy":"category","embeddable":true,"href":"https:\/\/infotep.com.ar\/index.php\/wp-json\/wp\/v2\/categories?post=4621"},{"taxonomy":"post_tag","embeddable":true,"href":"https:\/\/infotep.com.ar\/index.php\/wp-json\/wp\/v2\/tags?post=4621"}],"curies":[{"name":"wp","href":"https:\/\/api.w.org\/{rel}","templated":true}]}}