{"id":4847,"date":"2023-04-28T06:04:00","date_gmt":"2023-04-28T09:04:00","guid":{"rendered":"https:\/\/infotep.com.ar\/?p=4847"},"modified":"2023-04-28T09:06:03","modified_gmt":"2023-04-28T12:06:03","slug":"rodriguez-larreta-sobre-espert-tengo-la-vision-de-que-tenemos-que-sumar-para-ganarle-al-kirchnerismo","status":"publish","type":"post","link":"https:\/\/infotep.com.ar\/index.php\/2023\/04\/28\/rodriguez-larreta-sobre-espert-tengo-la-vision-de-que-tenemos-que-sumar-para-ganarle-al-kirchnerismo\/","title":{"rendered":"Rodr\u00edguez Larreta sobre Espert: &#8220;Tengo la visi\u00f3n de que tenemos que sumar para ganarle al kirchnerismo&#8221;"},"content":{"rendered":"\n<p>El precandidato presidencial de Juntos por el Cambio (JxC) y jefe de Gobierno porte\u00f1o, Horacio Rodr\u00edguez Larreta, asegur\u00f3 que la incorporaci\u00f3n del diputado de Avanza Libertad Jos\u00e9 Luis Espert a Juntos por el Cambio puede servir para &#8220;ganarle al kirchnerismo&#8221;.<\/p>\n\n\n\n<p><strong>\u201cTengo la visi\u00f3n de que tenemos que sumar para ganarle al kirchnerismo&#8221;, indic\u00f3 el mandatario porte\u00f1o sobre la posible nueva alianza del frente opositor.<\/strong><\/p>\n\n\n\n<p>El referente de Juntos dijo que respeta mucho a Espert, que \u201ces un gran economista\u201d, y record\u00f3 que el l\u00edder de la Avanza Libertad ya estuvo muy cerca del espacio pol\u00edtico en las elecciones anteriores y que tambi\u00e9n lo acompa\u00f1\u00f3 en la Capital, en otra elecci\u00f3n.<\/p>\n\n\n\n<p>Rodr\u00edguez Larreta recorri\u00f3 el municipio de Florencio Varela, donde realiz\u00f3 distintas actividades para conocer la realidad de la zona y analizar distintas propuestas.<\/p>\n\n\n\n<p>Lo acompa\u00f1aron el precandidato a Intendente, Pablo Alaniz, y la referente local, Florencia Casamiquela, con quienes mantuvo un almuerzo para interiorizarse sobre el curso de las cuestiones locales.<\/p>\n\n\n\n<p>Por otro lado, y en el marco de la crecida de la moneda estadounidense, Rodr\u00edguez Larreta reiter\u00f3 que se opone a la dolarizaci\u00f3n porque \u201ces ir a contramano del mundo\u201d y porque \u201ces muy parecido a la convertibilidad y el final de la convertibilidad fue ca\u00f3tico para la Argentina\u201d.<\/p>\n\n\n\n<p>En cambio, subray\u00f3: \u201cTenemos que tener el valor y el coraje para recuperar nuestro peso\u201d.<\/p>\n","protected":false},"excerpt":{"rendered":"<p>El precandidato presidencial de Juntos por el Cambio (JxC) y jefe de Gobierno porte&ntilde;o, Horacio Rodr&iacute;guez Larreta, asegur&oacute; que la incorporaci&oacute;n del diputado de Avanza Libertad Jos&eacute; Luis Espert a Juntos por el Cambio puede servir para &ldquo;ganarle al kirchnerismo&rdquo;. &ldquo;Tengo la visi&oacute;n de que tenemos que sumar para ganarle al kirchnerismo&rdquo;, indic&oacute; el mandatario &hellip; <\/p>\n","protected":false},"author":5,"featured_media":4848,"comment_status":"closed","ping_status":"closed","sticky":false,"template":"","format":"standard","meta":{"om_disable_all_campaigns":false,"_joinchat":[]},"categories":[3],"tags":[46,43],"featured_image_urls":{"full":["https:\/\/infotep.com.ar\/wp-content\/uploads\/2023\/04\/larreta-espert.jpg",768,512,false],"thumbnail":["https:\/\/infotep.com.ar\/wp-content\/uploads\/2023\/04\/larreta-espert-150x150.jpg",150,150,true],"medium":["https:\/\/infotep.com.ar\/wp-content\/uploads\/2023\/04\/larreta-espert-300x200.jpg",300,200,true],"medium_large":["https:\/\/infotep.com.ar\/wp-content\/uploads\/2023\/04\/larreta-espert.jpg",768,512,false],"large":["https:\/\/infotep.com.ar\/wp-content\/uploads\/2023\/04\/larreta-espert.jpg",768,512,false],"1536x1536":["https:\/\/infotep.com.ar\/wp-content\/uploads\/2023\/04\/larreta-espert.jpg",768,512,false],"2048x2048":["https:\/\/infotep.com.ar\/wp-content\/uploads\/2023\/04\/larreta-espert.jpg",768,512,false],"blossom-feminine-slider":["https:\/\/infotep.com.ar\/wp-content\/uploads\/2023\/04\/larreta-espert.jpg",768,512,false],"blossom-feminine-featured":["https:\/\/infotep.com.ar\/wp-content\/uploads\/2023\/04\/larreta-espert.jpg",768,512,false],"blossom-feminine-with-sidebar":["https:\/\/infotep.com.ar\/wp-content\/uploads\/2023\/04\/larreta-espert.jpg",768,512,false],"blossom-feminine-blog":["https:\/\/infotep.com.ar\/wp-content\/uploads\/2023\/04\/larreta-espert-435x435.jpg",435,435,true],"blossom-feminine-cat":["https:\/\/infotep.com.ar\/wp-content\/uploads\/2023\/04\/larreta-espert-450x300.jpg",450,300,true],"blossom-feminine-related":["https:\/\/infotep.com.ar\/wp-content\/uploads\/2023\/04\/larreta-espert-320x200.jpg",320,200,true],"blossom-feminine-schema":["https:\/\/infotep.com.ar\/wp-content\/uploads\/2023\/04\/larreta-espert-90x60.jpg",90,60,true],"blossom-mommy-blog-slider-big":["https:\/\/infotep.com.ar\/wp-content\/uploads\/2023\/04\/larreta-espert.jpg",768,512,false],"blossom-mommy-blog-slider":["https:\/\/infotep.com.ar\/wp-content\/uploads\/2023\/04\/larreta-espert-460x310.jpg",460,310,true],"blossom-mommy-blog-two":["https:\/\/infotep.com.ar\/wp-content\/uploads\/2023\/04\/larreta-espert-768x480.jpg",768,480,true]},"author_info":{"info":["Angela Tobar"]},"category_info":"<a href=\"https:\/\/infotep.com.ar\/index.php\/category\/nacionales\/\" rel=\"category tag\">Nacionales<\/a>","tag_info":"Nacionales","comment_count":"0","_links":{"self":[{"href":"https:\/\/infotep.com.ar\/index.php\/wp-json\/wp\/v2\/posts\/4847"}],"collection":[{"href":"https:\/\/infotep.com.ar\/index.php\/wp-json\/wp\/v2\/posts"}],"about":[{"href":"https:\/\/infotep.com.ar\/index.php\/wp-json\/wp\/v2\/types\/post"}],"author":[{"embeddable":true,"href":"https:\/\/infotep.com.ar\/index.php\/wp-json\/wp\/v2\/users\/5"}],"replies":[{"embeddable":true,"href":"https:\/\/infotep.com.ar\/index.php\/wp-json\/wp\/v2\/comments?post=4847"}],"version-history":[{"count":1,"href":"https:\/\/infotep.com.ar\/index.php\/wp-json\/wp\/v2\/posts\/4847\/revisions"}],"predecessor-version":[{"id":4849,"href":"https:\/\/infotep.com.ar\/index.php\/wp-json\/wp\/v2\/posts\/4847\/revisions\/4849"}],"wp:featuredmedia":[{"embeddable":true,"href":"https:\/\/infotep.com.ar\/index.php\/wp-json\/wp\/v2\/media\/4848"}],"wp:attachment":[{"href":"https:\/\/infotep.com.ar\/index.php\/wp-json\/wp\/v2\/media?parent=4847"}],"wp:term":[{"taxonomy":"category","embeddable":true,"href":"https:\/\/infotep.com.ar\/index.php\/wp-json\/wp\/v2\/categories?post=4847"},{"taxonomy":"post_tag","embeddable":true,"href":"https:\/\/infotep.com.ar\/index.php\/wp-json\/wp\/v2\/tags?post=4847"}],"curies":[{"name":"wp","href":"https:\/\/api.w.org\/{rel}","templated":true}]}}