{"id":4996,"date":"2023-05-09T19:00:44","date_gmt":"2023-05-09T22:00:44","guid":{"rendered":"https:\/\/infotep.com.ar\/?p=4996"},"modified":"2023-05-09T19:00:45","modified_gmt":"2023-05-09T22:00:45","slug":"ituzaingo-comenzo-la-inscripcion-para-el-taller-gratuito-sobre-lenguaje-audiovisual-y-realizacion","status":"publish","type":"post","link":"https:\/\/infotep.com.ar\/index.php\/2023\/05\/09\/ituzaingo-comenzo-la-inscripcion-para-el-taller-gratuito-sobre-lenguaje-audiovisual-y-realizacion\/","title":{"rendered":"Ituzaing\u00f3: Comenz\u00f3 la inscripci\u00f3n para el taller gratuito sobre lenguaje audiovisual y realizaci\u00f3n"},"content":{"rendered":"\n<p>Se encuentran abiertas las inscripciones para el nuevo taller de Introducci\u00f3n al Lenguaje Audiovisual, destinado a vecinos y vecinas desde 14 a\u00f1os en adelante, que se dictar\u00e1 en el Centro Cultural Ituzaing\u00f3 (Soler y Mansilla). <\/p>\n\n\n\n<p>El taller tiene por objetivo brindar una aproximaci\u00f3n al lenguaje audiovisual, a trav\u00e9s de un recorrido te\u00f3rico-pr\u00e1ctico, que les proveer\u00e1 a los alumnos, los conocimientos b\u00e1sicos para desenvolverse como realizadores y espectadores cr\u00edticos. Cabe destacar que no es necesario contar con equipo profesional, sino que se utilizar\u00e1n los dispositivos que dispongan.<\/p>\n\n\n\n<p><strong>Para ser parte del taller, no se requiere conocimientos previos. El taller se dividir\u00e1 en dos cursos, los d\u00edas s\u00e1bados: j\u00f3venes de 14 a 17 a\u00f1os (14 a 16hs) y adultos de 18 a\u00f1os en adelante (16 a 18hs) y ser\u00e1 hasta fin de a\u00f1o.<\/strong><\/p>\n\n\n\n<p>Los interesados e interesadas podr\u00e1n inscribirse acerc\u00e1ndose al Centro Cultural Ituzaing\u00f3 (Soler y Mansilla) de lunes a viernes de 8 a 20hs. Para m\u00e1s informaci\u00f3n, comunicarse al 2120-1872.<\/p>\n","protected":false},"excerpt":{"rendered":"<p>Se encuentran abiertas las inscripciones para el nuevo taller de Introducci&oacute;n al Lenguaje Audiovisual, destinado a vecinos y vecinas desde 14 a&ntilde;os en adelante, que se dictar&aacute; en el Centro Cultural Ituzaing&oacute; (Soler y Mansilla). El taller tiene por objetivo brindar una aproximaci&oacute;n al lenguaje audiovisual, a trav&eacute;s de un recorrido te&oacute;rico-pr&aacute;ctico, que les proveer&aacute; &hellip; <\/p>\n","protected":false},"author":5,"featured_media":4997,"comment_status":"closed","ping_status":"closed","sticky":false,"template":"","format":"standard","meta":{"om_disable_all_campaigns":false,"_joinchat":[]},"categories":[8],"tags":[46,51,43],"featured_image_urls":{"full":["https:\/\/infotep.com.ar\/wp-content\/uploads\/2023\/05\/Taller-lenguaje-audiovisual-scaled.jpg",2560,1707,false],"thumbnail":["https:\/\/infotep.com.ar\/wp-content\/uploads\/2023\/05\/Taller-lenguaje-audiovisual-150x150.jpg",150,150,true],"medium":["https:\/\/infotep.com.ar\/wp-content\/uploads\/2023\/05\/Taller-lenguaje-audiovisual-300x200.jpg",300,200,true],"medium_large":["https:\/\/infotep.com.ar\/wp-content\/uploads\/2023\/05\/Taller-lenguaje-audiovisual-768x512.jpg",768,512,true],"large":["https:\/\/infotep.com.ar\/wp-content\/uploads\/2023\/05\/Taller-lenguaje-audiovisual-1024x683.jpg",1020,680,true],"1536x1536":["https:\/\/infotep.com.ar\/wp-content\/uploads\/2023\/05\/Taller-lenguaje-audiovisual-1536x1024.jpg",1536,1024,true],"2048x2048":["https:\/\/infotep.com.ar\/wp-content\/uploads\/2023\/05\/Taller-lenguaje-audiovisual-2048x1365.jpg",2048,1365,true],"blossom-feminine-slider":["https:\/\/infotep.com.ar\/wp-content\/uploads\/2023\/05\/Taller-lenguaje-audiovisual-1920x649.jpg",1920,649,true],"blossom-feminine-featured":["https:\/\/infotep.com.ar\/wp-content\/uploads\/2023\/05\/Taller-lenguaje-audiovisual-1410x600.jpg",1410,600,true],"blossom-feminine-with-sidebar":["https:\/\/infotep.com.ar\/wp-content\/uploads\/2023\/05\/Taller-lenguaje-audiovisual-1020x600.jpg",1020,600,true],"blossom-feminine-blog":["https:\/\/infotep.com.ar\/wp-content\/uploads\/2023\/05\/Taller-lenguaje-audiovisual-435x435.jpg",435,435,true],"blossom-feminine-cat":["https:\/\/infotep.com.ar\/wp-content\/uploads\/2023\/05\/Taller-lenguaje-audiovisual-450x300.jpg",450,300,true],"blossom-feminine-related":["https:\/\/infotep.com.ar\/wp-content\/uploads\/2023\/05\/Taller-lenguaje-audiovisual-320x200.jpg",320,200,true],"blossom-feminine-schema":["https:\/\/infotep.com.ar\/wp-content\/uploads\/2023\/05\/Taller-lenguaje-audiovisual-90x60.jpg",90,60,true],"blossom-mommy-blog-slider-big":["https:\/\/infotep.com.ar\/wp-content\/uploads\/2023\/05\/Taller-lenguaje-audiovisual-920x650.jpg",920,650,true],"blossom-mommy-blog-slider":["https:\/\/infotep.com.ar\/wp-content\/uploads\/2023\/05\/Taller-lenguaje-audiovisual-460x310.jpg",460,310,true],"blossom-mommy-blog-two":["https:\/\/infotep.com.ar\/wp-content\/uploads\/2023\/05\/Taller-lenguaje-audiovisual-768x480.jpg",768,480,true]},"author_info":{"info":["Angela Tobar"]},"category_info":"<a href=\"https:\/\/infotep.com.ar\/index.php\/category\/municipales\/ituzaingo\/\" rel=\"category tag\">Ituzaing\u00f3<\/a>","tag_info":"Ituzaing\u00f3","comment_count":"0","_links":{"self":[{"href":"https:\/\/infotep.com.ar\/index.php\/wp-json\/wp\/v2\/posts\/4996"}],"collection":[{"href":"https:\/\/infotep.com.ar\/index.php\/wp-json\/wp\/v2\/posts"}],"about":[{"href":"https:\/\/infotep.com.ar\/index.php\/wp-json\/wp\/v2\/types\/post"}],"author":[{"embeddable":true,"href":"https:\/\/infotep.com.ar\/index.php\/wp-json\/wp\/v2\/users\/5"}],"replies":[{"embeddable":true,"href":"https:\/\/infotep.com.ar\/index.php\/wp-json\/wp\/v2\/comments?post=4996"}],"version-history":[{"count":1,"href":"https:\/\/infotep.com.ar\/index.php\/wp-json\/wp\/v2\/posts\/4996\/revisions"}],"predecessor-version":[{"id":4998,"href":"https:\/\/infotep.com.ar\/index.php\/wp-json\/wp\/v2\/posts\/4996\/revisions\/4998"}],"wp:featuredmedia":[{"embeddable":true,"href":"https:\/\/infotep.com.ar\/index.php\/wp-json\/wp\/v2\/media\/4997"}],"wp:attachment":[{"href":"https:\/\/infotep.com.ar\/index.php\/wp-json\/wp\/v2\/media?parent=4996"}],"wp:term":[{"taxonomy":"category","embeddable":true,"href":"https:\/\/infotep.com.ar\/index.php\/wp-json\/wp\/v2\/categories?post=4996"},{"taxonomy":"post_tag","embeddable":true,"href":"https:\/\/infotep.com.ar\/index.php\/wp-json\/wp\/v2\/tags?post=4996"}],"curies":[{"name":"wp","href":"https:\/\/api.w.org\/{rel}","templated":true}]}}