{"id":4999,"date":"2023-05-09T19:03:31","date_gmt":"2023-05-09T22:03:31","guid":{"rendered":"https:\/\/infotep.com.ar\/?p=4999"},"modified":"2023-05-09T19:03:32","modified_gmt":"2023-05-09T22:03:32","slug":"mercado-en-tu-barrio-estuvo-en-merlo","status":"publish","type":"post","link":"https:\/\/infotep.com.ar\/index.php\/2023\/05\/09\/mercado-en-tu-barrio-estuvo-en-merlo\/","title":{"rendered":"Mercado en tu barrio estuvo en Merlo"},"content":{"rendered":"\n<p>El Programa Provincial impulsado por el Ministerio de Desarrollo Agrario estuvo presente en la Plaza de los Bomberos, para que los vecinos puedan acceder a productos de calidad a precios accesibles al bolsillo.<\/p>\n\n\n\n<p>Esta propuesta se lleva adelante en los barrios, donde los merlenses encuentran los productos de la canasta b\u00e1sica a bajo costo. Entre las opciones hay carnes, l\u00e1cteos, pastas, alimentos secos, pescados, pollo, quesos, huevos, frutas, fiambres, verduras y huevos.<\/p>\n\n\n\n<p>Adem\u00e1s de brindar los alimentos a precios accesibles, el Mercado Bonaerense fomenta la producci\u00f3n y el consumo local. A su vez, los vecinos y vecinas tienen el beneficio de un 40% de descuento comprando los productos mediante la Cuenta DNI.<\/p>\n\n\n\n<p>Esta propuesta se realiza en varios puntos del distrito y es un trabajo articulado entre el Gobierno del Pueblo de Merlo con la Secretar\u00eda de Desarrollo Econ\u00f3mico Sustentable junto a la Provincia de Buenos Aires, y el Ministerio de Desarrollo Agrario.<\/p>\n\n\n\n<p>Si quer\u00e9s conocer las pr\u00f3ximas fechas del programa. Ingres\u00e1 en el siguiente enlace: <a href=\"http:\/\/www.merlo.gob.ar\/mercadobonaerense\/\" target=\"_blank\" rel=\"noreferrer noopener\">www.merlo.gob.ar\/mercadobonaerense\/<\/a><\/p>\n","protected":false},"excerpt":{"rendered":"<p>El Programa Provincial impulsado por el Ministerio de Desarrollo Agrario estuvo presente en la Plaza de los Bomberos, para que los vecinos puedan acceder a productos de calidad a precios accesibles al bolsillo. Esta propuesta se lleva adelante en los barrios, donde los merlenses encuentran los productos de la canasta b&aacute;sica a bajo costo. Entre &hellip; <\/p>\n","protected":false},"author":5,"featured_media":5000,"comment_status":"closed","ping_status":"closed","sticky":false,"template":"","format":"standard","meta":{"om_disable_all_campaigns":false,"_joinchat":[]},"categories":[10],"tags":[46,43],"featured_image_urls":{"full":["https:\/\/infotep.com.ar\/wp-content\/uploads\/2023\/05\/mercado-bonaerense-merlo.jpg",1200,675,false],"thumbnail":["https:\/\/infotep.com.ar\/wp-content\/uploads\/2023\/05\/mercado-bonaerense-merlo-150x150.jpg",150,150,true],"medium":["https:\/\/infotep.com.ar\/wp-content\/uploads\/2023\/05\/mercado-bonaerense-merlo-300x169.jpg",300,169,true],"medium_large":["https:\/\/infotep.com.ar\/wp-content\/uploads\/2023\/05\/mercado-bonaerense-merlo-768x432.jpg",768,432,true],"large":["https:\/\/infotep.com.ar\/wp-content\/uploads\/2023\/05\/mercado-bonaerense-merlo-1024x576.jpg",1020,574,true],"1536x1536":["https:\/\/infotep.com.ar\/wp-content\/uploads\/2023\/05\/mercado-bonaerense-merlo.jpg",1200,675,false],"2048x2048":["https:\/\/infotep.com.ar\/wp-content\/uploads\/2023\/05\/mercado-bonaerense-merlo.jpg",1200,675,false],"blossom-feminine-slider":["https:\/\/infotep.com.ar\/wp-content\/uploads\/2023\/05\/mercado-bonaerense-merlo-1200x649.jpg",1200,649,true],"blossom-feminine-featured":["https:\/\/infotep.com.ar\/wp-content\/uploads\/2023\/05\/mercado-bonaerense-merlo-1200x600.jpg",1200,600,true],"blossom-feminine-with-sidebar":["https:\/\/infotep.com.ar\/wp-content\/uploads\/2023\/05\/mercado-bonaerense-merlo-1020x600.jpg",1020,600,true],"blossom-feminine-blog":["https:\/\/infotep.com.ar\/wp-content\/uploads\/2023\/05\/mercado-bonaerense-merlo-435x435.jpg",435,435,true],"blossom-feminine-cat":["https:\/\/infotep.com.ar\/wp-content\/uploads\/2023\/05\/mercado-bonaerense-merlo-450x300.jpg",450,300,true],"blossom-feminine-related":["https:\/\/infotep.com.ar\/wp-content\/uploads\/2023\/05\/mercado-bonaerense-merlo-320x200.jpg",320,200,true],"blossom-feminine-schema":["https:\/\/infotep.com.ar\/wp-content\/uploads\/2023\/05\/mercado-bonaerense-merlo-107x60.jpg",107,60,true],"blossom-mommy-blog-slider-big":["https:\/\/infotep.com.ar\/wp-content\/uploads\/2023\/05\/mercado-bonaerense-merlo-920x650.jpg",920,650,true],"blossom-mommy-blog-slider":["https:\/\/infotep.com.ar\/wp-content\/uploads\/2023\/05\/mercado-bonaerense-merlo-460x310.jpg",460,310,true],"blossom-mommy-blog-two":["https:\/\/infotep.com.ar\/wp-content\/uploads\/2023\/05\/mercado-bonaerense-merlo-768x480.jpg",768,480,true]},"author_info":{"info":["Angela Tobar"]},"category_info":"<a href=\"https:\/\/infotep.com.ar\/index.php\/category\/municipales\/merlo\/\" rel=\"category tag\">Merlo<\/a>","tag_info":"Merlo","comment_count":"0","_links":{"self":[{"href":"https:\/\/infotep.com.ar\/index.php\/wp-json\/wp\/v2\/posts\/4999"}],"collection":[{"href":"https:\/\/infotep.com.ar\/index.php\/wp-json\/wp\/v2\/posts"}],"about":[{"href":"https:\/\/infotep.com.ar\/index.php\/wp-json\/wp\/v2\/types\/post"}],"author":[{"embeddable":true,"href":"https:\/\/infotep.com.ar\/index.php\/wp-json\/wp\/v2\/users\/5"}],"replies":[{"embeddable":true,"href":"https:\/\/infotep.com.ar\/index.php\/wp-json\/wp\/v2\/comments?post=4999"}],"version-history":[{"count":1,"href":"https:\/\/infotep.com.ar\/index.php\/wp-json\/wp\/v2\/posts\/4999\/revisions"}],"predecessor-version":[{"id":5001,"href":"https:\/\/infotep.com.ar\/index.php\/wp-json\/wp\/v2\/posts\/4999\/revisions\/5001"}],"wp:featuredmedia":[{"embeddable":true,"href":"https:\/\/infotep.com.ar\/index.php\/wp-json\/wp\/v2\/media\/5000"}],"wp:attachment":[{"href":"https:\/\/infotep.com.ar\/index.php\/wp-json\/wp\/v2\/media?parent=4999"}],"wp:term":[{"taxonomy":"category","embeddable":true,"href":"https:\/\/infotep.com.ar\/index.php\/wp-json\/wp\/v2\/categories?post=4999"},{"taxonomy":"post_tag","embeddable":true,"href":"https:\/\/infotep.com.ar\/index.php\/wp-json\/wp\/v2\/tags?post=4999"}],"curies":[{"name":"wp","href":"https:\/\/api.w.org\/{rel}","templated":true}]}}