{"id":5028,"date":"2023-05-11T16:33:35","date_gmt":"2023-05-11T19:33:35","guid":{"rendered":"https:\/\/infotep.com.ar\/?p=5028"},"modified":"2023-05-14T23:23:41","modified_gmt":"2023-05-15T02:23:41","slug":"moron-sumo-efectivos-moviles-y-motos-para-reforzar-la-seguridad","status":"publish","type":"post","link":"https:\/\/infotep.com.ar\/index.php\/2023\/05\/11\/moron-sumo-efectivos-moviles-y-motos-para-reforzar-la-seguridad\/","title":{"rendered":"Mor\u00f3n sum\u00f3 efectivos, m\u00f3viles y motos para reforzar la seguridad"},"content":{"rendered":"\n<p><\/p>\n\n\n\n<p>El Municipio y el Ministerio de Seguridad bonaerense presentaron a los nuevos 300 efectivos que recorrer\u00e1n la comuna. Tambi\u00e9n se sumaron 10 m\u00f3viles y 12 motos que formar\u00e1n parte de la Fuerza Barrial de Aproximaci\u00f3n (FBA), nueva divisi\u00f3n de la Polic\u00eda Bonaerense.<\/p>\n\n\n\n<p>El intendente Lucas Ghi junto al subsecretario de Formaci\u00f3n y Desarrollo Profesional del Ministerio de Seguridad de la Provincia, Javier Alonso, encabezaron el acto de presentaci\u00f3n de 300 efectivos policiales, 10 m\u00f3viles y 12 motos que se suman a prestar servicio en Mor\u00f3n c\u00f3mo parte de la Fuerza Barrial de Aproximaci\u00f3n (FBA), una nueva divisi\u00f3n de la Polic\u00eda Bonaerense.<\/p>\n\n\n\n<p>Con el nuevo equipamiento y el personal incorporado se establecer\u00e1 la divisi\u00f3n FBA, cuya responsabilidad ser\u00e1 realizar patrullajes a pie, recorrer los distintos barrios y mantener una presencia de cercan\u00eda.<\/p>\n\n\n\n<p>Al respecto el intendente Ghi asegur\u00f3 que \u201csabemos la demanda persistente, leg\u00edtima y razonable de nuestra comunidad en relaci\u00f3n a la seguridad. En consecuencia, tiene que haber respuestas que vayan en la direcci\u00f3n de generar m\u00e1s prevenci\u00f3n. Y eso se logra con mayor presencia\u201d.<\/p>\n\n\n\n<figure class=\"wp-block-image size-full is-resized\"><img decoding=\"async\" loading=\"lazy\" src=\"https:\/\/infotep.com.ar\/wp-content\/uploads\/2023\/05\/efectivos.webp\" alt=\"\" class=\"wp-image-5029\" width=\"850\" height=\"566\" srcset=\"https:\/\/infotep.com.ar\/wp-content\/uploads\/2023\/05\/efectivos.webp 640w, https:\/\/infotep.com.ar\/wp-content\/uploads\/2023\/05\/efectivos-300x200.webp 300w, https:\/\/infotep.com.ar\/wp-content\/uploads\/2023\/05\/efectivos-450x300.webp 450w, https:\/\/infotep.com.ar\/wp-content\/uploads\/2023\/05\/efectivos-90x60.webp 90w\" sizes=\"(max-width: 850px) 100vw, 850px\" \/><\/figure>\n\n\n\n<p>\u201cAc\u00e1 hay una inversi\u00f3n sumamente importante. En este caso, el respaldo es en t\u00e9rminos de inversi\u00f3n p\u00fablica para la adquisici\u00f3n de los veh\u00edculos, de motos, la capacitaci\u00f3n y el salario de estos efectivos. Esto habla de lo que para el Gobernador tambi\u00e9n es una prioridad y eso se tiene que ver reflejado en los territorios. A partir de hoy, esta nueva divisi\u00f3n va a recorrer todo el territorio\u201d, concluy\u00f3 el jefe comunal.<\/p>\n\n\n\n<p>Esta medida se lleva a cabo para reforzar el patrullaje y la presencia policial en diferentes zonas del partido para prevenir hechos de inseguridad. Adem\u00e1s, fortalece el trabajo que se realiza en conjunto desde la gesti\u00f3n provincial y local en materia de prevenci\u00f3n del delito.<\/p>\n\n\n\n<p>Por su parte, Javier Alonso se\u00f1al\u00f3: \u201cNosotros pensamos que hay que hacer planes para cada uno de los barrios. En ese sentido, aqu\u00ed en Mor\u00f3n armamos hace un tiempo atr\u00e1s una de las primeras bases de lo que es la fuerza de UTOI. Esto nos permiti\u00f3 llegar a barrios donde la polic\u00eda habitualmente no trabajaba, no patrullaba, cuidando a los vecinos. Y de ese germen hoy estamos presentando las bases de la Fuerza Barrial de Aproximaci\u00f3n. Ser\u00e1 una polic\u00eda que est\u00e1 preparada para hacer cesar el delito, para reducir los niveles de violencia y para trabajar en diferentes barrios\u201d.<\/p>\n\n\n\n<p>Esta medida se suma a la renovaci\u00f3n de la flota de patrullaje realizada en articulaci\u00f3n entre el municipio y la Provincia, la instalaci\u00f3n de paradas seguras y alarmas vecinales. As\u00ed como tambi\u00e9n, la recuperaci\u00f3n de c\u00e1maras de seguridad fuera de servicio y la incorporaci\u00f3n de nuevas terminales en diferentes puntos de la comuna.<\/p>\n\n\n\n<p>En la presentaci\u00f3n de los efectivos, tambi\u00e9n estuvieron presentes el secretario de Seguridad municipal, Gustavo Yapura; el secretario de Desarrollo Productivo, Santiago Mu\u00f1iz; la secretaria de Educaci\u00f3n, Cultura y Deporte, Mar\u00eda Jos\u00e9 Peteira; la secretaria de Mujeres, G\u00e9neros, Diversidad y Derechos Humanos, Cinthia Fr\u00edas; el jefe de asesores, Hern\u00e1n Sabbatella; el presidente del Honorable Concejo Deliberante de Mor\u00f3n, Marcelo Gonz\u00e1lez; diferentes miembros del gabinete municipal y concejales y concejala<\/p>\n","protected":false},"excerpt":{"rendered":"<p>El Municipio y el Ministerio de Seguridad bonaerense presentaron a los nuevos 300 efectivos que recorrer&aacute;n la comuna. Tambi&eacute;n se sumaron 10 m&oacute;viles y 12 motos que formar&aacute;n parte de la Fuerza Barrial de Aproximaci&oacute;n (FBA), nueva divisi&oacute;n de la Polic&iacute;a Bonaerense. El intendente Lucas Ghi junto al subsecretario de Formaci&oacute;n y Desarrollo Profesional del &hellip; <\/p>\n","protected":false},"author":5,"featured_media":5030,"comment_status":"closed","ping_status":"closed","sticky":false,"template":"","format":"standard","meta":{"om_disable_all_campaigns":false,"_joinchat":[]},"categories":[31,9],"tags":[46,53,43],"featured_image_urls":{"full":["https:\/\/infotep.com.ar\/wp-content\/uploads\/2023\/05\/lucas-ghi.webp",640,426,false],"thumbnail":["https:\/\/infotep.com.ar\/wp-content\/uploads\/2023\/05\/lucas-ghi-150x150.webp",150,150,true],"medium":["https:\/\/infotep.com.ar\/wp-content\/uploads\/2023\/05\/lucas-ghi-300x200.webp",300,200,true],"medium_large":["https:\/\/infotep.com.ar\/wp-content\/uploads\/2023\/05\/lucas-ghi.webp",640,426,false],"large":["https:\/\/infotep.com.ar\/wp-content\/uploads\/2023\/05\/lucas-ghi.webp",640,426,false],"1536x1536":["https:\/\/infotep.com.ar\/wp-content\/uploads\/2023\/05\/lucas-ghi.webp",640,426,false],"2048x2048":["https:\/\/infotep.com.ar\/wp-content\/uploads\/2023\/05\/lucas-ghi.webp",640,426,false],"blossom-feminine-slider":["https:\/\/infotep.com.ar\/wp-content\/uploads\/2023\/05\/lucas-ghi.webp",640,426,false],"blossom-feminine-featured":["https:\/\/infotep.com.ar\/wp-content\/uploads\/2023\/05\/lucas-ghi.webp",640,426,false],"blossom-feminine-with-sidebar":["https:\/\/infotep.com.ar\/wp-content\/uploads\/2023\/05\/lucas-ghi.webp",640,426,false],"blossom-feminine-blog":["https:\/\/infotep.com.ar\/wp-content\/uploads\/2023\/05\/lucas-ghi-435x426.webp",435,426,true],"blossom-feminine-cat":["https:\/\/infotep.com.ar\/wp-content\/uploads\/2023\/05\/lucas-ghi-450x300.webp",450,300,true],"blossom-feminine-related":["https:\/\/infotep.com.ar\/wp-content\/uploads\/2023\/05\/lucas-ghi-320x200.webp",320,200,true],"blossom-feminine-schema":["https:\/\/infotep.com.ar\/wp-content\/uploads\/2023\/05\/lucas-ghi-90x60.webp",90,60,true],"blossom-mommy-blog-slider-big":["https:\/\/infotep.com.ar\/wp-content\/uploads\/2023\/05\/lucas-ghi.webp",640,426,false],"blossom-mommy-blog-slider":["https:\/\/infotep.com.ar\/wp-content\/uploads\/2023\/05\/lucas-ghi-460x310.webp",460,310,true],"blossom-mommy-blog-two":["https:\/\/infotep.com.ar\/wp-content\/uploads\/2023\/05\/lucas-ghi.webp",640,426,false]},"author_info":{"info":["Angela Tobar"]},"category_info":"<a href=\"https:\/\/infotep.com.ar\/index.php\/category\/destacadas\/\" rel=\"category tag\">Destacadas<\/a> <a href=\"https:\/\/infotep.com.ar\/index.php\/category\/municipales\/moron\/\" rel=\"category tag\">Mor\u00f3n<\/a>","tag_info":"Mor\u00f3n","comment_count":"0","_links":{"self":[{"href":"https:\/\/infotep.com.ar\/index.php\/wp-json\/wp\/v2\/posts\/5028"}],"collection":[{"href":"https:\/\/infotep.com.ar\/index.php\/wp-json\/wp\/v2\/posts"}],"about":[{"href":"https:\/\/infotep.com.ar\/index.php\/wp-json\/wp\/v2\/types\/post"}],"author":[{"embeddable":true,"href":"https:\/\/infotep.com.ar\/index.php\/wp-json\/wp\/v2\/users\/5"}],"replies":[{"embeddable":true,"href":"https:\/\/infotep.com.ar\/index.php\/wp-json\/wp\/v2\/comments?post=5028"}],"version-history":[{"count":1,"href":"https:\/\/infotep.com.ar\/index.php\/wp-json\/wp\/v2\/posts\/5028\/revisions"}],"predecessor-version":[{"id":5031,"href":"https:\/\/infotep.com.ar\/index.php\/wp-json\/wp\/v2\/posts\/5028\/revisions\/5031"}],"wp:featuredmedia":[{"embeddable":true,"href":"https:\/\/infotep.com.ar\/index.php\/wp-json\/wp\/v2\/media\/5030"}],"wp:attachment":[{"href":"https:\/\/infotep.com.ar\/index.php\/wp-json\/wp\/v2\/media?parent=5028"}],"wp:term":[{"taxonomy":"category","embeddable":true,"href":"https:\/\/infotep.com.ar\/index.php\/wp-json\/wp\/v2\/categories?post=5028"},{"taxonomy":"post_tag","embeddable":true,"href":"https:\/\/infotep.com.ar\/index.php\/wp-json\/wp\/v2\/tags?post=5028"}],"curies":[{"name":"wp","href":"https:\/\/api.w.org\/{rel}","templated":true}]}}