{"id":5040,"date":"2023-05-12T08:15:00","date_gmt":"2023-05-12T11:15:00","guid":{"rendered":"https:\/\/infotep.com.ar\/?p=5040"},"modified":"2023-05-14T23:23:35","modified_gmt":"2023-05-15T02:23:35","slug":"moron-continua-con-los-trabajos-de-reconstruccion-y-renovacion-de-la-avenida-arenales","status":"publish","type":"post","link":"https:\/\/infotep.com.ar\/index.php\/2023\/05\/12\/moron-continua-con-los-trabajos-de-reconstruccion-y-renovacion-de-la-avenida-arenales\/","title":{"rendered":"Mor\u00f3n contin\u00faa con los trabajos de reconstrucci\u00f3n y renovaci\u00f3n de la Avenida Arenales"},"content":{"rendered":"\n<p>El Municipio de Mor\u00f3n inform\u00f3 que avanza con importantes obras para la reconstrucci\u00f3n total de la Av. General Arenales. En esta etapa las intervenciones se realizan desde la calle Boquer\u00f3n hacia Ag\u00fcero, en Mor\u00f3n.<\/p>\n\n\n\n<p>En este sentido el jefe comunal expres\u00f3:&nbsp;\u201cEste plan de recuperaci\u00f3n de nuestra red vial es una prioridad. Estamos muy focalizados en la puesta en valor de nuestros corredores porque es una de las principales demandas que tiene nuestra comunidad y desde nuestro lugar, tenemos que responder estando a la altura y porque adem\u00e1s, favorece a la seguridad para la circulaci\u00f3n tanto vehicular, el transporte p\u00fablico, las bicicletas, y las y los peatones\u201d.<\/p>\n\n\n\n<p>Las tareas se enmarcan en la intervenci\u00f3n integral y el mejoramiento urbano de toda la calzada, la cual incluye la repavimentaci\u00f3n, el bacheo y la construcci\u00f3n de nuevas losas, la reparaci\u00f3n de juntas, sumideros y rampas para peatones con movilidades reducidas.<\/p>\n\n\n\n<p>Tambi\u00e9n se realizar\u00e1 el marcaje de las v\u00edas de tr\u00e1fico, que incluye la se\u00f1alizaci\u00f3n horizontal, la simbolog\u00eda para cruces peatonales e indicaciones de giro y la se\u00f1alizaci\u00f3n vertical, para una mejor orientaci\u00f3n vehicular e incrementan la seguridad del tr\u00e1nsito.<\/p>\n\n\n\n<p>Adem\u00e1s, se instalar\u00e1n nuevos refugios peatonales para el uso del trasporte p\u00fablico como as\u00ed tambi\u00e9n se reacondicionar\u00e1 el sistema de iluminaci\u00f3n y el semaf\u00f3rico que actualmente.<\/p>\n\n\n\n<p>Al respecto Ghi agreg\u00f3 que&nbsp;\u201cSe trata de una inversi\u00f3n muy importante tanto desde el Estado municipal, en articulaci\u00f3n con Provincia y con Naci\u00f3n, para seguir realizando obras en diferentes corredores como lo hicimos en Rivadavia y en Ceballos, como la que se est\u00e1 ejecutando en la vieja Presidente Per\u00f3n, en la ex-Gaona en Villa Sarmiento, y puntualmente ahora en Arenales y el prop\u00f3sito es seguir con estas intervenciones por medio de una planificaci\u00f3n muy intensa y diversa que abarca revalorizar los principales barrios de nuestro distrito\u201d.<\/p>\n\n\n\n<p>Esta intervenci\u00f3n se enmarca en el Plan de Recuperaci\u00f3n Integral y Mejoramiento Vial que contin\u00faa desarrollando el Municipio en toda la comuna y se suma a los trabajos de bacheo, con una fuerte inversi\u00f3n de 600 millones de pesos, que se est\u00e1n realizando en Mor\u00f3n sur, en las calles Achaga y Ferreira hasta Espini, y desde Espini hasta Carapachay, que impactar\u00e1 de forma positiva la calidad de vida de los vecinas y las vecinas.<\/p>\n\n\n\n<p>En el mismo sentido, tambi\u00e9n est\u00e1n en marcha intervenciones enmarcadas en trabajos viales en la calle Carlos Casares entre Montes de Oca y Arias, del centro de Castelar. La misma, permanecer\u00e1 cerrada al tr\u00e1nsito por dichas obras, y para ingresar a la estaci\u00f3n de Castelar, la comunidad podr\u00e1 transitar por la v\u00eda alternativa de Montes de Oca hasta San Pedro, para luego retomar el acceso hacia la calle Arias.<a href=\"https:\/\/medium.com\/@prensamunicipiodemoron?source=post_page-----1fdeea7a0a19--------------------------------\"><\/a><\/p>\n\n\n\n<p><a href=\"https:\/\/medium.com\/m\/signin?actionUrl=https%3A%2F%2Fmedium.com%2F_%2Fvote%2Fp%2F1fdeea7a0a19&amp;operation=register&amp;redirect=https%3A%2F%2Fmedium.com%2F%40prensamunicipiodemoron%2Fmor%25C3%25B3n-contin%25C3%25BAa-con-los-trabajos-de-reconstrucci%25C3%25B3n-y-renovaci%25C3%25B3n-de-la-avenida-arenales-1fdeea7a0a19&amp;user=Prensa+Municipio+de+Mor%C3%B3n&amp;userId=ca842351e672&amp;source=-----1fdeea7a0a19---------------------clap_footer-----------\"><\/a><a href=\"https:\/\/medium.com\/m\/signin?actionUrl=https%3A%2F%2Fmedium.com%2F_%2Fvote%2Fp%2F1fdeea7a0a19&amp;operation=register&amp;redirect=https%3A%2F%2Fmedium.com%2F%40prensamunicipiodemoron%2Fmor%25C3%25B3n-contin%25C3%25BAa-con-los-trabajos-de-reconstrucci%25C3%25B3n-y-renovaci%25C3%25B3n-de-la-avenida-arenales-1fdeea7a0a19&amp;user=Prensa+Municipio+de+Mor%C3%B3n&amp;userId=ca842351e672&amp;source=-----1fdeea7a0a19---------------------clap_footer-----------\"><\/a><\/p>\n\n\n\n<p><\/p>\n","protected":false},"excerpt":{"rendered":"<p>El Municipio de Mor&oacute;n inform&oacute; que avanza con importantes obras para la reconstrucci&oacute;n total de la Av. General Arenales. En esta etapa las intervenciones se realizan desde la calle Boquer&oacute;n hacia Ag&uuml;ero, en Mor&oacute;n. En este sentido el jefe comunal expres&oacute;:&nbsp;&ldquo;Este plan de recuperaci&oacute;n de nuestra red vial es una prioridad. Estamos muy focalizados en &hellip; <\/p>\n","protected":false},"author":5,"featured_media":5041,"comment_status":"closed","ping_status":"closed","sticky":false,"template":"","format":"standard","meta":{"om_disable_all_campaigns":false,"_joinchat":[]},"categories":[31,9],"tags":[46,43],"featured_image_urls":{"full":["https:\/\/infotep.com.ar\/wp-content\/uploads\/2023\/05\/moronm.webp",720,480,false],"thumbnail":["https:\/\/infotep.com.ar\/wp-content\/uploads\/2023\/05\/moronm-150x150.webp",150,150,true],"medium":["https:\/\/infotep.com.ar\/wp-content\/uploads\/2023\/05\/moronm-300x200.webp",300,200,true],"medium_large":["https:\/\/infotep.com.ar\/wp-content\/uploads\/2023\/05\/moronm.webp",720,480,false],"large":["https:\/\/infotep.com.ar\/wp-content\/uploads\/2023\/05\/moronm.webp",720,480,false],"1536x1536":["https:\/\/infotep.com.ar\/wp-content\/uploads\/2023\/05\/moronm.webp",720,480,false],"2048x2048":["https:\/\/infotep.com.ar\/wp-content\/uploads\/2023\/05\/moronm.webp",720,480,false],"blossom-feminine-slider":["https:\/\/infotep.com.ar\/wp-content\/uploads\/2023\/05\/moronm.webp",720,480,false],"blossom-feminine-featured":["https:\/\/infotep.com.ar\/wp-content\/uploads\/2023\/05\/moronm.webp",720,480,false],"blossom-feminine-with-sidebar":["https:\/\/infotep.com.ar\/wp-content\/uploads\/2023\/05\/moronm.webp",720,480,false],"blossom-feminine-blog":["https:\/\/infotep.com.ar\/wp-content\/uploads\/2023\/05\/moronm-435x435.webp",435,435,true],"blossom-feminine-cat":["https:\/\/infotep.com.ar\/wp-content\/uploads\/2023\/05\/moronm-450x300.webp",450,300,true],"blossom-feminine-related":["https:\/\/infotep.com.ar\/wp-content\/uploads\/2023\/05\/moronm-320x200.webp",320,200,true],"blossom-feminine-schema":["https:\/\/infotep.com.ar\/wp-content\/uploads\/2023\/05\/moronm-90x60.webp",90,60,true],"blossom-mommy-blog-slider-big":["https:\/\/infotep.com.ar\/wp-content\/uploads\/2023\/05\/moronm.webp",720,480,false],"blossom-mommy-blog-slider":["https:\/\/infotep.com.ar\/wp-content\/uploads\/2023\/05\/moronm-460x310.webp",460,310,true],"blossom-mommy-blog-two":["https:\/\/infotep.com.ar\/wp-content\/uploads\/2023\/05\/moronm.webp",720,480,false]},"author_info":{"info":["Angela Tobar"]},"category_info":"<a href=\"https:\/\/infotep.com.ar\/index.php\/category\/destacadas\/\" rel=\"category tag\">Destacadas<\/a> <a href=\"https:\/\/infotep.com.ar\/index.php\/category\/municipales\/moron\/\" rel=\"category tag\">Mor\u00f3n<\/a>","tag_info":"Mor\u00f3n","comment_count":"0","_links":{"self":[{"href":"https:\/\/infotep.com.ar\/index.php\/wp-json\/wp\/v2\/posts\/5040"}],"collection":[{"href":"https:\/\/infotep.com.ar\/index.php\/wp-json\/wp\/v2\/posts"}],"about":[{"href":"https:\/\/infotep.com.ar\/index.php\/wp-json\/wp\/v2\/types\/post"}],"author":[{"embeddable":true,"href":"https:\/\/infotep.com.ar\/index.php\/wp-json\/wp\/v2\/users\/5"}],"replies":[{"embeddable":true,"href":"https:\/\/infotep.com.ar\/index.php\/wp-json\/wp\/v2\/comments?post=5040"}],"version-history":[{"count":1,"href":"https:\/\/infotep.com.ar\/index.php\/wp-json\/wp\/v2\/posts\/5040\/revisions"}],"predecessor-version":[{"id":5042,"href":"https:\/\/infotep.com.ar\/index.php\/wp-json\/wp\/v2\/posts\/5040\/revisions\/5042"}],"wp:featuredmedia":[{"embeddable":true,"href":"https:\/\/infotep.com.ar\/index.php\/wp-json\/wp\/v2\/media\/5041"}],"wp:attachment":[{"href":"https:\/\/infotep.com.ar\/index.php\/wp-json\/wp\/v2\/media?parent=5040"}],"wp:term":[{"taxonomy":"category","embeddable":true,"href":"https:\/\/infotep.com.ar\/index.php\/wp-json\/wp\/v2\/categories?post=5040"},{"taxonomy":"post_tag","embeddable":true,"href":"https:\/\/infotep.com.ar\/index.php\/wp-json\/wp\/v2\/tags?post=5040"}],"curies":[{"name":"wp","href":"https:\/\/api.w.org\/{rel}","templated":true}]}}