{"id":5155,"date":"2023-05-19T15:54:36","date_gmt":"2023-05-19T18:54:36","guid":{"rendered":"https:\/\/infotep.com.ar\/?p=5155"},"modified":"2023-05-19T15:54:37","modified_gmt":"2023-05-19T18:54:37","slug":"merlo-lanzo-la-linea-para-que-los-vecinos-y-vecinas-denuncien-hechos-de-violencia-policial","status":"publish","type":"post","link":"https:\/\/infotep.com.ar\/index.php\/2023\/05\/19\/merlo-lanzo-la-linea-para-que-los-vecinos-y-vecinas-denuncien-hechos-de-violencia-policial\/","title":{"rendered":"Merlo lanz\u00f3 la l\u00ednea para que los vecinos y vecinas denuncien hechos de violencia policial"},"content":{"rendered":"\n<p>En el mes de la lucha contra la Violencia Institucional la Direcci\u00f3n de Derechos Humanos del municipio de Merlo realiz\u00f3 en articulaci\u00f3n con el Estado Nacional y provincial, la presentaci\u00f3n de un dispositivo en donde se recibir\u00e1n denuncias de violencia institucional.<\/p>\n\n\n\n<p><strong>El servicio que se ofrece es una l\u00ednea gratuita de Whatsapp, confidencial con atenci\u00f3n especializada y personalizada sobre denuncias de violencia policial y vulneraci\u00f3n de derechos de personas privadas de su libertad.<\/strong><\/p>\n\n\n\n<p>El Subdirector de Derechos Humanos de Merlo, Germ\u00e1n Outeda estuvo presente y comento\u201d Es importante que la gente sepa distinguir cuando est\u00e1 sufriendo un hecho de violencia institucional y nosotros vamos a acompa\u00f1ar esas denuncias\u201d y agrego \u201cEs importante que todas las secretarias del municipio trabajemos en conjunto por este objetivo\u201c.<\/p>\n\n\n\n<p>Tambi\u00e9n se hizo presente el Director Provincial de Protecci\u00f3n de Derechos Humanos, Pablo Martin Giurleoy destac\u00f3 la importancia de la implementaci\u00f3n de las nuevas tecnolog\u00edas \u201d Es una herramienta muy \u00fatil, sencilla y al alcance de la poblaci\u00f3n en donde hoy los videos en este tipo de denuncias son fundamentales\u201c.<\/p>\n\n\n\n<p class=\"has-light-green-cyan-background-color has-background\">El servicio funcionara las 24 hs los 365 d\u00edas del a\u00f1o y se recibir\u00e1n todas las denuncias de los vecinos merlenses, el n\u00famero que ya est\u00e1 funcionando yes 1124847647.<\/p>\n","protected":false},"excerpt":{"rendered":"<p>En el mes de la lucha contra la Violencia Institucional la Direcci&oacute;n de Derechos Humanos del municipio de Merlo realiz&oacute; en articulaci&oacute;n con el Estado Nacional y provincial, la presentaci&oacute;n de un dispositivo en donde se recibir&aacute;n denuncias de violencia institucional. El servicio que se ofrece es una l&iacute;nea gratuita de Whatsapp, confidencial con atenci&oacute;n &hellip; <\/p>\n","protected":false},"author":5,"featured_media":5156,"comment_status":"closed","ping_status":"closed","sticky":false,"template":"","format":"standard","meta":{"om_disable_all_campaigns":false,"_joinchat":[]},"categories":[10],"tags":[46,287,43],"featured_image_urls":{"full":["https:\/\/infotep.com.ar\/wp-content\/uploads\/2023\/05\/DSC09632-e1684510996271.jpg",892,768,false],"thumbnail":["https:\/\/infotep.com.ar\/wp-content\/uploads\/2023\/05\/DSC09632-e1684510996271-150x150.jpg",150,150,true],"medium":["https:\/\/infotep.com.ar\/wp-content\/uploads\/2023\/05\/DSC09632-e1684510996271-300x258.jpg",300,258,true],"medium_large":["https:\/\/infotep.com.ar\/wp-content\/uploads\/2023\/05\/DSC09632-e1684510996271-768x661.jpg",768,661,true],"large":["https:\/\/infotep.com.ar\/wp-content\/uploads\/2023\/05\/DSC09632-e1684510996271.jpg",892,768,false],"1536x1536":["https:\/\/infotep.com.ar\/wp-content\/uploads\/2023\/05\/DSC09632-e1684510996271.jpg",892,768,false],"2048x2048":["https:\/\/infotep.com.ar\/wp-content\/uploads\/2023\/05\/DSC09632-e1684510996271.jpg",892,768,false],"blossom-feminine-slider":["https:\/\/infotep.com.ar\/wp-content\/uploads\/2023\/05\/DSC09632-e1684510996271-892x649.jpg",892,649,true],"blossom-feminine-featured":["https:\/\/infotep.com.ar\/wp-content\/uploads\/2023\/05\/DSC09632-e1684510996271-892x600.jpg",892,600,true],"blossom-feminine-with-sidebar":["https:\/\/infotep.com.ar\/wp-content\/uploads\/2023\/05\/DSC09632-e1684510996271-892x600.jpg",892,600,true],"blossom-feminine-blog":["https:\/\/infotep.com.ar\/wp-content\/uploads\/2023\/05\/DSC09632-e1684510996271-435x435.jpg",435,435,true],"blossom-feminine-cat":["https:\/\/infotep.com.ar\/wp-content\/uploads\/2023\/05\/DSC09632-e1684510996271-450x300.jpg",450,300,true],"blossom-feminine-related":["https:\/\/infotep.com.ar\/wp-content\/uploads\/2023\/05\/DSC09632-e1684510996271-320x200.jpg",320,200,true],"blossom-feminine-schema":["https:\/\/infotep.com.ar\/wp-content\/uploads\/2023\/05\/DSC09632-e1684510996271-70x60.jpg",70,60,true],"blossom-mommy-blog-slider-big":["https:\/\/infotep.com.ar\/wp-content\/uploads\/2023\/05\/DSC09632-e1684510996271-892x650.jpg",892,650,true],"blossom-mommy-blog-slider":["https:\/\/infotep.com.ar\/wp-content\/uploads\/2023\/05\/DSC09632-e1684510996271-460x310.jpg",460,310,true],"blossom-mommy-blog-two":["https:\/\/infotep.com.ar\/wp-content\/uploads\/2023\/05\/DSC09632-e1684510996271-768x480.jpg",768,480,true]},"author_info":{"info":["Angela Tobar"]},"category_info":"<a href=\"https:\/\/infotep.com.ar\/index.php\/category\/municipales\/merlo\/\" rel=\"category tag\">Merlo<\/a>","tag_info":"Merlo","comment_count":"0","_links":{"self":[{"href":"https:\/\/infotep.com.ar\/index.php\/wp-json\/wp\/v2\/posts\/5155"}],"collection":[{"href":"https:\/\/infotep.com.ar\/index.php\/wp-json\/wp\/v2\/posts"}],"about":[{"href":"https:\/\/infotep.com.ar\/index.php\/wp-json\/wp\/v2\/types\/post"}],"author":[{"embeddable":true,"href":"https:\/\/infotep.com.ar\/index.php\/wp-json\/wp\/v2\/users\/5"}],"replies":[{"embeddable":true,"href":"https:\/\/infotep.com.ar\/index.php\/wp-json\/wp\/v2\/comments?post=5155"}],"version-history":[{"count":1,"href":"https:\/\/infotep.com.ar\/index.php\/wp-json\/wp\/v2\/posts\/5155\/revisions"}],"predecessor-version":[{"id":5157,"href":"https:\/\/infotep.com.ar\/index.php\/wp-json\/wp\/v2\/posts\/5155\/revisions\/5157"}],"wp:featuredmedia":[{"embeddable":true,"href":"https:\/\/infotep.com.ar\/index.php\/wp-json\/wp\/v2\/media\/5156"}],"wp:attachment":[{"href":"https:\/\/infotep.com.ar\/index.php\/wp-json\/wp\/v2\/media?parent=5155"}],"wp:term":[{"taxonomy":"category","embeddable":true,"href":"https:\/\/infotep.com.ar\/index.php\/wp-json\/wp\/v2\/categories?post=5155"},{"taxonomy":"post_tag","embeddable":true,"href":"https:\/\/infotep.com.ar\/index.php\/wp-json\/wp\/v2\/tags?post=5155"}],"curies":[{"name":"wp","href":"https:\/\/api.w.org\/{rel}","templated":true}]}}