{"id":5213,"date":"2023-05-23T00:26:29","date_gmt":"2023-05-23T03:26:29","guid":{"rendered":"https:\/\/infotep.com.ar\/?p=5213"},"modified":"2023-05-23T00:26:29","modified_gmt":"2023-05-23T03:26:29","slug":"de-pedro-se-mostro-con-maximo-e-intendentes-de-la-primera-y-tercera-seccion-electoral","status":"publish","type":"post","link":"https:\/\/infotep.com.ar\/index.php\/2023\/05\/23\/de-pedro-se-mostro-con-maximo-e-intendentes-de-la-primera-y-tercera-seccion-electoral\/","title":{"rendered":"De Pedro se mostr\u00f3 con M\u00e1ximo e intendentes, de la primera y tercera secci\u00f3n electoral"},"content":{"rendered":"\n<p>De Pedro se mostr\u00f3 con M\u00e1ximo e intendentes, mientras se calienta la discusi\u00f3n por las candidaturas<br>El funcionario nacional exhibi\u00f3 el respaldo de los intendentes en momentos en que se especula con una precandidatura suya por el kirchnerismo.<br><br>El ministro del Interior, Eduardo &#8220;Wado&#8221; De Pedro, se reuni\u00f3 con el diputado nacional M\u00e1ximo Kirchner e intendentes bonaerenses de la 1ra y la 3ra secci\u00f3n electoral en la previa al acto del 25 de mayo que encabezar\u00e1 la vicepresidenta Cristina Kirchner.<\/p>\n\n\n\n<p>El encuentro tuvo lugar en la localidad de Quilmes, en momentos en que el funcionario nacional se perfila para ser uno de los precandidatos presidenciales del Frente de Todos, con el gui\u00f1o de la titular del Senado.<\/p>\n\n\n\n<p><strong>En la carrera de la precandidatura presidencial del oficialismo ya se estar\u00edan preparando el ministro de Econom\u00eda, Sergio Massa, y el embajador en Brasil, Daniel Scioli, entre otros dirigentes, pero de todos ellos De Pedro es quien tiene el perfil m\u00e1s cercano al kirchnerismo duro, lo que hace entusiasmar a los sectores m\u00e1s militantes.<\/strong><\/p>\n\n\n\n<p>Estuvieron, adem\u00e1s, los intendentes Mayra Mendoza (Quilmes); Andr\u00e9s Watson (Florencio Varela); Mariano Cascallares (Almirante Brown); Julio Pereyra (Florencio Varela); Fernando Moreira (Gral. San Mart\u00edn); Ricardo Curutchet (Marcos Paz); Julio Zamora (Tigre); Ariel Sujarchuk (Escobar); Karina Men\u00e9ndez (Merlo); Mauro Garc\u00eda (Gral. Rodr\u00edguez); Gustavo Arrieta (Ca\u00f1uelas); Juani Ustarroz (Mercedes); Alberto Descalzo (Ituzaing\u00f3); Gast\u00f3n Granados (Ezeiza); Federico Ach\u00e1val (Pilar); Nicol\u00e1s Mantegazza (San Vicente); Juan Fabiani (Almirante Brown); Gerardo Tarchinale (Punta Indio); Fabian Cagliardi (Berisso); Jorge Ferraresi (Avellaneda); Lucas Ghi (Mor\u00f3n); Gustavo Men\u00e9ndez (Merlo); Mariel Fern\u00e1ndez (Moreno); Fernando Espinoza (La Matanza), y Leo Nardini (Malvinas Argentinas).<\/p>\n\n\n\n<p><\/p>\n","protected":false},"excerpt":{"rendered":"<p>De Pedro se mostr&oacute; con M&aacute;ximo e intendentes, mientras se calienta la discusi&oacute;n por las candidaturasEl funcionario nacional exhibi&oacute; el respaldo de los intendentes en momentos en que se especula con una precandidatura suya por el kirchnerismo. El ministro del Interior, Eduardo &ldquo;Wado&rdquo; De Pedro, se reuni&oacute; con el diputado nacional M&aacute;ximo Kirchner e intendentes &hellip; <\/p>\n","protected":false},"author":5,"featured_media":5214,"comment_status":"closed","ping_status":"closed","sticky":false,"template":"","format":"standard","meta":{"om_disable_all_campaigns":false,"_joinchat":[]},"categories":[31,4],"tags":[46,43],"featured_image_urls":{"full":["https:\/\/infotep.com.ar\/wp-content\/uploads\/2023\/05\/intendentes-1-y-3-wado.jpg",1199,800,false],"thumbnail":["https:\/\/infotep.com.ar\/wp-content\/uploads\/2023\/05\/intendentes-1-y-3-wado-150x150.jpg",150,150,true],"medium":["https:\/\/infotep.com.ar\/wp-content\/uploads\/2023\/05\/intendentes-1-y-3-wado-300x200.jpg",300,200,true],"medium_large":["https:\/\/infotep.com.ar\/wp-content\/uploads\/2023\/05\/intendentes-1-y-3-wado-768x512.jpg",768,512,true],"large":["https:\/\/infotep.com.ar\/wp-content\/uploads\/2023\/05\/intendentes-1-y-3-wado-1024x683.jpg",1020,680,true],"1536x1536":["https:\/\/infotep.com.ar\/wp-content\/uploads\/2023\/05\/intendentes-1-y-3-wado.jpg",1199,800,false],"2048x2048":["https:\/\/infotep.com.ar\/wp-content\/uploads\/2023\/05\/intendentes-1-y-3-wado.jpg",1199,800,false],"blossom-feminine-slider":["https:\/\/infotep.com.ar\/wp-content\/uploads\/2023\/05\/intendentes-1-y-3-wado-1199x649.jpg",1199,649,true],"blossom-feminine-featured":["https:\/\/infotep.com.ar\/wp-content\/uploads\/2023\/05\/intendentes-1-y-3-wado-1199x600.jpg",1199,600,true],"blossom-feminine-with-sidebar":["https:\/\/infotep.com.ar\/wp-content\/uploads\/2023\/05\/intendentes-1-y-3-wado-1020x600.jpg",1020,600,true],"blossom-feminine-blog":["https:\/\/infotep.com.ar\/wp-content\/uploads\/2023\/05\/intendentes-1-y-3-wado-435x435.jpg",435,435,true],"blossom-feminine-cat":["https:\/\/infotep.com.ar\/wp-content\/uploads\/2023\/05\/intendentes-1-y-3-wado-450x300.jpg",450,300,true],"blossom-feminine-related":["https:\/\/infotep.com.ar\/wp-content\/uploads\/2023\/05\/intendentes-1-y-3-wado-320x200.jpg",320,200,true],"blossom-feminine-schema":["https:\/\/infotep.com.ar\/wp-content\/uploads\/2023\/05\/intendentes-1-y-3-wado-90x60.jpg",90,60,true],"blossom-mommy-blog-slider-big":["https:\/\/infotep.com.ar\/wp-content\/uploads\/2023\/05\/intendentes-1-y-3-wado-920x650.jpg",920,650,true],"blossom-mommy-blog-slider":["https:\/\/infotep.com.ar\/wp-content\/uploads\/2023\/05\/intendentes-1-y-3-wado-460x310.jpg",460,310,true],"blossom-mommy-blog-two":["https:\/\/infotep.com.ar\/wp-content\/uploads\/2023\/05\/intendentes-1-y-3-wado-768x480.jpg",768,480,true]},"author_info":{"info":["Angela Tobar"]},"category_info":"<a href=\"https:\/\/infotep.com.ar\/index.php\/category\/destacadas\/\" rel=\"category tag\">Destacadas<\/a> <a href=\"https:\/\/infotep.com.ar\/index.php\/category\/provinciales\/\" rel=\"category tag\">Provinciales<\/a>","tag_info":"Provinciales","comment_count":"0","_links":{"self":[{"href":"https:\/\/infotep.com.ar\/index.php\/wp-json\/wp\/v2\/posts\/5213"}],"collection":[{"href":"https:\/\/infotep.com.ar\/index.php\/wp-json\/wp\/v2\/posts"}],"about":[{"href":"https:\/\/infotep.com.ar\/index.php\/wp-json\/wp\/v2\/types\/post"}],"author":[{"embeddable":true,"href":"https:\/\/infotep.com.ar\/index.php\/wp-json\/wp\/v2\/users\/5"}],"replies":[{"embeddable":true,"href":"https:\/\/infotep.com.ar\/index.php\/wp-json\/wp\/v2\/comments?post=5213"}],"version-history":[{"count":1,"href":"https:\/\/infotep.com.ar\/index.php\/wp-json\/wp\/v2\/posts\/5213\/revisions"}],"predecessor-version":[{"id":5215,"href":"https:\/\/infotep.com.ar\/index.php\/wp-json\/wp\/v2\/posts\/5213\/revisions\/5215"}],"wp:featuredmedia":[{"embeddable":true,"href":"https:\/\/infotep.com.ar\/index.php\/wp-json\/wp\/v2\/media\/5214"}],"wp:attachment":[{"href":"https:\/\/infotep.com.ar\/index.php\/wp-json\/wp\/v2\/media?parent=5213"}],"wp:term":[{"taxonomy":"category","embeddable":true,"href":"https:\/\/infotep.com.ar\/index.php\/wp-json\/wp\/v2\/categories?post=5213"},{"taxonomy":"post_tag","embeddable":true,"href":"https:\/\/infotep.com.ar\/index.php\/wp-json\/wp\/v2\/tags?post=5213"}],"curies":[{"name":"wp","href":"https:\/\/api.w.org\/{rel}","templated":true}]}}