{"id":5245,"date":"2023-05-24T15:25:33","date_gmt":"2023-05-24T18:25:33","guid":{"rendered":"https:\/\/infotep.com.ar\/?p=5245"},"modified":"2023-05-24T15:25:33","modified_gmt":"2023-05-24T18:25:33","slug":"ituzaingo-fue-sede-de-la-adjudicacion-de-mas-de-15-mil-becas-manuel-belgrano","status":"publish","type":"post","link":"https:\/\/infotep.com.ar\/index.php\/2023\/05\/24\/ituzaingo-fue-sede-de-la-adjudicacion-de-mas-de-15-mil-becas-manuel-belgrano\/","title":{"rendered":"Ituzaing\u00f3 fue sede de la adjudicaci\u00f3n de m\u00e1s de 15 mil becas Manuel Belgrano"},"content":{"rendered":"\n<p>El Intendente Alberto Descalzo, junto al Ministro de Educaci\u00f3n de la Naci\u00f3n, Jaime Perczyk, encabezaron el acto de adjudicaci\u00f3n de 14.859 becas del programa Manuel Belgrano, destinadas a estudiantes terciarios y de carreras de grado de diferentes puntos del pa\u00eds. El encuentro tuvo lugar en la empresa local ADOX S.A.<\/p>\n\n\n\n<p>Durante el encuentro, que cont\u00f3 con la presencia de nuevos becarios de distintas Universidades P\u00fablicas de la Provincia, Perczyk destac\u00f3: \u201cEste es un derecho para 36.000 estudiantes que cursan m\u00e1s de 200 carreras estrat\u00e9gicas para el desarrollo del pa\u00eds. Este gobierno tiene la decisi\u00f3n pol\u00edtica de mejorar la calidad de la educaci\u00f3n; tenemos que construir un pa\u00eds en el que todas y todos puedan acceder a la universidad\u201d.<\/p>\n\n\n\n<p>Por su parte, Alberto Descalz\u00f3 se\u00f1al\u00f3: \u201c Que Ituzaing\u00f3 sea sede de esta jornada, nos llena de orgullo. A trav\u00e9s de este programa que articulamos junto al Gobierno Nacional, miles de j\u00f3venes de Ituzaing\u00f3 y de toda la Provincia, van a poder culminar sus estudios terciarios y de grado, profesionaliz\u00e1ndose en \u00e1reas que son estrat\u00e9gicas y fundamentales para el desarrollo productivo de la Argentina. Este es el camino, el de la educaci\u00f3n p\u00fablica, gratuita y de calidad, junto a un Estado presente que apuesta e invierte en sus j\u00f3venes, que son el presente y el futuro de la Patria que nos merecemos\u201d<\/p>\n\n\n\n<p>El Programa de Becas Estrat\u00e9gicas Manuel Belgrano es un sistema de becas para promover el acceso, la permanencia y la finalizaci\u00f3n de estudios de grado y pregrado en nueve \u00e1reas de pol\u00edtica p\u00fablica consideradas claves para el desarrollo econ\u00f3mico del pa\u00eds; las mismas son Alimentos, Ambiente, Computaci\u00f3n e Inform\u00e1tica, Energ\u00eda convencional y alternativa, Log\u00edstica y Transporte, Petr\u00f3leo y Gas, Miner\u00eda y Ciencias b\u00e1sicas, y este a\u00f1o se incorpor\u00f3 Filosof\u00eda. Las Becas implican un monto de $57.000 mensuales, y tienen una duraci\u00f3n de 12 meses, con posibilidad de renovaci\u00f3n anual. Las becas buscan impulsar la vinculaci\u00f3n estrat\u00e9gica entre las universidades p\u00fablicas, el sistema tecnol\u00f3gico-productivo nacional y el mercado laboral.<\/p>\n\n\n\n<p>Durante la jornada los nuevos becarios y becarias participaron de una visita guiada por las instalaciones de ADOX S.A. y el laboratorio de investigaci\u00f3n en nanotecnolog\u00eda, y recibieron una Masterclass de Ciencia, innovaci\u00f3n y tecnolog\u00eda en la salud, dictada por especialistas de la compa\u00f1\u00eda.<\/p>\n\n\n\n<p>Estuvieron presentes la Secretaria de Cooperaci\u00f3n Educativa y Acciones Prioritarias, Lic. Andrea Garc\u00eda, el Presidente del Consejo Interuniversitario Nacional, Dr. Carlos Greco, el Presidente de ADOX S.A., Javier Viqueira, y Rectores de Universidades Nacionales de la Provincia de Buenos Aires.<\/p>\n","protected":false},"excerpt":{"rendered":"<p>El Intendente Alberto Descalzo, junto al Ministro de Educaci&oacute;n de la Naci&oacute;n, Jaime Perczyk, encabezaron el acto de adjudicaci&oacute;n de 14.859 becas del programa Manuel Belgrano, destinadas a estudiantes terciarios y de carreras de grado de diferentes puntos del pa&iacute;s. El encuentro tuvo lugar en la empresa local ADOX S.A. Durante el encuentro, que cont&oacute; &hellip; <\/p>\n","protected":false},"author":5,"featured_media":5246,"comment_status":"closed","ping_status":"closed","sticky":false,"template":"","format":"standard","meta":{"om_disable_all_campaigns":false,"_joinchat":[]},"categories":[8],"tags":[46,51,43],"featured_image_urls":{"full":["https:\/\/infotep.com.ar\/wp-content\/uploads\/2023\/05\/Becas-Manuel-Belgrano-2-1.jpeg",1600,1066,false],"thumbnail":["https:\/\/infotep.com.ar\/wp-content\/uploads\/2023\/05\/Becas-Manuel-Belgrano-2-1-150x150.jpeg",150,150,true],"medium":["https:\/\/infotep.com.ar\/wp-content\/uploads\/2023\/05\/Becas-Manuel-Belgrano-2-1-300x200.jpeg",300,200,true],"medium_large":["https:\/\/infotep.com.ar\/wp-content\/uploads\/2023\/05\/Becas-Manuel-Belgrano-2-1-768x512.jpeg",768,512,true],"large":["https:\/\/infotep.com.ar\/wp-content\/uploads\/2023\/05\/Becas-Manuel-Belgrano-2-1-1024x682.jpeg",1020,679,true],"1536x1536":["https:\/\/infotep.com.ar\/wp-content\/uploads\/2023\/05\/Becas-Manuel-Belgrano-2-1-1536x1023.jpeg",1536,1023,true],"2048x2048":["https:\/\/infotep.com.ar\/wp-content\/uploads\/2023\/05\/Becas-Manuel-Belgrano-2-1.jpeg",1600,1066,false],"blossom-feminine-slider":["https:\/\/infotep.com.ar\/wp-content\/uploads\/2023\/05\/Becas-Manuel-Belgrano-2-1-1600x649.jpeg",1600,649,true],"blossom-feminine-featured":["https:\/\/infotep.com.ar\/wp-content\/uploads\/2023\/05\/Becas-Manuel-Belgrano-2-1-1410x600.jpeg",1410,600,true],"blossom-feminine-with-sidebar":["https:\/\/infotep.com.ar\/wp-content\/uploads\/2023\/05\/Becas-Manuel-Belgrano-2-1-1020x600.jpeg",1020,600,true],"blossom-feminine-blog":["https:\/\/infotep.com.ar\/wp-content\/uploads\/2023\/05\/Becas-Manuel-Belgrano-2-1-435x435.jpeg",435,435,true],"blossom-feminine-cat":["https:\/\/infotep.com.ar\/wp-content\/uploads\/2023\/05\/Becas-Manuel-Belgrano-2-1-450x300.jpeg",450,300,true],"blossom-feminine-related":["https:\/\/infotep.com.ar\/wp-content\/uploads\/2023\/05\/Becas-Manuel-Belgrano-2-1-320x200.jpeg",320,200,true],"blossom-feminine-schema":["https:\/\/infotep.com.ar\/wp-content\/uploads\/2023\/05\/Becas-Manuel-Belgrano-2-1-90x60.jpeg",90,60,true],"blossom-mommy-blog-slider-big":["https:\/\/infotep.com.ar\/wp-content\/uploads\/2023\/05\/Becas-Manuel-Belgrano-2-1-920x650.jpeg",920,650,true],"blossom-mommy-blog-slider":["https:\/\/infotep.com.ar\/wp-content\/uploads\/2023\/05\/Becas-Manuel-Belgrano-2-1-460x310.jpeg",460,310,true],"blossom-mommy-blog-two":["https:\/\/infotep.com.ar\/wp-content\/uploads\/2023\/05\/Becas-Manuel-Belgrano-2-1-768x480.jpeg",768,480,true]},"author_info":{"info":["Angela Tobar"]},"category_info":"<a href=\"https:\/\/infotep.com.ar\/index.php\/category\/municipales\/ituzaingo\/\" rel=\"category tag\">Ituzaing\u00f3<\/a>","tag_info":"Ituzaing\u00f3","comment_count":"0","_links":{"self":[{"href":"https:\/\/infotep.com.ar\/index.php\/wp-json\/wp\/v2\/posts\/5245"}],"collection":[{"href":"https:\/\/infotep.com.ar\/index.php\/wp-json\/wp\/v2\/posts"}],"about":[{"href":"https:\/\/infotep.com.ar\/index.php\/wp-json\/wp\/v2\/types\/post"}],"author":[{"embeddable":true,"href":"https:\/\/infotep.com.ar\/index.php\/wp-json\/wp\/v2\/users\/5"}],"replies":[{"embeddable":true,"href":"https:\/\/infotep.com.ar\/index.php\/wp-json\/wp\/v2\/comments?post=5245"}],"version-history":[{"count":1,"href":"https:\/\/infotep.com.ar\/index.php\/wp-json\/wp\/v2\/posts\/5245\/revisions"}],"predecessor-version":[{"id":5247,"href":"https:\/\/infotep.com.ar\/index.php\/wp-json\/wp\/v2\/posts\/5245\/revisions\/5247"}],"wp:featuredmedia":[{"embeddable":true,"href":"https:\/\/infotep.com.ar\/index.php\/wp-json\/wp\/v2\/media\/5246"}],"wp:attachment":[{"href":"https:\/\/infotep.com.ar\/index.php\/wp-json\/wp\/v2\/media?parent=5245"}],"wp:term":[{"taxonomy":"category","embeddable":true,"href":"https:\/\/infotep.com.ar\/index.php\/wp-json\/wp\/v2\/categories?post=5245"},{"taxonomy":"post_tag","embeddable":true,"href":"https:\/\/infotep.com.ar\/index.php\/wp-json\/wp\/v2\/tags?post=5245"}],"curies":[{"name":"wp","href":"https:\/\/api.w.org\/{rel}","templated":true}]}}