{"id":5273,"date":"2023-05-26T15:10:04","date_gmt":"2023-05-26T18:10:04","guid":{"rendered":"https:\/\/infotep.com.ar\/?p=5273"},"modified":"2023-05-29T14:24:04","modified_gmt":"2023-05-29T17:24:04","slug":"balearon-a-una-mama-y-a-su-hija-durante-un-robo-en-villa-celina","status":"publish","type":"post","link":"https:\/\/infotep.com.ar\/index.php\/2023\/05\/26\/balearon-a-una-mama-y-a-su-hija-durante-un-robo-en-villa-celina\/","title":{"rendered":"Balearon a una mam\u00e1 y a su hija durante un robo en Villa Celina"},"content":{"rendered":"\n<p><br>Una mujer y su hija fueron baleadas en un intento de robo en Villa Celina, en el cruce de la calle Pio XII y Avelino D\u00edaz.<\/p>\n\n\n\n<p>Seg\u00fan informaron fuentes policiales, ambas v\u00edctimas resultaron heridas de bala luego de que la mayor se haya resistido al robo de su mochila cuando caminaba con sus hijas de 16 y 12 a\u00f1os.<\/p>\n\n\n\n<p>La secuencia sucedi\u00f3 cuando las tres mujeres volv\u00edan a su casa. All\u00ed fueron sorprendidas por dos motochorros que a punta de pistola le quisieron sacar sus pertenencias.<\/p>\n\n\n\n<p>Ante la negativa de la mayor, identificada como Shirley Terrazas de 40 a\u00f1os, uno de los delincuentes gatill\u00f3 el arma y la hiri\u00f3 en el \u00e1rea del est\u00f3mago. Con relaci\u00f3n a la menor de edad se supo que recibi\u00f3 el roce de proyectil en su brazo.<\/p>\n\n\n\n<p>De forma inmediata los ladrones se dieron a la fuga sin robar nada y vecinos de la cuadra socorrieron a las mujeres.<\/p>\n\n\n\n<p>Terrazas fue trasladada hasta el hospital por sus propios familiares. Los m\u00e9dicos informaron que ambas v\u00edctimas est\u00e1n fuera de peligro y por este motivo la adolescente ya recibi\u00f3 el alta.<\/p>\n\n\n\n<p>La causa qued\u00f3 en manos de la UFI N\u00b05 del Departamento Judicial de La Matanza, quienes ordenaron diversas investigaciones para dar con los sospechosos. Por el momento no hay detenidos.<\/p>\n","protected":false},"excerpt":{"rendered":"<p>Una mujer y su hija fueron baleadas en un intento de robo en Villa Celina, en el cruce de la calle Pio XII y Avelino D&iacute;az. Seg&uacute;n informaron fuentes policiales, ambas v&iacute;ctimas resultaron heridas de bala luego de que la mayor se haya resistido al robo de su mochila cuando caminaba con sus hijas de &hellip; <\/p>\n","protected":false},"author":5,"featured_media":5274,"comment_status":"closed","ping_status":"closed","sticky":false,"template":"","format":"standard","meta":{"om_disable_all_campaigns":false,"_joinchat":[]},"categories":[26],"tags":[46,59,43],"featured_image_urls":{"full":["https:\/\/infotep.com.ar\/wp-content\/uploads\/2023\/05\/WhatsApp-Image-2023-05-26-at-3.09.27-PM.jpeg",525,368,false],"thumbnail":["https:\/\/infotep.com.ar\/wp-content\/uploads\/2023\/05\/WhatsApp-Image-2023-05-26-at-3.09.27-PM-150x150.jpeg",150,150,true],"medium":["https:\/\/infotep.com.ar\/wp-content\/uploads\/2023\/05\/WhatsApp-Image-2023-05-26-at-3.09.27-PM-300x210.jpeg",300,210,true],"medium_large":["https:\/\/infotep.com.ar\/wp-content\/uploads\/2023\/05\/WhatsApp-Image-2023-05-26-at-3.09.27-PM.jpeg",525,368,false],"large":["https:\/\/infotep.com.ar\/wp-content\/uploads\/2023\/05\/WhatsApp-Image-2023-05-26-at-3.09.27-PM.jpeg",525,368,false],"1536x1536":["https:\/\/infotep.com.ar\/wp-content\/uploads\/2023\/05\/WhatsApp-Image-2023-05-26-at-3.09.27-PM.jpeg",525,368,false],"2048x2048":["https:\/\/infotep.com.ar\/wp-content\/uploads\/2023\/05\/WhatsApp-Image-2023-05-26-at-3.09.27-PM.jpeg",525,368,false],"blossom-feminine-slider":["https:\/\/infotep.com.ar\/wp-content\/uploads\/2023\/05\/WhatsApp-Image-2023-05-26-at-3.09.27-PM.jpeg",525,368,false],"blossom-feminine-featured":["https:\/\/infotep.com.ar\/wp-content\/uploads\/2023\/05\/WhatsApp-Image-2023-05-26-at-3.09.27-PM.jpeg",525,368,false],"blossom-feminine-with-sidebar":["https:\/\/infotep.com.ar\/wp-content\/uploads\/2023\/05\/WhatsApp-Image-2023-05-26-at-3.09.27-PM.jpeg",525,368,false],"blossom-feminine-blog":["https:\/\/infotep.com.ar\/wp-content\/uploads\/2023\/05\/WhatsApp-Image-2023-05-26-at-3.09.27-PM-435x368.jpeg",435,368,true],"blossom-feminine-cat":["https:\/\/infotep.com.ar\/wp-content\/uploads\/2023\/05\/WhatsApp-Image-2023-05-26-at-3.09.27-PM-450x300.jpeg",450,300,true],"blossom-feminine-related":["https:\/\/infotep.com.ar\/wp-content\/uploads\/2023\/05\/WhatsApp-Image-2023-05-26-at-3.09.27-PM-320x200.jpeg",320,200,true],"blossom-feminine-schema":["https:\/\/infotep.com.ar\/wp-content\/uploads\/2023\/05\/WhatsApp-Image-2023-05-26-at-3.09.27-PM-86x60.jpeg",86,60,true],"blossom-mommy-blog-slider-big":["https:\/\/infotep.com.ar\/wp-content\/uploads\/2023\/05\/WhatsApp-Image-2023-05-26-at-3.09.27-PM.jpeg",525,368,false],"blossom-mommy-blog-slider":["https:\/\/infotep.com.ar\/wp-content\/uploads\/2023\/05\/WhatsApp-Image-2023-05-26-at-3.09.27-PM-460x310.jpeg",460,310,true],"blossom-mommy-blog-two":["https:\/\/infotep.com.ar\/wp-content\/uploads\/2023\/05\/WhatsApp-Image-2023-05-26-at-3.09.27-PM.jpeg",525,368,false]},"author_info":{"info":["Angela Tobar"]},"category_info":"<a href=\"https:\/\/infotep.com.ar\/index.php\/category\/municipales\/la-matanza\/\" rel=\"category tag\">La Matanza<\/a>","tag_info":"La Matanza","comment_count":"0","_links":{"self":[{"href":"https:\/\/infotep.com.ar\/index.php\/wp-json\/wp\/v2\/posts\/5273"}],"collection":[{"href":"https:\/\/infotep.com.ar\/index.php\/wp-json\/wp\/v2\/posts"}],"about":[{"href":"https:\/\/infotep.com.ar\/index.php\/wp-json\/wp\/v2\/types\/post"}],"author":[{"embeddable":true,"href":"https:\/\/infotep.com.ar\/index.php\/wp-json\/wp\/v2\/users\/5"}],"replies":[{"embeddable":true,"href":"https:\/\/infotep.com.ar\/index.php\/wp-json\/wp\/v2\/comments?post=5273"}],"version-history":[{"count":1,"href":"https:\/\/infotep.com.ar\/index.php\/wp-json\/wp\/v2\/posts\/5273\/revisions"}],"predecessor-version":[{"id":5275,"href":"https:\/\/infotep.com.ar\/index.php\/wp-json\/wp\/v2\/posts\/5273\/revisions\/5275"}],"wp:featuredmedia":[{"embeddable":true,"href":"https:\/\/infotep.com.ar\/index.php\/wp-json\/wp\/v2\/media\/5274"}],"wp:attachment":[{"href":"https:\/\/infotep.com.ar\/index.php\/wp-json\/wp\/v2\/media?parent=5273"}],"wp:term":[{"taxonomy":"category","embeddable":true,"href":"https:\/\/infotep.com.ar\/index.php\/wp-json\/wp\/v2\/categories?post=5273"},{"taxonomy":"post_tag","embeddable":true,"href":"https:\/\/infotep.com.ar\/index.php\/wp-json\/wp\/v2\/tags?post=5273"}],"curies":[{"name":"wp","href":"https:\/\/api.w.org\/{rel}","templated":true}]}}