{"id":5458,"date":"2023-06-07T14:59:22","date_gmt":"2023-06-07T17:59:22","guid":{"rendered":"https:\/\/infotep.com.ar\/?p=5458"},"modified":"2023-06-07T14:59:22","modified_gmt":"2023-06-07T17:59:22","slug":"wado-de-pedro-pidio-acordar-el-modelo-productivo-con-todas-las-fuerzas-politicas-y-antes-de-una-eleccion","status":"publish","type":"post","link":"https:\/\/infotep.com.ar\/index.php\/2023\/06\/07\/wado-de-pedro-pidio-acordar-el-modelo-productivo-con-todas-las-fuerzas-politicas-y-antes-de-una-eleccion\/","title":{"rendered":"Wado de Pedro pidi\u00f3 &#8220;acordar el modelo productivo con todas las fuerzas pol\u00edticas y antes de una elecci\u00f3n&#8221;"},"content":{"rendered":"\n<p>El precandidato presidencial del Frente de Todos Eduardo &#8220;Wado&#8221; de Pedro pidi\u00f3 &#8220;acordar el modelo productivo con todas las fuerzas pol\u00edticas y antes de una elecci\u00f3n&#8221;.<\/p>\n\n\n\n<p>&#8220;Un pa\u00eds fuerte es uno donde la industria es fuerte y PyMES fuerte, comercios fuerte y un mercado interno fuerte. Ese modelo productivo hay que acordarlo con todas las fuerzas pol\u00edticas y antes de una elecci\u00f3n, sin marketing, sino t\u00e9cnicamente: cu\u00e1les son los 20 sectores industriales que vamos a favorecer, proteger, promover&#8221;, sostuvo el ministro del Interior.<\/p>\n\n\n\n<p>Y continu\u00f3: &#8220;Algo tan b\u00e1sico, y por suerte lo escucho en muchas fuerzas pol\u00edticas, es que hay que hacer un acuerdo con varios temas: econom\u00eda bimonetaria, inflaci\u00f3n, deuda y el modelo productivo&#8221;.<\/p>\n\n\n\n<p>En ese sentido, el referente de La C\u00e1mpora indic\u00f3 que &#8220;para que no haya p\u00edcaros que dicen una cosa y despu\u00e9s hacen otra, hay que definirlo&#8221;.<\/p>\n\n\n\n<p>&#8220;Una fuerza pol\u00edtica no puede definir el destino de un pa\u00eds si no es con los actores principales&#8221;, afirm\u00f3.<\/p>\n\n\n\n<p>Al exponer en el Encuentro Federal PyME, organizado por la Confederaci\u00f3n Argentina de la Mediana Empresa (CAME), el integrante del Gabinete subray\u00f3 que &#8220;no puede ser que la vida de una PyME, sus ventas, dependan del resultado de una elecci\u00f3n&#8221;.<\/p>\n\n\n\n<p><\/p>\n\n\n\n<p>&#8220;No somos una sociedad fracasa y tenemos ejemplos buenos de las cosas que se hacen bien. Hay que profundizar las cosas que se hacen bien y empezar a dejar las que se hacen mal&#8221;, se\u00f1al\u00f3.<\/p>\n\n\n\n<p>Asimismo, consider\u00f3 que los sectores industriales &#8220;tienen que ser parte de la discusi\u00f3n de poder en la Argentina&#8221; y en ese sentido puso como ejemplo a Brasil y su &#8220;matriz productiva&#8221;.<\/p>\n","protected":false},"excerpt":{"rendered":"<p>El precandidato presidencial del Frente de Todos Eduardo &ldquo;Wado&rdquo; de Pedro pidi&oacute; &ldquo;acordar el modelo productivo con todas las fuerzas pol&iacute;ticas y antes de una elecci&oacute;n&rdquo;. &ldquo;Un pa&iacute;s fuerte es uno donde la industria es fuerte y PyMES fuerte, comercios fuerte y un mercado interno fuerte. Ese modelo productivo hay que acordarlo con todas las &hellip; <\/p>\n","protected":false},"author":5,"featured_media":5227,"comment_status":"closed","ping_status":"closed","sticky":false,"template":"","format":"standard","meta":{"om_disable_all_campaigns":false,"_joinchat":[]},"categories":[3],"tags":[46,43],"featured_image_urls":{"full":["https:\/\/infotep.com.ar\/wp-content\/uploads\/2023\/05\/wado.jpg",1620,1080,false],"thumbnail":["https:\/\/infotep.com.ar\/wp-content\/uploads\/2023\/05\/wado-150x150.jpg",150,150,true],"medium":["https:\/\/infotep.com.ar\/wp-content\/uploads\/2023\/05\/wado-300x200.jpg",300,200,true],"medium_large":["https:\/\/infotep.com.ar\/wp-content\/uploads\/2023\/05\/wado-768x512.jpg",768,512,true],"large":["https:\/\/infotep.com.ar\/wp-content\/uploads\/2023\/05\/wado-1024x683.jpg",1020,680,true],"1536x1536":["https:\/\/infotep.com.ar\/wp-content\/uploads\/2023\/05\/wado-1536x1024.jpg",1536,1024,true],"2048x2048":["https:\/\/infotep.com.ar\/wp-content\/uploads\/2023\/05\/wado.jpg",1620,1080,false],"blossom-feminine-slider":["https:\/\/infotep.com.ar\/wp-content\/uploads\/2023\/05\/wado-1620x649.jpg",1620,649,true],"blossom-feminine-featured":["https:\/\/infotep.com.ar\/wp-content\/uploads\/2023\/05\/wado-1410x600.jpg",1410,600,true],"blossom-feminine-with-sidebar":["https:\/\/infotep.com.ar\/wp-content\/uploads\/2023\/05\/wado-1020x600.jpg",1020,600,true],"blossom-feminine-blog":["https:\/\/infotep.com.ar\/wp-content\/uploads\/2023\/05\/wado-435x435.jpg",435,435,true],"blossom-feminine-cat":["https:\/\/infotep.com.ar\/wp-content\/uploads\/2023\/05\/wado-450x300.jpg",450,300,true],"blossom-feminine-related":["https:\/\/infotep.com.ar\/wp-content\/uploads\/2023\/05\/wado-320x200.jpg",320,200,true],"blossom-feminine-schema":["https:\/\/infotep.com.ar\/wp-content\/uploads\/2023\/05\/wado-90x60.jpg",90,60,true],"blossom-mommy-blog-slider-big":["https:\/\/infotep.com.ar\/wp-content\/uploads\/2023\/05\/wado-920x650.jpg",920,650,true],"blossom-mommy-blog-slider":["https:\/\/infotep.com.ar\/wp-content\/uploads\/2023\/05\/wado-460x310.jpg",460,310,true],"blossom-mommy-blog-two":["https:\/\/infotep.com.ar\/wp-content\/uploads\/2023\/05\/wado-768x480.jpg",768,480,true]},"author_info":{"info":["Angela Tobar"]},"category_info":"<a href=\"https:\/\/infotep.com.ar\/index.php\/category\/nacionales\/\" rel=\"category tag\">Nacionales<\/a>","tag_info":"Nacionales","comment_count":"0","_links":{"self":[{"href":"https:\/\/infotep.com.ar\/index.php\/wp-json\/wp\/v2\/posts\/5458"}],"collection":[{"href":"https:\/\/infotep.com.ar\/index.php\/wp-json\/wp\/v2\/posts"}],"about":[{"href":"https:\/\/infotep.com.ar\/index.php\/wp-json\/wp\/v2\/types\/post"}],"author":[{"embeddable":true,"href":"https:\/\/infotep.com.ar\/index.php\/wp-json\/wp\/v2\/users\/5"}],"replies":[{"embeddable":true,"href":"https:\/\/infotep.com.ar\/index.php\/wp-json\/wp\/v2\/comments?post=5458"}],"version-history":[{"count":1,"href":"https:\/\/infotep.com.ar\/index.php\/wp-json\/wp\/v2\/posts\/5458\/revisions"}],"predecessor-version":[{"id":5459,"href":"https:\/\/infotep.com.ar\/index.php\/wp-json\/wp\/v2\/posts\/5458\/revisions\/5459"}],"wp:featuredmedia":[{"embeddable":true,"href":"https:\/\/infotep.com.ar\/index.php\/wp-json\/wp\/v2\/media\/5227"}],"wp:attachment":[{"href":"https:\/\/infotep.com.ar\/index.php\/wp-json\/wp\/v2\/media?parent=5458"}],"wp:term":[{"taxonomy":"category","embeddable":true,"href":"https:\/\/infotep.com.ar\/index.php\/wp-json\/wp\/v2\/categories?post=5458"},{"taxonomy":"post_tag","embeddable":true,"href":"https:\/\/infotep.com.ar\/index.php\/wp-json\/wp\/v2\/tags?post=5458"}],"curies":[{"name":"wp","href":"https:\/\/api.w.org\/{rel}","templated":true}]}}