{"id":5484,"date":"2023-06-08T14:25:05","date_gmt":"2023-06-08T17:25:05","guid":{"rendered":"https:\/\/infotep.com.ar\/?p=5484"},"modified":"2023-06-08T14:25:07","modified_gmt":"2023-06-08T17:25:07","slug":"fuerte-critica-de-cecilia-moreau-a-tolosa-paz-hay-funcionarios-gestionando-y-otros-de-rosca","status":"publish","type":"post","link":"https:\/\/infotep.com.ar\/index.php\/2023\/06\/08\/fuerte-critica-de-cecilia-moreau-a-tolosa-paz-hay-funcionarios-gestionando-y-otros-de-rosca\/","title":{"rendered":"Fuerte cr\u00edtica de Cecilia Moreau a Tolosa Paz: &#8220;Hay funcionarios gestionando y otros de rosca&#8221;"},"content":{"rendered":"\n<p>La ministra de Desarrollo Social hab\u00eda recordado el origen radical de la presidenta de la C\u00e1mara de Diputados, quien no dud\u00f3 en adjudicarle la derrota de las elecciones legislativas de 2021.<br><br>El Frente de Todos sigue sin encontrar la calma a escasos d\u00edas del cierre de listas para las elecciones presidenciales y se mantienen los cruces internos, esta vez protagonizados por la ministra de Desarrollo Social Victoria Tolosa Paz, y la presidenta de la C\u00e1mara de Diputados, Cecilia Moreau.<\/p>\n\n\n\n<p>La integrante del Gabinete y aspirante a la Gobernaci\u00f3n bonaerense hab\u00eda deslizado una cr\u00edtica hacia la diputada nacional, quien comparte la visi\u00f3n del ministro de Econom\u00eda, Sergio Massa, respecto a la necesidad de que el oficialismo tengo una lista \u00fanica para las PASO.<\/p>\n\n\n\n<p>&#8220;Desde el peronismo vemos que los radicales nunca entendieron nuestra forma de debatir y de construir&#8221;, lanz\u00f3 la dirigente platense, recordando el origen de la familia Moreau en la UCR.<\/p>\n\n\n\n<p>La respuesta no tard\u00f3 en llegar de parte de la titular de la C\u00e1mara baja: &#8220;Qu\u00e9 astuta demuestra ser la ministra que ahora descubri\u00f3 que provengo del radicalismo, despu\u00e9s de que trabaj\u00e9 a\u00f1os para construir el Frente de todos con mis compa\u00f1eros&#8221;.<\/p>\n\n\n\n<p>Y record\u00f3: &#8220;Milit\u00e9 como cientos de miles la boleta que encabez\u00f3 en el 2021, sin PAS0 y sin reprocharle jam\u00e1s haber perdido la elecci\u00f3n&#8221;.<\/p>\n\n\n\n<p><strong>Ante los cuestionamientos de la integrante del Gabinete, Cecilia Moreau se quej\u00f3 de que &#8220;se pregona la unidad dividiendo&#8221; y advirti\u00f3 que &#8220;hay funcionarios gestionando y otros de rosca&#8221;.<\/strong><\/p>\n\n\n\n<p>Tolosa Paz est\u00e1 decidida a competir contra el gobernador bonaerense, Axel Kicillof, en una interna del Frente de Todos en la Provincia de Buenos Aires y se embarc\u00f3 en esa campa\u00f1a de la mano del embajador argentino en Brasil, Daniel Scioli, anotado en la carrera presidencial y defensor de las PASO como herramienta para dirimir las diferencias previo a la elecci\u00f3n general.<\/p>\n\n\n\n<p><\/p>\n","protected":false},"excerpt":{"rendered":"<p>La ministra de Desarrollo Social hab&iacute;a recordado el origen radical de la presidenta de la C&aacute;mara de Diputados, quien no dud&oacute; en adjudicarle la derrota de las elecciones legislativas de 2021. El Frente de Todos sigue sin encontrar la calma a escasos d&iacute;as del cierre de listas para las elecciones presidenciales y se mantienen los &hellip; <\/p>\n","protected":false},"author":5,"featured_media":5485,"comment_status":"closed","ping_status":"closed","sticky":false,"template":"","format":"standard","meta":{"om_disable_all_campaigns":false,"_joinchat":[]},"categories":[4],"tags":[46,43],"featured_image_urls":{"full":["https:\/\/infotep.com.ar\/wp-content\/uploads\/2023\/06\/cecilia-moreau.jpg",310,163,false],"thumbnail":["https:\/\/infotep.com.ar\/wp-content\/uploads\/2023\/06\/cecilia-moreau-150x150.jpg",150,150,true],"medium":["https:\/\/infotep.com.ar\/wp-content\/uploads\/2023\/06\/cecilia-moreau-300x158.jpg",300,158,true],"medium_large":["https:\/\/infotep.com.ar\/wp-content\/uploads\/2023\/06\/cecilia-moreau.jpg",310,163,false],"large":["https:\/\/infotep.com.ar\/wp-content\/uploads\/2023\/06\/cecilia-moreau.jpg",310,163,false],"1536x1536":["https:\/\/infotep.com.ar\/wp-content\/uploads\/2023\/06\/cecilia-moreau.jpg",310,163,false],"2048x2048":["https:\/\/infotep.com.ar\/wp-content\/uploads\/2023\/06\/cecilia-moreau.jpg",310,163,false],"blossom-feminine-slider":["https:\/\/infotep.com.ar\/wp-content\/uploads\/2023\/06\/cecilia-moreau.jpg",310,163,false],"blossom-feminine-featured":["https:\/\/infotep.com.ar\/wp-content\/uploads\/2023\/06\/cecilia-moreau.jpg",310,163,false],"blossom-feminine-with-sidebar":["https:\/\/infotep.com.ar\/wp-content\/uploads\/2023\/06\/cecilia-moreau.jpg",310,163,false],"blossom-feminine-blog":["https:\/\/infotep.com.ar\/wp-content\/uploads\/2023\/06\/cecilia-moreau.jpg",310,163,false],"blossom-feminine-cat":["https:\/\/infotep.com.ar\/wp-content\/uploads\/2023\/06\/cecilia-moreau.jpg",310,163,false],"blossom-feminine-related":["https:\/\/infotep.com.ar\/wp-content\/uploads\/2023\/06\/cecilia-moreau.jpg",310,163,false],"blossom-feminine-schema":["https:\/\/infotep.com.ar\/wp-content\/uploads\/2023\/06\/cecilia-moreau-114x60.jpg",114,60,true],"blossom-mommy-blog-slider-big":["https:\/\/infotep.com.ar\/wp-content\/uploads\/2023\/06\/cecilia-moreau.jpg",310,163,false],"blossom-mommy-blog-slider":["https:\/\/infotep.com.ar\/wp-content\/uploads\/2023\/06\/cecilia-moreau.jpg",310,163,false],"blossom-mommy-blog-two":["https:\/\/infotep.com.ar\/wp-content\/uploads\/2023\/06\/cecilia-moreau.jpg",310,163,false]},"author_info":{"info":["Angela Tobar"]},"category_info":"<a href=\"https:\/\/infotep.com.ar\/index.php\/category\/provinciales\/\" rel=\"category tag\">Provinciales<\/a>","tag_info":"Provinciales","comment_count":"0","_links":{"self":[{"href":"https:\/\/infotep.com.ar\/index.php\/wp-json\/wp\/v2\/posts\/5484"}],"collection":[{"href":"https:\/\/infotep.com.ar\/index.php\/wp-json\/wp\/v2\/posts"}],"about":[{"href":"https:\/\/infotep.com.ar\/index.php\/wp-json\/wp\/v2\/types\/post"}],"author":[{"embeddable":true,"href":"https:\/\/infotep.com.ar\/index.php\/wp-json\/wp\/v2\/users\/5"}],"replies":[{"embeddable":true,"href":"https:\/\/infotep.com.ar\/index.php\/wp-json\/wp\/v2\/comments?post=5484"}],"version-history":[{"count":1,"href":"https:\/\/infotep.com.ar\/index.php\/wp-json\/wp\/v2\/posts\/5484\/revisions"}],"predecessor-version":[{"id":5486,"href":"https:\/\/infotep.com.ar\/index.php\/wp-json\/wp\/v2\/posts\/5484\/revisions\/5486"}],"wp:featuredmedia":[{"embeddable":true,"href":"https:\/\/infotep.com.ar\/index.php\/wp-json\/wp\/v2\/media\/5485"}],"wp:attachment":[{"href":"https:\/\/infotep.com.ar\/index.php\/wp-json\/wp\/v2\/media?parent=5484"}],"wp:term":[{"taxonomy":"category","embeddable":true,"href":"https:\/\/infotep.com.ar\/index.php\/wp-json\/wp\/v2\/categories?post=5484"},{"taxonomy":"post_tag","embeddable":true,"href":"https:\/\/infotep.com.ar\/index.php\/wp-json\/wp\/v2\/tags?post=5484"}],"curies":[{"name":"wp","href":"https:\/\/api.w.org\/{rel}","templated":true}]}}