{"id":5487,"date":"2023-06-08T14:32:43","date_gmt":"2023-06-08T17:32:43","guid":{"rendered":"https:\/\/infotep.com.ar\/?p=5487"},"modified":"2023-06-08T14:32:43","modified_gmt":"2023-06-08T17:32:43","slug":"el-fit-ira-a-la-paso-con-dos-formulas-y-otras-dos-listas-de-izquierda-lo-haran-por-afuera","status":"publish","type":"post","link":"https:\/\/infotep.com.ar\/index.php\/2023\/06\/08\/el-fit-ira-a-la-paso-con-dos-formulas-y-otras-dos-listas-de-izquierda-lo-haran-por-afuera\/","title":{"rendered":"El FIT ir\u00e1 a la PASO con dos f\u00f3rmulas, y otras dos listas de izquierda lo har\u00e1n por afuera"},"content":{"rendered":"\n<p>El Frente de Izquierda-Unidad confirm\u00f3 que se presentar\u00e1 a las PASO con dos f\u00f3rmulas presidenciales, una del PTS integrada por Myriam Bregman y Nicol\u00e1s del Ca\u00f1o, y la otra por Gabriel Solano (Partido Obrero) y Vilma Ripoll (MST), en tanto que por fuera competir\u00e1n por su cuenta Manuela Casta\u00f1eira (Nuevo Mas) y Marcelo Ramal (Pol\u00edtica Obrera).<\/p>\n\n\n\n<p>Este mi\u00e9rcoles, los partidos PTS e Izquierda Socialista realizaron una conferencia de prensa en el Club Atl\u00e9tico Fern\u00e1ndez Fierro, en el barrio porte\u00f1o del Abasto, donde ratificaron el binomio Bregman-del Ca\u00f1o pero tambi\u00e9n presentaron a los precandidatos de la Provincia y la Ciudad de Buenos Aires.<\/p>\n\n\n\n<p>El ferroviario y Secretario General de la Uni\u00f3n Ferroviaria de Oeste, Rub\u00e9n \u201cPollo\u201d Sobrero (Izquierda Socialista), ser\u00e1 el precandidato a gobernador de la provincia de Buenos Aires; mientras que el docente y Secretario de Acci\u00f3n Gremial de Ademys, Jorge Adaro (Izquierda Socialista), ser\u00e1 precandidato a Jefe de Gobierno de la CABA, acompa\u00f1ado en la f\u00f3rmula por la legisladora Alejandrina Barry (PTS).<\/p>\n\n\n\n<p>El economista e hist\u00f3rico referente del PTS Christian Castillo encabezar\u00e1 la lista de diputados nacionales por la provincia de Buenos Aires, en tanto que el ex legislador porte\u00f1o Patricio del Corro (PTS) har\u00e1 lo propio por la CABA.<\/p>\n\n\n\n<p>Andrea D\u2019Atri (PTS), fundadora de la organizaci\u00f3n feminista Pan y Rosas, ser\u00e1 primera precandidata a legisladora de la Ciudad, y ser\u00e1n precandidatos a legisladores bonaerenses Juan Carlos Giordano y la trabajadora ferroviaria M\u00f3nica Schlotthauer, ambos de Izquierda Socialista.<\/p>\n\n\n\n<p>La sociedad entre el PTS e Izquierda Socialista se medir\u00e1 en la interna contra el t\u00e1ndem del Partido Obrero y el MST. Este entente, que llevar\u00e1 como precandidatos presidenciales a Solano y Ripoll, tendr\u00e1 a Alejandro Bodart (MST) como precandidato a gobernador bonaerense, a Romina del Pl\u00e1 (PO) como primera precandidata a senadora nacional por la provincia, y a N\u00e9stor Pitrola (PO) encabezando la n\u00f3mina de diputados nacionales por ese distrito.<\/p>\n\n\n\n<p>Por otra parte, se defini\u00f3 que Vanina Biasi (PO) ser\u00e1 precandidata a jefa de Gobierno en la Ciudad y Celeste Fierro (MST) primera candidata a legisladora porte\u00f1a.<\/p>\n\n\n\n<p>Tras haberse frustrados sus intentos por integrarse al Frente de Izquierda-Unidad, el Nuevo MAS participar\u00e1 de las elecciones de forma independiente con la candidatura presidencial de Manuela Casta\u00f1eira, que ser\u00e1 acompa\u00f1ada en la f\u00f3rmula por el neuquino Lucas Ruiz. Adem\u00e1s, Juan Cruz Ramat ser\u00e1 el primer precandidato a diputado nacional por la provincia de Buenos Aires.<\/p>\n\n\n\n<p>La izquierda trotskista tendr\u00e1 en las PASO otra alternativa de la mano de Pol\u00edtica Obrera, una escisi\u00f3n relativamente reciente del Partido Obrero. Este partido pol\u00edtico defini\u00f3 que ir\u00e1 a las urnas con la precandidatura presidencial del economista y ex legislador porte\u00f1o Marcelo Ramal, quien estar\u00e1 secundado por Patricia Urones.<\/p>\n\n\n\n<p>Adem\u00e1s, Pablo Busch y Eva Guti\u00e9rrez ir\u00e1n como precandidatos a gobernador y vicegobernadora para la provincia de Buenos Aires.<\/p>\n","protected":false},"excerpt":{"rendered":"<p>El Frente de Izquierda-Unidad confirm&oacute; que se presentar&aacute; a las PASO con dos f&oacute;rmulas presidenciales, una del PTS integrada por Myriam Bregman y Nicol&aacute;s del Ca&ntilde;o, y la otra por Gabriel Solano (Partido Obrero) y Vilma Ripoll (MST), en tanto que por fuera competir&aacute;n por su cuenta Manuela Casta&ntilde;eira (Nuevo Mas) y Marcelo Ramal (Pol&iacute;tica &hellip; <\/p>\n","protected":false},"author":5,"featured_media":5488,"comment_status":"closed","ping_status":"closed","sticky":false,"template":"","format":"standard","meta":{"om_disable_all_campaigns":false,"_joinchat":[]},"categories":[3],"tags":[46,43],"featured_image_urls":{"full":["https:\/\/infotep.com.ar\/wp-content\/uploads\/2023\/06\/FIT-PTS.jpg",845,475,false],"thumbnail":["https:\/\/infotep.com.ar\/wp-content\/uploads\/2023\/06\/FIT-PTS-150x150.jpg",150,150,true],"medium":["https:\/\/infotep.com.ar\/wp-content\/uploads\/2023\/06\/FIT-PTS-300x169.jpg",300,169,true],"medium_large":["https:\/\/infotep.com.ar\/wp-content\/uploads\/2023\/06\/FIT-PTS-768x432.jpg",768,432,true],"large":["https:\/\/infotep.com.ar\/wp-content\/uploads\/2023\/06\/FIT-PTS.jpg",845,475,false],"1536x1536":["https:\/\/infotep.com.ar\/wp-content\/uploads\/2023\/06\/FIT-PTS.jpg",845,475,false],"2048x2048":["https:\/\/infotep.com.ar\/wp-content\/uploads\/2023\/06\/FIT-PTS.jpg",845,475,false],"blossom-feminine-slider":["https:\/\/infotep.com.ar\/wp-content\/uploads\/2023\/06\/FIT-PTS.jpg",845,475,false],"blossom-feminine-featured":["https:\/\/infotep.com.ar\/wp-content\/uploads\/2023\/06\/FIT-PTS.jpg",845,475,false],"blossom-feminine-with-sidebar":["https:\/\/infotep.com.ar\/wp-content\/uploads\/2023\/06\/FIT-PTS.jpg",845,475,false],"blossom-feminine-blog":["https:\/\/infotep.com.ar\/wp-content\/uploads\/2023\/06\/FIT-PTS-435x435.jpg",435,435,true],"blossom-feminine-cat":["https:\/\/infotep.com.ar\/wp-content\/uploads\/2023\/06\/FIT-PTS-450x300.jpg",450,300,true],"blossom-feminine-related":["https:\/\/infotep.com.ar\/wp-content\/uploads\/2023\/06\/FIT-PTS-320x200.jpg",320,200,true],"blossom-feminine-schema":["https:\/\/infotep.com.ar\/wp-content\/uploads\/2023\/06\/FIT-PTS-107x60.jpg",107,60,true],"blossom-mommy-blog-slider-big":["https:\/\/infotep.com.ar\/wp-content\/uploads\/2023\/06\/FIT-PTS.jpg",845,475,false],"blossom-mommy-blog-slider":["https:\/\/infotep.com.ar\/wp-content\/uploads\/2023\/06\/FIT-PTS-460x310.jpg",460,310,true],"blossom-mommy-blog-two":["https:\/\/infotep.com.ar\/wp-content\/uploads\/2023\/06\/FIT-PTS-768x475.jpg",768,475,true]},"author_info":{"info":["Angela Tobar"]},"category_info":"<a href=\"https:\/\/infotep.com.ar\/index.php\/category\/nacionales\/\" rel=\"category tag\">Nacionales<\/a>","tag_info":"Nacionales","comment_count":"0","_links":{"self":[{"href":"https:\/\/infotep.com.ar\/index.php\/wp-json\/wp\/v2\/posts\/5487"}],"collection":[{"href":"https:\/\/infotep.com.ar\/index.php\/wp-json\/wp\/v2\/posts"}],"about":[{"href":"https:\/\/infotep.com.ar\/index.php\/wp-json\/wp\/v2\/types\/post"}],"author":[{"embeddable":true,"href":"https:\/\/infotep.com.ar\/index.php\/wp-json\/wp\/v2\/users\/5"}],"replies":[{"embeddable":true,"href":"https:\/\/infotep.com.ar\/index.php\/wp-json\/wp\/v2\/comments?post=5487"}],"version-history":[{"count":1,"href":"https:\/\/infotep.com.ar\/index.php\/wp-json\/wp\/v2\/posts\/5487\/revisions"}],"predecessor-version":[{"id":5489,"href":"https:\/\/infotep.com.ar\/index.php\/wp-json\/wp\/v2\/posts\/5487\/revisions\/5489"}],"wp:featuredmedia":[{"embeddable":true,"href":"https:\/\/infotep.com.ar\/index.php\/wp-json\/wp\/v2\/media\/5488"}],"wp:attachment":[{"href":"https:\/\/infotep.com.ar\/index.php\/wp-json\/wp\/v2\/media?parent=5487"}],"wp:term":[{"taxonomy":"category","embeddable":true,"href":"https:\/\/infotep.com.ar\/index.php\/wp-json\/wp\/v2\/categories?post=5487"},{"taxonomy":"post_tag","embeddable":true,"href":"https:\/\/infotep.com.ar\/index.php\/wp-json\/wp\/v2\/tags?post=5487"}],"curies":[{"name":"wp","href":"https:\/\/api.w.org\/{rel}","templated":true}]}}