{"id":5494,"date":"2023-06-09T18:30:47","date_gmt":"2023-06-09T21:30:47","guid":{"rendered":"https:\/\/infotep.com.ar\/?p=5494"},"modified":"2023-06-09T18:30:48","modified_gmt":"2023-06-09T21:30:48","slug":"la-uta-anuncio-un-nuevo-paro-total-de-colectivos-cuando-sera","status":"publish","type":"post","link":"https:\/\/infotep.com.ar\/index.php\/2023\/06\/09\/la-uta-anuncio-un-nuevo-paro-total-de-colectivos-cuando-sera\/","title":{"rendered":"La UTA anunci\u00f3 un nuevo paro total de colectivos: cu\u00e1ndo ser\u00e1"},"content":{"rendered":"\n<p><strong>La Uni\u00f3n Tranviarios Automotor (UTA) anunci\u00f3 este jueves que realizar\u00e1 un nuevo paro total de colectivos el pr\u00f3ximo martes 13 de junio, luego que no alcanzaran un acuerdo en una reuni\u00f3n con el Ministerio de Trabajo en relaci\u00f3n a una nueva suba salarial.<\/strong><\/p>\n\n\n\n<p>A trav\u00e9s de un comunicado, el gremio indic\u00f3 que la medida de fuerza afectar\u00e1 el servicio de corta y media distancia. A su vez, advirti\u00f3 que no acatar\u00e1n una nueva conciliaci\u00f3n obligatoria en caso de que esta sea dictada.<\/p>\n\n\n\n<p>&#8220;Si para el d\u00eda lunes no recibimos una respuesta salarial conforme el pedido formulado en la audiencia anterior, se realizar\u00e1 un paro general del transporte de pasajeros de corta y media distancia en todo el pa\u00eds por 24 horas, a partir de las 00.00 horas del d\u00eda martes 13 del corriente. Nos desaf\u00edan y nos obligan a realizar la medida de fuerza por nuestro salario&#8221;, reza un fragmento del comunicado.<\/p>\n\n\n\n<p>El objetivo de la UTA es obtener un incremento retroactivo para que el b\u00e1sico desde abril sea de $262 mil. Tambi\u00e9n quieren un bono de una \u00fanica vez y no remunerativo de $32 mil y vi\u00e1ticos diarios para los trabajadores.<\/p>\n\n\n\n<p>Audiencia clave el lunes para destrabar el paro de colectivos<br><br>La UTA comunic\u00f3 que el lunes se llevar\u00e1 a cabo una nueva audiencia con el objetivo de acercar a las partes. Si se logra un acuerdo, el paro podr\u00eda desactivarse.<\/p>\n\n\n\n<p>El sindicato hizo referencia a las dificultades que atraviesa el sector en t\u00e9rminos de costos de los servicios que \u201cest\u00e1n calculados con precios de insumos no salariales a valores de diciembre de 2022\u2033.<\/p>\n\n\n\n<p>Adem\u00e1s, se\u00f1al\u00f3 que las compensaciones tarifarias \u201cse est\u00e1n abonando con demoras\u201d y que hay \u201cmontos devengados sin abonar desde marzo\u201d.<\/p>\n","protected":false},"excerpt":{"rendered":"<p>La Uni&oacute;n Tranviarios Automotor (UTA) anunci&oacute; este jueves que realizar&aacute; un nuevo paro total de colectivos el pr&oacute;ximo martes 13 de junio, luego que no alcanzaran un acuerdo en una reuni&oacute;n con el Ministerio de Trabajo en relaci&oacute;n a una nueva suba salarial. A trav&eacute;s de un comunicado, el gremio indic&oacute; que la medida de &hellip; <\/p>\n","protected":false},"author":5,"featured_media":1549,"comment_status":"closed","ping_status":"closed","sticky":false,"template":"","format":"standard","meta":{"om_disable_all_campaigns":false,"_joinchat":[]},"categories":[31,7],"tags":[46,43],"featured_image_urls":{"full":["https:\/\/infotep.com.ar\/wp-content\/uploads\/2022\/10\/colectivos.jpg",730,443,false],"thumbnail":["https:\/\/infotep.com.ar\/wp-content\/uploads\/2022\/10\/colectivos-150x150.jpg",150,150,true],"medium":["https:\/\/infotep.com.ar\/wp-content\/uploads\/2022\/10\/colectivos-300x182.jpg",300,182,true],"medium_large":["https:\/\/infotep.com.ar\/wp-content\/uploads\/2022\/10\/colectivos.jpg",730,443,false],"large":["https:\/\/infotep.com.ar\/wp-content\/uploads\/2022\/10\/colectivos.jpg",730,443,false],"1536x1536":["https:\/\/infotep.com.ar\/wp-content\/uploads\/2022\/10\/colectivos.jpg",730,443,false],"2048x2048":["https:\/\/infotep.com.ar\/wp-content\/uploads\/2022\/10\/colectivos.jpg",730,443,false],"blossom-feminine-slider":["https:\/\/infotep.com.ar\/wp-content\/uploads\/2022\/10\/colectivos.jpg",730,443,false],"blossom-feminine-featured":["https:\/\/infotep.com.ar\/wp-content\/uploads\/2022\/10\/colectivos.jpg",730,443,false],"blossom-feminine-with-sidebar":["https:\/\/infotep.com.ar\/wp-content\/uploads\/2022\/10\/colectivos.jpg",730,443,false],"blossom-feminine-blog":["https:\/\/infotep.com.ar\/wp-content\/uploads\/2022\/10\/colectivos-435x435.jpg",435,435,true],"blossom-feminine-cat":["https:\/\/infotep.com.ar\/wp-content\/uploads\/2022\/10\/colectivos-450x300.jpg",450,300,true],"blossom-feminine-related":["https:\/\/infotep.com.ar\/wp-content\/uploads\/2022\/10\/colectivos-320x200.jpg",320,200,true],"blossom-feminine-schema":["https:\/\/infotep.com.ar\/wp-content\/uploads\/2022\/10\/colectivos-99x60.jpg",99,60,true],"blossom-mommy-blog-slider-big":["https:\/\/infotep.com.ar\/wp-content\/uploads\/2022\/10\/colectivos.jpg",730,443,false],"blossom-mommy-blog-slider":["https:\/\/infotep.com.ar\/wp-content\/uploads\/2022\/10\/colectivos-460x310.jpg",460,310,true],"blossom-mommy-blog-two":["https:\/\/infotep.com.ar\/wp-content\/uploads\/2022\/10\/colectivos.jpg",730,443,false]},"author_info":{"info":["Angela Tobar"]},"category_info":"<a href=\"https:\/\/infotep.com.ar\/index.php\/category\/destacadas\/\" rel=\"category tag\">Destacadas<\/a> <a href=\"https:\/\/infotep.com.ar\/index.php\/category\/gremios\/\" rel=\"category tag\">Gremios<\/a>","tag_info":"Gremios","comment_count":"0","_links":{"self":[{"href":"https:\/\/infotep.com.ar\/index.php\/wp-json\/wp\/v2\/posts\/5494"}],"collection":[{"href":"https:\/\/infotep.com.ar\/index.php\/wp-json\/wp\/v2\/posts"}],"about":[{"href":"https:\/\/infotep.com.ar\/index.php\/wp-json\/wp\/v2\/types\/post"}],"author":[{"embeddable":true,"href":"https:\/\/infotep.com.ar\/index.php\/wp-json\/wp\/v2\/users\/5"}],"replies":[{"embeddable":true,"href":"https:\/\/infotep.com.ar\/index.php\/wp-json\/wp\/v2\/comments?post=5494"}],"version-history":[{"count":1,"href":"https:\/\/infotep.com.ar\/index.php\/wp-json\/wp\/v2\/posts\/5494\/revisions"}],"predecessor-version":[{"id":5495,"href":"https:\/\/infotep.com.ar\/index.php\/wp-json\/wp\/v2\/posts\/5494\/revisions\/5495"}],"wp:featuredmedia":[{"embeddable":true,"href":"https:\/\/infotep.com.ar\/index.php\/wp-json\/wp\/v2\/media\/1549"}],"wp:attachment":[{"href":"https:\/\/infotep.com.ar\/index.php\/wp-json\/wp\/v2\/media?parent=5494"}],"wp:term":[{"taxonomy":"category","embeddable":true,"href":"https:\/\/infotep.com.ar\/index.php\/wp-json\/wp\/v2\/categories?post=5494"},{"taxonomy":"post_tag","embeddable":true,"href":"https:\/\/infotep.com.ar\/index.php\/wp-json\/wp\/v2\/tags?post=5494"}],"curies":[{"name":"wp","href":"https:\/\/api.w.org\/{rel}","templated":true}]}}