{"id":5499,"date":"2023-06-09T18:40:26","date_gmt":"2023-06-09T21:40:26","guid":{"rendered":"https:\/\/infotep.com.ar\/?p=5499"},"modified":"2023-06-09T18:40:27","modified_gmt":"2023-06-09T21:40:27","slug":"massa-empieza-a-definir-su-futuro-politico-en-el-congreso-del-frente-renovador","status":"publish","type":"post","link":"https:\/\/infotep.com.ar\/index.php\/2023\/06\/09\/massa-empieza-a-definir-su-futuro-politico-en-el-congreso-del-frente-renovador\/","title":{"rendered":"Massa empieza a definir su futuro pol\u00edtico en el Congreso del Frente Renovador"},"content":{"rendered":"\n<p>A menos de dos semanas de los cierres de listas, el Frente Renovador (FR) liderado por el ministro de Econom\u00eda, Sergio Massa, celebrar\u00e1 su Congreso Nacional el s\u00e1bado y nuclear\u00e1 a dirigentes de todo el pa\u00eds con el objetivo de ajustar la estrategia que adoptar\u00e1n de cara a la ingenier\u00eda electoral del Frente de Todos.<\/p>\n\n\n\n<p>La fuerza pol\u00edtica creada en 2013 es una de las patas de apoyo de la coalici\u00f3n oficialista y, en las \u00faltimas semanas, dio sobradas muestras de disconformidad con el rumbo del frente. Por tanto, este s\u00e1bado 10, sus principales figuras tomar\u00e1n la palabra y el titular del espacio cerrar\u00e1 la jornada de debate que tendr\u00e1 lugar en el estadio Arenas (ex Direct TV), ubicado en la avenida Olivos 2315 de la localidad bonaerense de Tortuguitas, partido de Malvinas Argentinas.<\/p>\n\n\n\n<p>Mientras en el interior del frente a\u00fan se debate respecto al mecanismo electoral, el ministro de Econom\u00eda hizo p\u00fablico ya su rechazo a las elecciones Primarias, Abiertas, Simult\u00e1neas y Obligatorias (PASO) como m\u00e9todo para dirimir candidaturas y postul\u00f3 en su lugar la necesidad acordar un candidato de consenso para &#8220;ser m\u00e1s competitivos&#8221;.<\/p>\n\n\n\n<p>&#8220;Esto de querer exponer en una primaria si el Gobierno tiene diferencias o no las tiene, la verdad que me parece un grav\u00edsimo error&#8221;, supo reclamar el tigrense luego de que el presidente Alberto Fern\u00e1ndez se\u00f1alara las primarias como el mecanismo &#8220;m\u00e1s democr\u00e1tico&#8221; para la designaci\u00f3n. Hace algunos d\u00edas, los gobernadores del Partido Justicialista (PJ) respaldaron su pedido y se plegaron a exigir una f\u00f3rmula \u00fanica a trav\u00e9s de un comunicado conjunto.<\/p>\n\n\n\n<p>Si bien en la previa al Congreso, que fue pospuesto en varias ocasiones, descartan definiciones en torno a candidaturas, se espera que el referente m\u00e1ximo del Frente Renovador, a cargo del cierre, realice un cuadro de situaci\u00f3n del pa\u00eds y marque los desaf\u00edos por delante. El resto de los dirigentes nacionales contar\u00e1 con 4 minutos para desarrollar su exposici\u00f3n durante la instancia de debate que tiene horario de ingreso a las 13.<\/p>\n\n\n\n<p>Seg\u00fan supo la agencia Noticias Argentinas, el intercambio ahondar\u00e1 en la centralidad de potenciar la expresi\u00f3n federal y en los reclamos de una lista \u00fanica del Frente de Todos. En tanto, a las 14:30, se enmarcar\u00e1 la celebraci\u00f3n de los 10 a\u00f1os de la fundaci\u00f3n del Frente Renovador y aglutinar\u00e1 a &#8220;m\u00e1s de 12 mil congresales&#8221;.<\/p>\n\n\n\n<p>Se estima que har\u00e1n uso de la palabra, las titulares de Aysa, Malena Galmarini; de la C\u00e1mara de Diputados, Cecilia Moreau; el secretario de Industria y Desarrollo Productivo, Jos\u00e9 Ignacio &#8220;El Vasco&#8221; De Mendiguren; y los presidentes de Trenes Argentinos, Mart\u00edn Marinucci y del Ente Nacional de Comunicaciones (ENACOM), Claudio Ambrosini. El cierre, previsto para las 17, estar\u00e1 a cargo de Sergio Massa.<\/p>\n\n\n\n<p>En la previa, la diputada Cecilia Moreau plante\u00f3 que el evento partidario tendr\u00e1 una din\u00e1mica de debate pol\u00edtico donde no habr\u00e1 definiciones respecto a candidaturas sino aproximaciones a una estrategia que permita &#8220;ordenar&#8221; el Frente de Todos. &#8220;No vamos a cometer el error que estamos cuestionando de definir candidato antes que estrategia pol\u00edtica&#8221;, remarc\u00f3 en declaraciones radiales.<\/p>\n\n\n\n<p>&#8220;Lo primero que tenemos que hacer es ordenar la coalici\u00f3n y eso acompa\u00f1a al orden econ\u00f3mico. No hay orden econ\u00f3mico si el Gobierno no se ordena pol\u00edticamente&#8221;, complet\u00f3 al tiempo que aclar\u00f3 que no se discutir\u00e1 si &#8220;Massa s\u00ed o no&#8221;.<\/p>\n\n\n\n<p>En los \u00faltimos d\u00edas, la diputada cruz\u00f3 con dureza al embajador en Brasil y precandidato a presidente, Daniel Scioli, al que acus\u00f3 de &#8220;estar jugando a la interna con soldaditos de cart\u00f3n&#8221;, en lugar de cumplir sus funciones. En m\u00e1s de una oportunidad, el ministro de Econom\u00eda ha rechazado la posibilidad de ser precandidato a presidente y funcionario a la vez.<\/p>\n\n\n\n<p>A pesar de las cr\u00edticas, Moreau descart\u00f3 una ruptura del Frente Renovador, aunque subray\u00f3 que su referente, Sergio Massa, &#8220;no puede ser ministro de Econom\u00eda de un Gobierno que se est\u00e1 tirando por los medios barbaridades en una PASO cuando la estabilidad econ\u00f3mica est\u00e1 en riesgo&#8221;.<\/p>\n\n\n\n<p>En sinton\u00eda, fuentes del espacio, revelaron que la instancia de intercambio nacional mostrar\u00e1 &#8220;car\u00e1cter federal y volumen pol\u00edtico&#8221; al espacio que -definen- ordenado y, a 10 a\u00f1os de su surgimiento, remarcaron que cuenta con representaci\u00f3n en todas las provincias desde donde reconocen en su m\u00e1ximo dirigente a un referente con &#8220;capacidad de gesti\u00f3n&#8221;.<\/p>\n\n\n\n<p>A pesar de que hay un sector de precandidatos del Frente de Todos que insisten con una PASO, desde el entorno de Massa aseguran que la imagen de Juntos por el Cambio est\u00e1 en detrimento por los debates internos y se\u00f1alan que la coalici\u00f3n gobernante deber\u00eda abstenerse de participar en una PASO que &#8220;no es eficiente&#8221;.<\/p>\n","protected":false},"excerpt":{"rendered":"<p>A menos de dos semanas de los cierres de listas, el Frente Renovador (FR) liderado por el ministro de Econom&iacute;a, Sergio Massa, celebrar&aacute; su Congreso Nacional el s&aacute;bado y nuclear&aacute; a dirigentes de todo el pa&iacute;s con el objetivo de ajustar la estrategia que adoptar&aacute;n de cara a la ingenier&iacute;a electoral del Frente de Todos. &hellip; <\/p>\n","protected":false},"author":5,"featured_media":5500,"comment_status":"closed","ping_status":"closed","sticky":false,"template":"","format":"standard","meta":{"om_disable_all_campaigns":false,"_joinchat":[]},"categories":[3],"tags":[46,43],"featured_image_urls":{"full":["https:\/\/infotep.com.ar\/wp-content\/uploads\/2023\/06\/frente-renovador.jpg",1920,1279,false],"thumbnail":["https:\/\/infotep.com.ar\/wp-content\/uploads\/2023\/06\/frente-renovador-150x150.jpg",150,150,true],"medium":["https:\/\/infotep.com.ar\/wp-content\/uploads\/2023\/06\/frente-renovador-300x200.jpg",300,200,true],"medium_large":["https:\/\/infotep.com.ar\/wp-content\/uploads\/2023\/06\/frente-renovador-768x512.jpg",768,512,true],"large":["https:\/\/infotep.com.ar\/wp-content\/uploads\/2023\/06\/frente-renovador-1024x682.jpg",1020,679,true],"1536x1536":["https:\/\/infotep.com.ar\/wp-content\/uploads\/2023\/06\/frente-renovador-1536x1023.jpg",1536,1023,true],"2048x2048":["https:\/\/infotep.com.ar\/wp-content\/uploads\/2023\/06\/frente-renovador.jpg",1920,1279,false],"blossom-feminine-slider":["https:\/\/infotep.com.ar\/wp-content\/uploads\/2023\/06\/frente-renovador-1920x649.jpg",1920,649,true],"blossom-feminine-featured":["https:\/\/infotep.com.ar\/wp-content\/uploads\/2023\/06\/frente-renovador-1410x600.jpg",1410,600,true],"blossom-feminine-with-sidebar":["https:\/\/infotep.com.ar\/wp-content\/uploads\/2023\/06\/frente-renovador-1020x600.jpg",1020,600,true],"blossom-feminine-blog":["https:\/\/infotep.com.ar\/wp-content\/uploads\/2023\/06\/frente-renovador-435x435.jpg",435,435,true],"blossom-feminine-cat":["https:\/\/infotep.com.ar\/wp-content\/uploads\/2023\/06\/frente-renovador-450x300.jpg",450,300,true],"blossom-feminine-related":["https:\/\/infotep.com.ar\/wp-content\/uploads\/2023\/06\/frente-renovador-320x200.jpg",320,200,true],"blossom-feminine-schema":["https:\/\/infotep.com.ar\/wp-content\/uploads\/2023\/06\/frente-renovador-90x60.jpg",90,60,true],"blossom-mommy-blog-slider-big":["https:\/\/infotep.com.ar\/wp-content\/uploads\/2023\/06\/frente-renovador-920x650.jpg",920,650,true],"blossom-mommy-blog-slider":["https:\/\/infotep.com.ar\/wp-content\/uploads\/2023\/06\/frente-renovador-460x310.jpg",460,310,true],"blossom-mommy-blog-two":["https:\/\/infotep.com.ar\/wp-content\/uploads\/2023\/06\/frente-renovador-768x480.jpg",768,480,true]},"author_info":{"info":["Angela Tobar"]},"category_info":"<a href=\"https:\/\/infotep.com.ar\/index.php\/category\/nacionales\/\" rel=\"category tag\">Nacionales<\/a>","tag_info":"Nacionales","comment_count":"0","_links":{"self":[{"href":"https:\/\/infotep.com.ar\/index.php\/wp-json\/wp\/v2\/posts\/5499"}],"collection":[{"href":"https:\/\/infotep.com.ar\/index.php\/wp-json\/wp\/v2\/posts"}],"about":[{"href":"https:\/\/infotep.com.ar\/index.php\/wp-json\/wp\/v2\/types\/post"}],"author":[{"embeddable":true,"href":"https:\/\/infotep.com.ar\/index.php\/wp-json\/wp\/v2\/users\/5"}],"replies":[{"embeddable":true,"href":"https:\/\/infotep.com.ar\/index.php\/wp-json\/wp\/v2\/comments?post=5499"}],"version-history":[{"count":1,"href":"https:\/\/infotep.com.ar\/index.php\/wp-json\/wp\/v2\/posts\/5499\/revisions"}],"predecessor-version":[{"id":5501,"href":"https:\/\/infotep.com.ar\/index.php\/wp-json\/wp\/v2\/posts\/5499\/revisions\/5501"}],"wp:featuredmedia":[{"embeddable":true,"href":"https:\/\/infotep.com.ar\/index.php\/wp-json\/wp\/v2\/media\/5500"}],"wp:attachment":[{"href":"https:\/\/infotep.com.ar\/index.php\/wp-json\/wp\/v2\/media?parent=5499"}],"wp:term":[{"taxonomy":"category","embeddable":true,"href":"https:\/\/infotep.com.ar\/index.php\/wp-json\/wp\/v2\/categories?post=5499"},{"taxonomy":"post_tag","embeddable":true,"href":"https:\/\/infotep.com.ar\/index.php\/wp-json\/wp\/v2\/tags?post=5499"}],"curies":[{"name":"wp","href":"https:\/\/api.w.org\/{rel}","templated":true}]}}