{"id":5527,"date":"2023-06-12T14:18:27","date_gmt":"2023-06-12T17:18:27","guid":{"rendered":"https:\/\/infotep.com.ar\/?p=5527"},"modified":"2023-06-12T14:18:27","modified_gmt":"2023-06-12T17:18:27","slug":"paro-de-trenes-cuando-sera-y-a-que-lineas-afectara","status":"publish","type":"post","link":"https:\/\/infotep.com.ar\/index.php\/2023\/06\/12\/paro-de-trenes-cuando-sera-y-a-que-lineas-afectara\/","title":{"rendered":"Paro de trenes: cuando ser\u00e1 y a qu\u00e9 l\u00edneas afectar\u00e1"},"content":{"rendered":"\n<p>El gremio La Fraternidad anunci\u00f3 para este jueves 15 de junio un paro de trenes por 24 horas ante la falta de acuerdo en la paritaria.<\/p>\n\n\n\n<p>Esta medida fue anunciada en las \u00faltimas horas y se espera saber si el pr\u00f3ximo mi\u00e9rcoles el Ministerio de Trabajo dictar\u00e1 la conciliaci\u00f3n obligatoria que impida el paro.<\/p>\n\n\n\n<p class=\"has-light-green-cyan-background-color has-background\">En este sentido las l\u00edneas que parar\u00e1n durante todo el d\u00eda son el San Mart\u00edn, Urquiza, Sarmiento, Roca, Mitre, Belgrano y los de larga distancia.<\/p>\n\n\n\n<p>\u201cDebido a la dilaci\u00f3n mostrada por las empresas de pasajeros Metrov\u00edas y Ferrov\u00edas, del sector Cargas, Nuevo Central Argentino, Ferrosur Roca y Ferroexpreso Pampeano para la renovaci\u00f3n del acuerdo paritario abril 2023-marzo 2024, convocamos a un paro general a nivel nacional en defensa de los intereses de nuestros representados\u201d, inform\u00f3 en un comunicado el secretario General del gremio, Omar Maturano.<\/p>\n\n\n\n<p><strong>Asimismo, destac\u00f3 en paralelo: \u201cFirmamos un acuerdo salarial con las empresas nacionales, un 40% de lo que nos deb\u00edan de abril hasta agosto y juntarnos a discutir de vuelta. Las empresas privadas no pueden pagarlo dicen, estamos discutiendo hace 20 d\u00edas.<\/strong><\/p>\n\n\n\n<p>Por \u00faltimo, hizo hincapi\u00e9 en el que el paros ser\u00e1 total pero esperan llegar a un acuerdo con el Ministerio para &#8220;lograr esa paz social que necesita el pa\u00eds\u201d.<\/p>\n","protected":false},"excerpt":{"rendered":"<p>El gremio La Fraternidad anunci&oacute; para este jueves 15 de junio un paro de trenes por 24 horas ante la falta de acuerdo en la paritaria. Esta medida fue anunciada en las &uacute;ltimas horas y se espera saber si el pr&oacute;ximo mi&eacute;rcoles el Ministerio de Trabajo dictar&aacute; la conciliaci&oacute;n obligatoria que impida el paro. En &hellip; <\/p>\n","protected":false},"author":5,"featured_media":2053,"comment_status":"closed","ping_status":"closed","sticky":false,"template":"","format":"standard","meta":{"om_disable_all_campaigns":false,"_joinchat":[]},"categories":[31,7],"tags":[46,43],"featured_image_urls":{"full":["https:\/\/infotep.com.ar\/wp-content\/uploads\/2022\/11\/tren.jpg",960,640,false],"thumbnail":["https:\/\/infotep.com.ar\/wp-content\/uploads\/2022\/11\/tren-150x150.jpg",150,150,true],"medium":["https:\/\/infotep.com.ar\/wp-content\/uploads\/2022\/11\/tren-300x200.jpg",300,200,true],"medium_large":["https:\/\/infotep.com.ar\/wp-content\/uploads\/2022\/11\/tren-768x512.jpg",768,512,true],"large":["https:\/\/infotep.com.ar\/wp-content\/uploads\/2022\/11\/tren.jpg",960,640,false],"1536x1536":["https:\/\/infotep.com.ar\/wp-content\/uploads\/2022\/11\/tren.jpg",960,640,false],"2048x2048":["https:\/\/infotep.com.ar\/wp-content\/uploads\/2022\/11\/tren.jpg",960,640,false],"blossom-feminine-slider":["https:\/\/infotep.com.ar\/wp-content\/uploads\/2022\/11\/tren.jpg",960,640,false],"blossom-feminine-featured":["https:\/\/infotep.com.ar\/wp-content\/uploads\/2022\/11\/tren-960x600.jpg",960,600,true],"blossom-feminine-with-sidebar":["https:\/\/infotep.com.ar\/wp-content\/uploads\/2022\/11\/tren-960x600.jpg",960,600,true],"blossom-feminine-blog":["https:\/\/infotep.com.ar\/wp-content\/uploads\/2022\/11\/tren-435x435.jpg",435,435,true],"blossom-feminine-cat":["https:\/\/infotep.com.ar\/wp-content\/uploads\/2022\/11\/tren-450x300.jpg",450,300,true],"blossom-feminine-related":["https:\/\/infotep.com.ar\/wp-content\/uploads\/2022\/11\/tren-320x200.jpg",320,200,true],"blossom-feminine-schema":["https:\/\/infotep.com.ar\/wp-content\/uploads\/2022\/11\/tren-90x60.jpg",90,60,true],"blossom-mommy-blog-slider-big":["https:\/\/infotep.com.ar\/wp-content\/uploads\/2022\/11\/tren-920x640.jpg",920,640,true],"blossom-mommy-blog-slider":["https:\/\/infotep.com.ar\/wp-content\/uploads\/2022\/11\/tren-460x310.jpg",460,310,true],"blossom-mommy-blog-two":["https:\/\/infotep.com.ar\/wp-content\/uploads\/2022\/11\/tren-768x480.jpg",768,480,true]},"author_info":{"info":["Angela Tobar"]},"category_info":"<a href=\"https:\/\/infotep.com.ar\/index.php\/category\/destacadas\/\" rel=\"category tag\">Destacadas<\/a> <a href=\"https:\/\/infotep.com.ar\/index.php\/category\/gremios\/\" rel=\"category tag\">Gremios<\/a>","tag_info":"Gremios","comment_count":"0","_links":{"self":[{"href":"https:\/\/infotep.com.ar\/index.php\/wp-json\/wp\/v2\/posts\/5527"}],"collection":[{"href":"https:\/\/infotep.com.ar\/index.php\/wp-json\/wp\/v2\/posts"}],"about":[{"href":"https:\/\/infotep.com.ar\/index.php\/wp-json\/wp\/v2\/types\/post"}],"author":[{"embeddable":true,"href":"https:\/\/infotep.com.ar\/index.php\/wp-json\/wp\/v2\/users\/5"}],"replies":[{"embeddable":true,"href":"https:\/\/infotep.com.ar\/index.php\/wp-json\/wp\/v2\/comments?post=5527"}],"version-history":[{"count":1,"href":"https:\/\/infotep.com.ar\/index.php\/wp-json\/wp\/v2\/posts\/5527\/revisions"}],"predecessor-version":[{"id":5528,"href":"https:\/\/infotep.com.ar\/index.php\/wp-json\/wp\/v2\/posts\/5527\/revisions\/5528"}],"wp:featuredmedia":[{"embeddable":true,"href":"https:\/\/infotep.com.ar\/index.php\/wp-json\/wp\/v2\/media\/2053"}],"wp:attachment":[{"href":"https:\/\/infotep.com.ar\/index.php\/wp-json\/wp\/v2\/media?parent=5527"}],"wp:term":[{"taxonomy":"category","embeddable":true,"href":"https:\/\/infotep.com.ar\/index.php\/wp-json\/wp\/v2\/categories?post=5527"},{"taxonomy":"post_tag","embeddable":true,"href":"https:\/\/infotep.com.ar\/index.php\/wp-json\/wp\/v2\/tags?post=5527"}],"curies":[{"name":"wp","href":"https:\/\/api.w.org\/{rel}","templated":true}]}}