{"id":5624,"date":"2023-06-16T13:49:06","date_gmt":"2023-06-16T16:49:06","guid":{"rendered":"https:\/\/infotep.com.ar\/?p=5624"},"modified":"2023-06-21T00:20:21","modified_gmt":"2023-06-21T03:20:21","slug":"en-la-matanza-fernando-espinoza-y-wado-de-pedro-entregaron-mas-de-4-mil-tablets","status":"publish","type":"post","link":"https:\/\/infotep.com.ar\/index.php\/2023\/06\/16\/en-la-matanza-fernando-espinoza-y-wado-de-pedro-entregaron-mas-de-4-mil-tablets\/","title":{"rendered":"En La Matanza Fernando Espinoza y \u201cWado\u201d de Pedro entregaron m\u00e1s de 4 mil tablets"},"content":{"rendered":"\n<figure class=\"wp-block-audio\"><audio controls src=\"https:\/\/infotep.com.ar\/wp-content\/uploads\/2023\/06\/AUDIO-Acti-FE-WADO-Tablets-La-Matanza-V2-RADIO.mp3\"><\/audio><\/figure>\n\n\n\n<p>El intendente de La Matanza, Fernando Espinoza, particip\u00f3 de un multitudinario acto junto al ministro del Interior de la Naci\u00f3n, Eduardo \u201cWado\u201d de Pedro, donde entregaron m\u00e1s de 4 mil tablets para ni\u00f1as, ni\u00f1os, j\u00f3venes y personas mayores, de Instituciones, Centros de Jubilados y Establecimientos educativos; en un colmado Polideportivo Juan Domingo Per\u00f3n, de Gonz\u00e1lez Cat\u00e1n.<\/p>\n\n\n\n<p>\u201cEsta entrega de tablets transforma la vida a cientos de miles de familias porque genera inclusi\u00f3n a partir de las nuevas tecnolog\u00edas\u201d, expres\u00f3 Fernando Espinoza y remarc\u00f3: \u201cQuiero agradecer al ENACOM por estas tablets, y al ministro de Econom\u00eda de la Naci\u00f3n, Sergio Massa, por todo el apoyo que nos est\u00e1 dando en La Matanza\u201d. Asimismo, el jefe comunal a\u00f1adi\u00f3: \u201cCon estas tablets, las chicas y chicos van a poder estudiar mejor y las y los j\u00f3venes van a poder ser m\u00e1s creativos y entrar a la era del conocimiento, que es lo que queremos para la Argentina\u201d.<\/p>\n\n\n\n<figure class=\"wp-block-image size-large\"><img decoding=\"async\" loading=\"lazy\" width=\"1024\" height=\"683\" src=\"https:\/\/infotep.com.ar\/wp-content\/uploads\/2023\/06\/En-La-Matanza-Fernando-Espinoza-y-Wado-de-Pedro-entregaron-mas-de-4-mil-tablets-0-1024x683.jpg\" alt=\"\" class=\"wp-image-5626\" srcset=\"https:\/\/infotep.com.ar\/wp-content\/uploads\/2023\/06\/En-La-Matanza-Fernando-Espinoza-y-Wado-de-Pedro-entregaron-mas-de-4-mil-tablets-0-1024x683.jpg 1024w, https:\/\/infotep.com.ar\/wp-content\/uploads\/2023\/06\/En-La-Matanza-Fernando-Espinoza-y-Wado-de-Pedro-entregaron-mas-de-4-mil-tablets-0-300x200.jpg 300w, https:\/\/infotep.com.ar\/wp-content\/uploads\/2023\/06\/En-La-Matanza-Fernando-Espinoza-y-Wado-de-Pedro-entregaron-mas-de-4-mil-tablets-0-768x512.jpg 768w, https:\/\/infotep.com.ar\/wp-content\/uploads\/2023\/06\/En-La-Matanza-Fernando-Espinoza-y-Wado-de-Pedro-entregaron-mas-de-4-mil-tablets-0-1536x1024.jpg 1536w, https:\/\/infotep.com.ar\/wp-content\/uploads\/2023\/06\/En-La-Matanza-Fernando-Espinoza-y-Wado-de-Pedro-entregaron-mas-de-4-mil-tablets-0-450x300.jpg 450w, https:\/\/infotep.com.ar\/wp-content\/uploads\/2023\/06\/En-La-Matanza-Fernando-Espinoza-y-Wado-de-Pedro-entregaron-mas-de-4-mil-tablets-0-90x60.jpg 90w, https:\/\/infotep.com.ar\/wp-content\/uploads\/2023\/06\/En-La-Matanza-Fernando-Espinoza-y-Wado-de-Pedro-entregaron-mas-de-4-mil-tablets-0.jpg 1620w\" sizes=\"(max-width: 1024px) 100vw, 1024px\" \/><\/figure>\n\n\n\n<p>Por su parte, el ministro \u201cWado\u201d De Pedro, se\u00f1al\u00f3 que \u201creducir la brecha digital es una de las pol\u00edticas b\u00e1sicas, no s\u00f3lo para el presente sino tambi\u00e9n pensando en la inclusi\u00f3n y en los trabajos del futuro\u201d; y enfatiz\u00f3: \u201cEl Estado tiene la obligaci\u00f3n de brindarle una computadora a toda piba y a todo pibe que no tiene acceso, sino estaremos generando excluidos en el futuro\u201d.<\/p>\n\n\n\n<p>La entrega de los dispositivos digitales es parte del programa \u201cConectando con Vos\u201d, una iniciativa articulada entre el Ente Nacional de Comunicaciones (ENACOM) y el Gobierno local. Cabe destacar que La Matanza lleva adelante una impronta de Educaci\u00f3n basada en la Innovaci\u00f3n, a trav\u00e9s de la cual despliega diversas iniciativas que buscan promover y facilitar el acceso a las nuevas tecnolog\u00edas para el desarrollo de toda la comunidad y la reducci\u00f3n de la brecha digital.<\/p>\n\n\n\n<p class=\"has-light-green-cyan-background-color has-background\">A trav\u00e9s de estas pol\u00edticas, junto al Centro Universitario de la Innovaci\u00f3n (CUDI) y la inminente construcci\u00f3n del Polo Tecnol\u00f3gico, Fernando Espinoza refiri\u00f3: \u201cNosotros queremos una Argentina que sea potencia, que est\u00e9 entre las primeras naciones del mundo con respecto a la innovaci\u00f3n, la tecnolog\u00eda y la rob\u00f3tica\u201d, y agreg\u00f3: \u201cEn un mes empezaremos a construir el Polo Tecnol\u00f3gico, que es el primero de la Argentina y de Am\u00e9rica Latina, a trav\u00e9s del cual se crear\u00e1n 10 mil puestos de trabajo, que ser\u00e1n, en su mayor\u00eda, j\u00f3venes de La Matanza\u201d.<\/p>\n\n\n\n<p>Por \u00faltimo, Fernando Espinoza enfatiz\u00f3: \u201cEn La Matanza estamos cumpliendo un gran sue\u00f1o por el que venimos trabajando desde hace muchos a\u00f1os, que es llegar a ser la futura Ciudad de la Innovaci\u00f3n de la Argentina\u201d.<\/p>\n","protected":false},"excerpt":{"rendered":"<p>El intendente de La Matanza, Fernando Espinoza, particip&oacute; de un multitudinario acto junto al ministro del Interior de la Naci&oacute;n, Eduardo &ldquo;Wado&rdquo; de Pedro, donde entregaron m&aacute;s de 4 mil tablets para ni&ntilde;as, ni&ntilde;os, j&oacute;venes y personas mayores, de Instituciones, Centros de Jubilados y Establecimientos educativos; en un colmado Polideportivo Juan Domingo Per&oacute;n, de Gonz&aacute;lez &hellip; <\/p>\n","protected":false},"author":5,"featured_media":5627,"comment_status":"closed","ping_status":"closed","sticky":false,"template":"","format":"standard","meta":{"om_disable_all_campaigns":false,"_joinchat":[]},"categories":[31,26],"tags":[60,46,59,43],"featured_image_urls":{"full":["https:\/\/infotep.com.ar\/wp-content\/uploads\/2023\/06\/En-La-Matanza-Fernando-Espinoza-y-Wado-de-Pedro-entregaron-mas-de-4-mil-tablets-1.jpg",1620,1080,false],"thumbnail":["https:\/\/infotep.com.ar\/wp-content\/uploads\/2023\/06\/En-La-Matanza-Fernando-Espinoza-y-Wado-de-Pedro-entregaron-mas-de-4-mil-tablets-1-150x150.jpg",150,150,true],"medium":["https:\/\/infotep.com.ar\/wp-content\/uploads\/2023\/06\/En-La-Matanza-Fernando-Espinoza-y-Wado-de-Pedro-entregaron-mas-de-4-mil-tablets-1-300x200.jpg",300,200,true],"medium_large":["https:\/\/infotep.com.ar\/wp-content\/uploads\/2023\/06\/En-La-Matanza-Fernando-Espinoza-y-Wado-de-Pedro-entregaron-mas-de-4-mil-tablets-1-768x512.jpg",768,512,true],"large":["https:\/\/infotep.com.ar\/wp-content\/uploads\/2023\/06\/En-La-Matanza-Fernando-Espinoza-y-Wado-de-Pedro-entregaron-mas-de-4-mil-tablets-1-1024x683.jpg",1020,680,true],"1536x1536":["https:\/\/infotep.com.ar\/wp-content\/uploads\/2023\/06\/En-La-Matanza-Fernando-Espinoza-y-Wado-de-Pedro-entregaron-mas-de-4-mil-tablets-1-1536x1024.jpg",1536,1024,true],"2048x2048":["https:\/\/infotep.com.ar\/wp-content\/uploads\/2023\/06\/En-La-Matanza-Fernando-Espinoza-y-Wado-de-Pedro-entregaron-mas-de-4-mil-tablets-1.jpg",1620,1080,false],"blossom-feminine-slider":["https:\/\/infotep.com.ar\/wp-content\/uploads\/2023\/06\/En-La-Matanza-Fernando-Espinoza-y-Wado-de-Pedro-entregaron-mas-de-4-mil-tablets-1-1620x649.jpg",1620,649,true],"blossom-feminine-featured":["https:\/\/infotep.com.ar\/wp-content\/uploads\/2023\/06\/En-La-Matanza-Fernando-Espinoza-y-Wado-de-Pedro-entregaron-mas-de-4-mil-tablets-1-1410x600.jpg",1410,600,true],"blossom-feminine-with-sidebar":["https:\/\/infotep.com.ar\/wp-content\/uploads\/2023\/06\/En-La-Matanza-Fernando-Espinoza-y-Wado-de-Pedro-entregaron-mas-de-4-mil-tablets-1-1020x600.jpg",1020,600,true],"blossom-feminine-blog":["https:\/\/infotep.com.ar\/wp-content\/uploads\/2023\/06\/En-La-Matanza-Fernando-Espinoza-y-Wado-de-Pedro-entregaron-mas-de-4-mil-tablets-1-435x435.jpg",435,435,true],"blossom-feminine-cat":["https:\/\/infotep.com.ar\/wp-content\/uploads\/2023\/06\/En-La-Matanza-Fernando-Espinoza-y-Wado-de-Pedro-entregaron-mas-de-4-mil-tablets-1-450x300.jpg",450,300,true],"blossom-feminine-related":["https:\/\/infotep.com.ar\/wp-content\/uploads\/2023\/06\/En-La-Matanza-Fernando-Espinoza-y-Wado-de-Pedro-entregaron-mas-de-4-mil-tablets-1-320x200.jpg",320,200,true],"blossom-feminine-schema":["https:\/\/infotep.com.ar\/wp-content\/uploads\/2023\/06\/En-La-Matanza-Fernando-Espinoza-y-Wado-de-Pedro-entregaron-mas-de-4-mil-tablets-1-90x60.jpg",90,60,true],"blossom-mommy-blog-slider-big":["https:\/\/infotep.com.ar\/wp-content\/uploads\/2023\/06\/En-La-Matanza-Fernando-Espinoza-y-Wado-de-Pedro-entregaron-mas-de-4-mil-tablets-1-920x650.jpg",920,650,true],"blossom-mommy-blog-slider":["https:\/\/infotep.com.ar\/wp-content\/uploads\/2023\/06\/En-La-Matanza-Fernando-Espinoza-y-Wado-de-Pedro-entregaron-mas-de-4-mil-tablets-1-460x310.jpg",460,310,true],"blossom-mommy-blog-two":["https:\/\/infotep.com.ar\/wp-content\/uploads\/2023\/06\/En-La-Matanza-Fernando-Espinoza-y-Wado-de-Pedro-entregaron-mas-de-4-mil-tablets-1-768x480.jpg",768,480,true]},"author_info":{"info":["Angela Tobar"]},"category_info":"<a href=\"https:\/\/infotep.com.ar\/index.php\/category\/destacadas\/\" rel=\"category tag\">Destacadas<\/a> <a href=\"https:\/\/infotep.com.ar\/index.php\/category\/municipales\/la-matanza\/\" rel=\"category tag\">La Matanza<\/a>","tag_info":"La Matanza","comment_count":"0","_links":{"self":[{"href":"https:\/\/infotep.com.ar\/index.php\/wp-json\/wp\/v2\/posts\/5624"}],"collection":[{"href":"https:\/\/infotep.com.ar\/index.php\/wp-json\/wp\/v2\/posts"}],"about":[{"href":"https:\/\/infotep.com.ar\/index.php\/wp-json\/wp\/v2\/types\/post"}],"author":[{"embeddable":true,"href":"https:\/\/infotep.com.ar\/index.php\/wp-json\/wp\/v2\/users\/5"}],"replies":[{"embeddable":true,"href":"https:\/\/infotep.com.ar\/index.php\/wp-json\/wp\/v2\/comments?post=5624"}],"version-history":[{"count":1,"href":"https:\/\/infotep.com.ar\/index.php\/wp-json\/wp\/v2\/posts\/5624\/revisions"}],"predecessor-version":[{"id":5628,"href":"https:\/\/infotep.com.ar\/index.php\/wp-json\/wp\/v2\/posts\/5624\/revisions\/5628"}],"wp:featuredmedia":[{"embeddable":true,"href":"https:\/\/infotep.com.ar\/index.php\/wp-json\/wp\/v2\/media\/5627"}],"wp:attachment":[{"href":"https:\/\/infotep.com.ar\/index.php\/wp-json\/wp\/v2\/media?parent=5624"}],"wp:term":[{"taxonomy":"category","embeddable":true,"href":"https:\/\/infotep.com.ar\/index.php\/wp-json\/wp\/v2\/categories?post=5624"},{"taxonomy":"post_tag","embeddable":true,"href":"https:\/\/infotep.com.ar\/index.php\/wp-json\/wp\/v2\/tags?post=5624"}],"curies":[{"name":"wp","href":"https:\/\/api.w.org\/{rel}","templated":true}]}}