{"id":5774,"date":"2023-06-24T23:01:02","date_gmt":"2023-06-25T02:01:02","guid":{"rendered":"https:\/\/infotep.com.ar\/?p=5774"},"modified":"2023-06-25T23:08:41","modified_gmt":"2023-06-26T02:08:41","slug":"ituzaingo-pablo-descalzo-firmo-como-precandidato-a-intendente-y-alberto-descalzo-como-primer-concejal","status":"publish","type":"post","link":"https:\/\/infotep.com.ar\/index.php\/2023\/06\/24\/ituzaingo-pablo-descalzo-firmo-como-precandidato-a-intendente-y-alberto-descalzo-como-primer-concejal\/","title":{"rendered":"Ituzaing\u00f3: Pablo Descalzo firm\u00f3 como precandidato a intendente y Alberto Descalzo como primer concejal"},"content":{"rendered":"\n<p>De cara al cierre de listas para las Elecciones Primarias, Abiertas, Simult\u00e1neas y Obligatorias del pr\u00f3ximo 13 de agosto, Uni\u00f3n por la Patria Ituzaing\u00f3 (UxP) present\u00f3, de manera oficial, la lista de precandidatos y precandidatas, encabezada por Pablo Descalzo.<\/p>\n\n\n\n<p>\u201cPablo tiene experiencia y equipo. Es tiempo de que hombres y mujeres j\u00f3venes tomen la posta. En Ituzaing\u00f3, se dar\u00e1 el trasvasamiento generacional del que hablaba Per\u00f3n\u201d, anunci\u00f3 en sus redes sociales, el actual intendente, Alberto Descalzo, quien ir\u00e1 en la lista como primer concejal.<\/p>\n\n\n\n<p>\u201cEs un orgullo encabezar la lista, para conducir la ciudad, en la cual crec\u00ed, estudi\u00e9 y form\u00e9 mi familia. Voy a dar todo y m\u00e1s, para que Ituzaing\u00f3 siga creciendo, con un proyecto pol\u00edtico que abrace los sue\u00f1os y el futuro de sus m\u00e1s de 180 mil vecinos y vecinas\u201d, sintetiz\u00f3 Pablo Descalzo, actual jefe de gabinete del Municipio de Ituzaing\u00f3.<\/p>\n\n\n\n<figure class=\"wp-block-image size-large\"><img decoding=\"async\" loading=\"lazy\" width=\"1024\" height=\"682\" src=\"https:\/\/infotep.com.ar\/wp-content\/uploads\/2023\/06\/WhatsApp-Image-2023-06-24-at-22.30.23-1-1024x682.jpeg\" alt=\"\" class=\"wp-image-5775\" srcset=\"https:\/\/infotep.com.ar\/wp-content\/uploads\/2023\/06\/WhatsApp-Image-2023-06-24-at-22.30.23-1-1024x682.jpeg 1024w, https:\/\/infotep.com.ar\/wp-content\/uploads\/2023\/06\/WhatsApp-Image-2023-06-24-at-22.30.23-1-300x200.jpeg 300w, https:\/\/infotep.com.ar\/wp-content\/uploads\/2023\/06\/WhatsApp-Image-2023-06-24-at-22.30.23-1-768x512.jpeg 768w, https:\/\/infotep.com.ar\/wp-content\/uploads\/2023\/06\/WhatsApp-Image-2023-06-24-at-22.30.23-1-1536x1023.jpeg 1536w, https:\/\/infotep.com.ar\/wp-content\/uploads\/2023\/06\/WhatsApp-Image-2023-06-24-at-22.30.23-1-450x300.jpeg 450w, https:\/\/infotep.com.ar\/wp-content\/uploads\/2023\/06\/WhatsApp-Image-2023-06-24-at-22.30.23-1-90x60.jpeg 90w, https:\/\/infotep.com.ar\/wp-content\/uploads\/2023\/06\/WhatsApp-Image-2023-06-24-at-22.30.23-1.jpeg 1600w\" sizes=\"(max-width: 1024px) 100vw, 1024px\" \/><\/figure>\n\n\n\n<p>La lista de precandidatos\/as a intendente, concejales\/as y consejeros\/as escolares es la siguiente:<\/p>\n\n\n\n<p>-Precandidato a Intendente: Pablo Descalzo<\/p>\n\n\n\n<p>-Precandidatos\/as a Concejales\/as:<\/p>\n\n\n\n<ol>\n<li>Alberto Descalzo<\/li>\n\n\n\n<li>Natalia Lazzeri<\/li>\n\n\n\n<li>Alfredo Almeida<\/li>\n\n\n\n<li>Emilce Molinas<\/li>\n\n\n\n<li>Santiago Stura<\/li>\n\n\n\n<li>Silvia Castillo<\/li>\n\n\n\n<li>Pablo Molina<\/li>\n\n\n\n<li>Mariana mu\u00f1oz<\/li>\n\n\n\n<li>Jorge Piccoli<\/li>\n\n\n\n<li>Daniela L\u00f3pez<\/li>\n<\/ol>\n\n\n\n<p>-Precandidatos\/as a Concejales\/as Suplentes:<\/p>\n\n\n\n<p>1)Mirta Segura<br>2)Javier Sotelo<br>3)Veronica Bandaccari<br>4)Miguel Ver\u00f3n<br>5)Alejandra Stella Maris Martinez<br>6)Juan Francisco G\u00f3mez<\/p>\n\n\n\n<p>-Precandidatos\/as a Consejeros\/as escolares<\/p>\n\n\n\n<p>1)Gabriela Alonso<br>2)Juan Cruz Enr\u00edquez<br>3)Mar\u00eda Paula Eraldo<\/p>\n\n\n\n<p>-Precandidatos\/as a Consejero\/as escolares suplentes:<\/p>\n\n\n\n<p>Carlos N\u00e9stor Trias<br>Mar\u00eda Santina Laurenza<br>Rodrigo Ariel Lam\u00f3nico<\/p>\n","protected":false},"excerpt":{"rendered":"<p>De cara al cierre de listas para las Elecciones Primarias, Abiertas, Simult&aacute;neas y Obligatorias del pr&oacute;ximo 13 de agosto, Uni&oacute;n por la Patria Ituzaing&oacute; (UxP) present&oacute;, de manera oficial, la lista de precandidatos y precandidatas, encabezada por Pablo Descalzo. &ldquo;Pablo tiene experiencia y equipo. Es tiempo de que hombres y mujeres j&oacute;venes tomen la posta. &hellip; <\/p>\n","protected":false},"author":5,"featured_media":5776,"comment_status":"closed","ping_status":"closed","sticky":false,"template":"","format":"standard","meta":{"om_disable_all_campaigns":false,"_joinchat":[]},"categories":[31,8],"tags":[46,51,43],"featured_image_urls":{"full":["https:\/\/infotep.com.ar\/wp-content\/uploads\/2023\/06\/WhatsApp-Image-2023-06-24-at-22.30.23.jpeg",1600,1066,false],"thumbnail":["https:\/\/infotep.com.ar\/wp-content\/uploads\/2023\/06\/WhatsApp-Image-2023-06-24-at-22.30.23-150x150.jpeg",150,150,true],"medium":["https:\/\/infotep.com.ar\/wp-content\/uploads\/2023\/06\/WhatsApp-Image-2023-06-24-at-22.30.23-300x200.jpeg",300,200,true],"medium_large":["https:\/\/infotep.com.ar\/wp-content\/uploads\/2023\/06\/WhatsApp-Image-2023-06-24-at-22.30.23-768x512.jpeg",768,512,true],"large":["https:\/\/infotep.com.ar\/wp-content\/uploads\/2023\/06\/WhatsApp-Image-2023-06-24-at-22.30.23-1024x682.jpeg",1020,679,true],"1536x1536":["https:\/\/infotep.com.ar\/wp-content\/uploads\/2023\/06\/WhatsApp-Image-2023-06-24-at-22.30.23-1536x1023.jpeg",1536,1023,true],"2048x2048":["https:\/\/infotep.com.ar\/wp-content\/uploads\/2023\/06\/WhatsApp-Image-2023-06-24-at-22.30.23.jpeg",1600,1066,false],"blossom-feminine-slider":["https:\/\/infotep.com.ar\/wp-content\/uploads\/2023\/06\/WhatsApp-Image-2023-06-24-at-22.30.23-1600x649.jpeg",1600,649,true],"blossom-feminine-featured":["https:\/\/infotep.com.ar\/wp-content\/uploads\/2023\/06\/WhatsApp-Image-2023-06-24-at-22.30.23-1410x600.jpeg",1410,600,true],"blossom-feminine-with-sidebar":["https:\/\/infotep.com.ar\/wp-content\/uploads\/2023\/06\/WhatsApp-Image-2023-06-24-at-22.30.23-1020x600.jpeg",1020,600,true],"blossom-feminine-blog":["https:\/\/infotep.com.ar\/wp-content\/uploads\/2023\/06\/WhatsApp-Image-2023-06-24-at-22.30.23-435x435.jpeg",435,435,true],"blossom-feminine-cat":["https:\/\/infotep.com.ar\/wp-content\/uploads\/2023\/06\/WhatsApp-Image-2023-06-24-at-22.30.23-450x300.jpeg",450,300,true],"blossom-feminine-related":["https:\/\/infotep.com.ar\/wp-content\/uploads\/2023\/06\/WhatsApp-Image-2023-06-24-at-22.30.23-320x200.jpeg",320,200,true],"blossom-feminine-schema":["https:\/\/infotep.com.ar\/wp-content\/uploads\/2023\/06\/WhatsApp-Image-2023-06-24-at-22.30.23-90x60.jpeg",90,60,true],"blossom-mommy-blog-slider-big":["https:\/\/infotep.com.ar\/wp-content\/uploads\/2023\/06\/WhatsApp-Image-2023-06-24-at-22.30.23-920x650.jpeg",920,650,true],"blossom-mommy-blog-slider":["https:\/\/infotep.com.ar\/wp-content\/uploads\/2023\/06\/WhatsApp-Image-2023-06-24-at-22.30.23-460x310.jpeg",460,310,true],"blossom-mommy-blog-two":["https:\/\/infotep.com.ar\/wp-content\/uploads\/2023\/06\/WhatsApp-Image-2023-06-24-at-22.30.23-768x480.jpeg",768,480,true]},"author_info":{"info":["Angela Tobar"]},"category_info":"<a href=\"https:\/\/infotep.com.ar\/index.php\/category\/destacadas\/\" rel=\"category tag\">Destacadas<\/a> <a href=\"https:\/\/infotep.com.ar\/index.php\/category\/municipales\/ituzaingo\/\" rel=\"category tag\">Ituzaing\u00f3<\/a>","tag_info":"Ituzaing\u00f3","comment_count":"0","_links":{"self":[{"href":"https:\/\/infotep.com.ar\/index.php\/wp-json\/wp\/v2\/posts\/5774"}],"collection":[{"href":"https:\/\/infotep.com.ar\/index.php\/wp-json\/wp\/v2\/posts"}],"about":[{"href":"https:\/\/infotep.com.ar\/index.php\/wp-json\/wp\/v2\/types\/post"}],"author":[{"embeddable":true,"href":"https:\/\/infotep.com.ar\/index.php\/wp-json\/wp\/v2\/users\/5"}],"replies":[{"embeddable":true,"href":"https:\/\/infotep.com.ar\/index.php\/wp-json\/wp\/v2\/comments?post=5774"}],"version-history":[{"count":1,"href":"https:\/\/infotep.com.ar\/index.php\/wp-json\/wp\/v2\/posts\/5774\/revisions"}],"predecessor-version":[{"id":5777,"href":"https:\/\/infotep.com.ar\/index.php\/wp-json\/wp\/v2\/posts\/5774\/revisions\/5777"}],"wp:featuredmedia":[{"embeddable":true,"href":"https:\/\/infotep.com.ar\/index.php\/wp-json\/wp\/v2\/media\/5776"}],"wp:attachment":[{"href":"https:\/\/infotep.com.ar\/index.php\/wp-json\/wp\/v2\/media?parent=5774"}],"wp:term":[{"taxonomy":"category","embeddable":true,"href":"https:\/\/infotep.com.ar\/index.php\/wp-json\/wp\/v2\/categories?post=5774"},{"taxonomy":"post_tag","embeddable":true,"href":"https:\/\/infotep.com.ar\/index.php\/wp-json\/wp\/v2\/tags?post=5774"}],"curies":[{"name":"wp","href":"https:\/\/api.w.org\/{rel}","templated":true}]}}