{"id":5778,"date":"2023-06-24T22:03:00","date_gmt":"2023-06-25T01:03:00","guid":{"rendered":"https:\/\/infotep.com.ar\/?p=5778"},"modified":"2023-06-24T23:03:42","modified_gmt":"2023-06-25T02:03:42","slug":"bregman-y-del-cano-presentaron-su-lista-con-fuerte-presencia-de-trabajadores-referentes-de-la-lucha-feminista-y-ambiental","status":"publish","type":"post","link":"https:\/\/infotep.com.ar\/index.php\/2023\/06\/24\/bregman-y-del-cano-presentaron-su-lista-con-fuerte-presencia-de-trabajadores-referentes-de-la-lucha-feminista-y-ambiental\/","title":{"rendered":"Bregman y Del Ca\u00f1o presentaron su lista con fuerte presencia de trabajadores, referentes de la lucha feminista y ambiental"},"content":{"rendered":"\n<p><\/p>\n\n\n\n<p>Se present\u00f3 ante la junta electoral del Frente de Izquierda Unidad la lista que lleva a Myriam Bregman como precandidata a Presidenta y a Nicol\u00e1s del Ca\u00f1o como vice, denominada \u201cUnir y Fortalecer la Izquierda\u201d, impulsada por el PTS e Izquierda Socialista, dos de los partidos de esta coalici\u00f3n de izquierda. Se definieron las candidaturas en la Provincia de Buenos Aires.<\/p>\n\n\n\n<p>Se confirm\u00f3 que el referente de la izquierda juje\u00f1a Alejandro Vilca quien se postular\u00e1 por una banca de senador nacional por esa esa provincia conmovida por un levantamiento de las y los trabajadores docentes y la comunidades ind\u00edgenas para derrotar la reaccionaria y antidemocr\u00e1tica reforma constitucional llevada a cabo por el gobernador y ahora precandidato a vicepresidente Gerardo Morales con el total aval y apoyo del Partido Justicialista. Vilca fue elegido uno de los tres diputados nacionales por Jujuy en 2021 con el 25% de los votos. La exconvencional y legisladora electa Natalia Morales, quien fuera detenida brutalmente el s\u00e1bado pasado en Purmamarca en el marco de una violenta represi\u00f3n, ir\u00e1 como primera candidata a diputada nacional por la provincia norte\u00f1a.<\/p>\n\n\n\n<p>La otra novedad es que Ra\u00fal Godoy, dirigente obrero ceramista de Neuqu\u00e9n y referente de las f\u00e1bricas recuperadas como Zanon encabezar\u00e1 la lista de parlamentarios del Mercosur para recorrer el pa\u00eds con la experiencia de las gestiones obreras y para apoyar la lucha de las comunidades de los pueblos originarios que enfrentan el consenso extractivista de las dos principales coaliciones, como en Jujuy y en Neuqu\u00e9n.<\/p>\n\n\n\n<p><strong>La f\u00f3rmula en la provincia de Buenos Aires est\u00e1 encabezada por el secretario general de la Uni\u00f3n Ferroviaria seccional Gran Buenos Aires Oeste-Haedo del ferrocarril Sarmiento Rub\u00e9n \u2018Pollo\u2019 Sobrero junto a la exdiputada y referente de la oposici\u00f3n combativa en el Suteba La Matanza Nathalia Gonz\u00e1lez Seligra<\/strong>. <\/p>\n\n\n\n<p>Encabezar\u00e1 la lista de diputados nacionales el soci\u00f3logo y docente Christian Castillo, mientras que la lista de senadores nacionales estar\u00e1 encabezada por la referente de los docentes Graciela Calder\u00f3n acompa\u00f1ada por Javier Hermosilla, trabajador referente combativo de la multinacional Mondelez (ex Kraft). Esta lista llevar\u00e1 precandidatas y precandidatos a intendentes y concejales en m\u00e1s de 80 municipios de la provincia, listas nutridas por trabajadores y luchadores de la juventud, ambientalistas y por los derechos de las mujeres.<\/p>\n\n\n\n<p>Desde que el pueblo juje\u00f1o se levant\u00f3 contra la reforma constitucional antidemocr\u00e1tica y por aumento de salarios de Morales y el PJ, las principales coaliciones se fueron derechizando designando al propio represor Gerardo Morales en la f\u00f3rmula de Larreta, al \u2018mano dura\u00b4 Luis Petri para acompa\u00f1ar a Patricia Bullrich y finalmente Sergio Massa, el hombre de la Embajada yanqui y ministro del ajuste del FMI encabezar\u00e1 la lista, secundado por Agust\u00edn Rossi, ambos integrantes fundamentales hoy del gabinete de Alberto Fern\u00e1ndez\u201d, asegur\u00f3 Myriam Bregman. <\/p>\n\n\n\n<p>\u201cHay tres o cuatro pilares b\u00e1sicos en los que acuerdan tanto los precandidatos del oficialismo, como los de Juntos por el Cambio y Milei y el FIT-U es la \u00fanica coalici\u00f3n pol\u00edtica nacional que tiene una orientaci\u00f3n opuesta por el v\u00e9rtice y para poder lograr vamos a convocar en esta campa\u00f1a a levantar a la izquierda\u201d, agreg\u00f3 Bregman. \u201cEst\u00e1n de acuerdo con que el FMI siga dominando la econom\u00eda nacional y que la crisis sea pagada una vez m\u00e1s por el pueblo trabajador, mientras que nosotros tenemos un programa de lucha para derrotar el ajuste, que la crisis la paguen los grandes banqueros y grandes empresarios y reorganizar el pa\u00eds desde abajo con un gobierno de las y los trabajadores. Tambi\u00e9n coinciden con profundizar el saqueo de los bienes naturales comunes como el litio, la mega miner\u00eda y los combustibles f\u00f3siles de Vaca Muerta, dejando un pasivo ambiental irreversible y pisoteando los derechos ancestrales de las comunidades originarias\u201d. Bregman agreg\u00f3 que \u201cestamos orgullosos de que nuestras listas est\u00e9n integradas por cientos y cientos de luchadoras y luchadores que somos parte de importantes luchas como la de los trabajadores y el pueblo juje\u00f1o, la de la docencia y trabajadoras de la salud autoconvocadas en distintos puntos del pa\u00eds y su lucha por salario, la de los pueblos originarios y su lucha por la tierra\u201d.<\/p>\n\n\n\n<p><\/p>\n","protected":false},"excerpt":{"rendered":"<p>Se present&oacute; ante la junta electoral del Frente de Izquierda Unidad la lista que lleva a Myriam Bregman como precandidata a Presidenta y a Nicol&aacute;s del Ca&ntilde;o como vice, denominada &ldquo;Unir y Fortalecer la Izquierda&rdquo;, impulsada por el PTS e Izquierda Socialista, dos de los partidos de esta coalici&oacute;n de izquierda. Se definieron las candidaturas &hellip; <\/p>\n","protected":false},"author":5,"featured_media":5779,"comment_status":"closed","ping_status":"closed","sticky":false,"template":"","format":"standard","meta":{"om_disable_all_campaigns":false,"_joinchat":[]},"categories":[4],"tags":[],"featured_image_urls":{"full":["https:\/\/infotep.com.ar\/wp-content\/uploads\/2023\/06\/WhatsApp-Image-2023-06-24-at-21.41.35.jpeg",1280,855,false],"thumbnail":["https:\/\/infotep.com.ar\/wp-content\/uploads\/2023\/06\/WhatsApp-Image-2023-06-24-at-21.41.35-150x150.jpeg",150,150,true],"medium":["https:\/\/infotep.com.ar\/wp-content\/uploads\/2023\/06\/WhatsApp-Image-2023-06-24-at-21.41.35-300x200.jpeg",300,200,true],"medium_large":["https:\/\/infotep.com.ar\/wp-content\/uploads\/2023\/06\/WhatsApp-Image-2023-06-24-at-21.41.35-768x513.jpeg",768,513,true],"large":["https:\/\/infotep.com.ar\/wp-content\/uploads\/2023\/06\/WhatsApp-Image-2023-06-24-at-21.41.35-1024x684.jpeg",1020,681,true],"1536x1536":["https:\/\/infotep.com.ar\/wp-content\/uploads\/2023\/06\/WhatsApp-Image-2023-06-24-at-21.41.35.jpeg",1280,855,false],"2048x2048":["https:\/\/infotep.com.ar\/wp-content\/uploads\/2023\/06\/WhatsApp-Image-2023-06-24-at-21.41.35.jpeg",1280,855,false],"blossom-feminine-slider":["https:\/\/infotep.com.ar\/wp-content\/uploads\/2023\/06\/WhatsApp-Image-2023-06-24-at-21.41.35-1280x649.jpeg",1280,649,true],"blossom-feminine-featured":["https:\/\/infotep.com.ar\/wp-content\/uploads\/2023\/06\/WhatsApp-Image-2023-06-24-at-21.41.35-1280x600.jpeg",1280,600,true],"blossom-feminine-with-sidebar":["https:\/\/infotep.com.ar\/wp-content\/uploads\/2023\/06\/WhatsApp-Image-2023-06-24-at-21.41.35-1020x600.jpeg",1020,600,true],"blossom-feminine-blog":["https:\/\/infotep.com.ar\/wp-content\/uploads\/2023\/06\/WhatsApp-Image-2023-06-24-at-21.41.35-435x435.jpeg",435,435,true],"blossom-feminine-cat":["https:\/\/infotep.com.ar\/wp-content\/uploads\/2023\/06\/WhatsApp-Image-2023-06-24-at-21.41.35-450x300.jpeg",450,300,true],"blossom-feminine-related":["https:\/\/infotep.com.ar\/wp-content\/uploads\/2023\/06\/WhatsApp-Image-2023-06-24-at-21.41.35-320x200.jpeg",320,200,true],"blossom-feminine-schema":["https:\/\/infotep.com.ar\/wp-content\/uploads\/2023\/06\/WhatsApp-Image-2023-06-24-at-21.41.35-90x60.jpeg",90,60,true],"blossom-mommy-blog-slider-big":["https:\/\/infotep.com.ar\/wp-content\/uploads\/2023\/06\/WhatsApp-Image-2023-06-24-at-21.41.35-920x650.jpeg",920,650,true],"blossom-mommy-blog-slider":["https:\/\/infotep.com.ar\/wp-content\/uploads\/2023\/06\/WhatsApp-Image-2023-06-24-at-21.41.35-460x310.jpeg",460,310,true],"blossom-mommy-blog-two":["https:\/\/infotep.com.ar\/wp-content\/uploads\/2023\/06\/WhatsApp-Image-2023-06-24-at-21.41.35-768x480.jpeg",768,480,true]},"author_info":{"info":["Angela Tobar"]},"category_info":"<a href=\"https:\/\/infotep.com.ar\/index.php\/category\/provinciales\/\" rel=\"category tag\">Provinciales<\/a>","tag_info":"Provinciales","comment_count":"0","_links":{"self":[{"href":"https:\/\/infotep.com.ar\/index.php\/wp-json\/wp\/v2\/posts\/5778"}],"collection":[{"href":"https:\/\/infotep.com.ar\/index.php\/wp-json\/wp\/v2\/posts"}],"about":[{"href":"https:\/\/infotep.com.ar\/index.php\/wp-json\/wp\/v2\/types\/post"}],"author":[{"embeddable":true,"href":"https:\/\/infotep.com.ar\/index.php\/wp-json\/wp\/v2\/users\/5"}],"replies":[{"embeddable":true,"href":"https:\/\/infotep.com.ar\/index.php\/wp-json\/wp\/v2\/comments?post=5778"}],"version-history":[{"count":1,"href":"https:\/\/infotep.com.ar\/index.php\/wp-json\/wp\/v2\/posts\/5778\/revisions"}],"predecessor-version":[{"id":5780,"href":"https:\/\/infotep.com.ar\/index.php\/wp-json\/wp\/v2\/posts\/5778\/revisions\/5780"}],"wp:featuredmedia":[{"embeddable":true,"href":"https:\/\/infotep.com.ar\/index.php\/wp-json\/wp\/v2\/media\/5779"}],"wp:attachment":[{"href":"https:\/\/infotep.com.ar\/index.php\/wp-json\/wp\/v2\/media?parent=5778"}],"wp:term":[{"taxonomy":"category","embeddable":true,"href":"https:\/\/infotep.com.ar\/index.php\/wp-json\/wp\/v2\/categories?post=5778"},{"taxonomy":"post_tag","embeddable":true,"href":"https:\/\/infotep.com.ar\/index.php\/wp-json\/wp\/v2\/tags?post=5778"}],"curies":[{"name":"wp","href":"https:\/\/api.w.org\/{rel}","templated":true}]}}