{"id":5793,"date":"2023-06-24T22:17:00","date_gmt":"2023-06-25T01:17:00","guid":{"rendered":"https:\/\/infotep.com.ar\/?p=5793"},"modified":"2023-06-24T23:20:50","modified_gmt":"2023-06-25T02:20:50","slug":"merlo-menendez-sera-el-precandidato-a-intendente-desde-uxp","status":"publish","type":"post","link":"https:\/\/infotep.com.ar\/index.php\/2023\/06\/24\/merlo-menendez-sera-el-precandidato-a-intendente-desde-uxp\/","title":{"rendered":"Merlo: Men\u00e9ndez ser\u00e1 el precandidato a intendente desde UxP"},"content":{"rendered":"\n<p>Gustavo Men\u00e9ndez va por su reelecci\u00f3n con una lista \u00fanica, integrada por todas las<br>agrupaciones de Uni\u00f3n por la Patria.<br><br>El peronismo de Merlo alcanz\u00f3 un armado que apuesta por la unidad con representaci\u00f3n de<br>todos los espacios congregados en la nueva coalici\u00f3n de cara a las elecciones 2023.<br>La f\u00f3rmula presidencial conformada por Sergio Massa y Agust\u00edn Rossi tendr\u00e1 en Merlo la precandidatura de Gustavo Men\u00e9ndez como intendente.<br><br>Asimismo, los primeros precandidatos a concejales ser\u00e1n:<\/p>\n\n\n\n<ol>\n<li>Karina Menendez<\/li>\n\n\n\n<li>Roberto Soos<\/li>\n\n\n\n<li>Alejandra Hahn<\/li>\n\n\n\n<li>Walter Beltr\u00e1n<\/li>\n\n\n\n<li>Patricia Alvez<\/li>\n\n\n\n<li>Eduardo D\u00edaz<\/li>\n\n\n\n<li>M\u00f3nica Bentancour<\/li>\n\n\n\n<li>Raul Garayo<\/li>\n\n\n\n<li>Luc\u00eda Capuano<\/li>\n\n\n\n<li>Sebastian Rossi<\/li>\n\n\n\n<li>Sol Peralta<\/li>\n\n\n\n<li>Montoya<\/li>\n<\/ol>\n","protected":false},"excerpt":{"rendered":"<p>Gustavo Men&eacute;ndez va por su reelecci&oacute;n con una lista &uacute;nica, integrada por todas lasagrupaciones de Uni&oacute;n por la Patria. El peronismo de Merlo alcanz&oacute; un armado que apuesta por la unidad con representaci&oacute;n detodos los espacios congregados en la nueva coalici&oacute;n de cara a las elecciones 2023.La f&oacute;rmula presidencial conformada por Sergio Massa y Agust&iacute;n &hellip; <\/p>\n","protected":false},"author":5,"featured_media":5795,"comment_status":"closed","ping_status":"closed","sticky":false,"template":"","format":"standard","meta":{"om_disable_all_campaigns":false,"_joinchat":[]},"categories":[31,10],"tags":[161,46,412,287,43],"featured_image_urls":{"full":["https:\/\/infotep.com.ar\/wp-content\/uploads\/2023\/06\/Lista-merlo-menendez-2.jpg",1600,1066,false],"thumbnail":["https:\/\/infotep.com.ar\/wp-content\/uploads\/2023\/06\/Lista-merlo-menendez-2-150x150.jpg",150,150,true],"medium":["https:\/\/infotep.com.ar\/wp-content\/uploads\/2023\/06\/Lista-merlo-menendez-2-300x200.jpg",300,200,true],"medium_large":["https:\/\/infotep.com.ar\/wp-content\/uploads\/2023\/06\/Lista-merlo-menendez-2-768x512.jpg",768,512,true],"large":["https:\/\/infotep.com.ar\/wp-content\/uploads\/2023\/06\/Lista-merlo-menendez-2-1024x682.jpg",1020,679,true],"1536x1536":["https:\/\/infotep.com.ar\/wp-content\/uploads\/2023\/06\/Lista-merlo-menendez-2-1536x1023.jpg",1536,1023,true],"2048x2048":["https:\/\/infotep.com.ar\/wp-content\/uploads\/2023\/06\/Lista-merlo-menendez-2.jpg",1600,1066,false],"blossom-feminine-slider":["https:\/\/infotep.com.ar\/wp-content\/uploads\/2023\/06\/Lista-merlo-menendez-2-1600x649.jpg",1600,649,true],"blossom-feminine-featured":["https:\/\/infotep.com.ar\/wp-content\/uploads\/2023\/06\/Lista-merlo-menendez-2-1410x600.jpg",1410,600,true],"blossom-feminine-with-sidebar":["https:\/\/infotep.com.ar\/wp-content\/uploads\/2023\/06\/Lista-merlo-menendez-2-1020x600.jpg",1020,600,true],"blossom-feminine-blog":["https:\/\/infotep.com.ar\/wp-content\/uploads\/2023\/06\/Lista-merlo-menendez-2-435x435.jpg",435,435,true],"blossom-feminine-cat":["https:\/\/infotep.com.ar\/wp-content\/uploads\/2023\/06\/Lista-merlo-menendez-2-450x300.jpg",450,300,true],"blossom-feminine-related":["https:\/\/infotep.com.ar\/wp-content\/uploads\/2023\/06\/Lista-merlo-menendez-2-320x200.jpg",320,200,true],"blossom-feminine-schema":["https:\/\/infotep.com.ar\/wp-content\/uploads\/2023\/06\/Lista-merlo-menendez-2-90x60.jpg",90,60,true],"blossom-mommy-blog-slider-big":["https:\/\/infotep.com.ar\/wp-content\/uploads\/2023\/06\/Lista-merlo-menendez-2-920x650.jpg",920,650,true],"blossom-mommy-blog-slider":["https:\/\/infotep.com.ar\/wp-content\/uploads\/2023\/06\/Lista-merlo-menendez-2-460x310.jpg",460,310,true],"blossom-mommy-blog-two":["https:\/\/infotep.com.ar\/wp-content\/uploads\/2023\/06\/Lista-merlo-menendez-2-768x480.jpg",768,480,true]},"author_info":{"info":["Angela Tobar"]},"category_info":"<a href=\"https:\/\/infotep.com.ar\/index.php\/category\/destacadas\/\" rel=\"category tag\">Destacadas<\/a> <a href=\"https:\/\/infotep.com.ar\/index.php\/category\/municipales\/merlo\/\" rel=\"category tag\">Merlo<\/a>","tag_info":"Merlo","comment_count":"0","_links":{"self":[{"href":"https:\/\/infotep.com.ar\/index.php\/wp-json\/wp\/v2\/posts\/5793"}],"collection":[{"href":"https:\/\/infotep.com.ar\/index.php\/wp-json\/wp\/v2\/posts"}],"about":[{"href":"https:\/\/infotep.com.ar\/index.php\/wp-json\/wp\/v2\/types\/post"}],"author":[{"embeddable":true,"href":"https:\/\/infotep.com.ar\/index.php\/wp-json\/wp\/v2\/users\/5"}],"replies":[{"embeddable":true,"href":"https:\/\/infotep.com.ar\/index.php\/wp-json\/wp\/v2\/comments?post=5793"}],"version-history":[{"count":1,"href":"https:\/\/infotep.com.ar\/index.php\/wp-json\/wp\/v2\/posts\/5793\/revisions"}],"predecessor-version":[{"id":5796,"href":"https:\/\/infotep.com.ar\/index.php\/wp-json\/wp\/v2\/posts\/5793\/revisions\/5796"}],"wp:featuredmedia":[{"embeddable":true,"href":"https:\/\/infotep.com.ar\/index.php\/wp-json\/wp\/v2\/media\/5795"}],"wp:attachment":[{"href":"https:\/\/infotep.com.ar\/index.php\/wp-json\/wp\/v2\/media?parent=5793"}],"wp:term":[{"taxonomy":"category","embeddable":true,"href":"https:\/\/infotep.com.ar\/index.php\/wp-json\/wp\/v2\/categories?post=5793"},{"taxonomy":"post_tag","embeddable":true,"href":"https:\/\/infotep.com.ar\/index.php\/wp-json\/wp\/v2\/tags?post=5793"}],"curies":[{"name":"wp","href":"https:\/\/api.w.org\/{rel}","templated":true}]}}