{"id":5850,"date":"2023-06-26T22:10:09","date_gmt":"2023-06-27T01:10:09","guid":{"rendered":"https:\/\/infotep.com.ar\/?p=5850"},"modified":"2023-06-26T22:10:10","modified_gmt":"2023-06-27T01:10:10","slug":"cristina-kirchner-acompano-a-massa-y-hablo-del-cierre-de-listas-para-ganar-hay-que-apostar","status":"publish","type":"post","link":"https:\/\/infotep.com.ar\/index.php\/2023\/06\/26\/cristina-kirchner-acompano-a-massa-y-hablo-del-cierre-de-listas-para-ganar-hay-que-apostar\/","title":{"rendered":"Cristina Kirchner acompa\u00f1\u00f3 a Massa y habl\u00f3 del cierre de listas: &#8220;Para ganar hay que apostar&#8221;"},"content":{"rendered":"\n<p><\/p>\n\n\n\n<p>Cristina Kirchner y el flamante aspirante a Presidente de Uni\u00f3n por la Patria se mostraron por primera vez desde el anuncio de su postulaci\u00f3n, en un acto conjunto por la recuperaci\u00f3n del avi\u00f3n Skyvan PA-51, utilizado para los \u201cvuelos de la muerte&#8221;, en la Aerostaci\u00f3n Militar del Aeroparque Jorge Newbery.<\/p>\n\n\n\n<p>&#8220;Para ganar hay que apostar&#8221;, sostuvo la titular del Senado, que se\u00f1al\u00f3 que &#8220;era necesaria una lista de unidad&#8221; en medio de las dificultades econ\u00f3micas del pa\u00eds a partir del acuerdo con el FMI. Adem\u00e1s, aclar\u00f3 que si se manten\u00eda el escenario de PASO que impulsaba el presidente Alberto Fern\u00e1ndez, &#8220;Wado&#8221; de Pedro hubiera sido&#8221; su candidato en la interna, de quien adem\u00e1s destac\u00f3 que se baj\u00f3 para ubicarse &#8220;donde el proyecto pide&#8221;.<\/p>\n\n\n\n<p>No obstante, remarc\u00f3 que su postura era la de &#8220;una lista de unidad&#8221;, como termin\u00f3 sucediendo m\u00e1s all\u00e1 de la que present\u00f3 Juan Grabois, iniciativa que a su parecer era la que mejor le\u00eda el contexto pol\u00edtico del pa\u00eds.<\/p>\n\n\n\n<p>Al respecto, record\u00f3 que el peronismo viene de sufrir hace dos a\u00f1os &#8220;la derrota parlamentaria m\u00e1s importante de su historia&#8221;. &#8220;Perdimos la mayor\u00eda y perdimos el qu\u00f3rum del Senado\u2026si la soluci\u00f3n era pelarnos entre nosotros\u2026&#8221;, insisti\u00f3 para cuestionar el reclamo de las PASO de Alberto Fern\u00e1ndez.<\/p>\n\n\n\n<p><strong>&#8220;El Presidente se abander\u00f3 en hacer PASO cuando era necesario hacer una compresi\u00f3n de texto del momento pol\u00edtico en el que uno est\u00e1. Hab\u00eda 15 gobernadores que hab\u00edan pedido una lista de unidad, la CGT tambi\u00e9n hab\u00eda sacado un documento pidiendo lo mismo&#8221;, se\u00f1al\u00f3.<\/strong><\/p>\n\n\n\n<p>Tambi\u00e9n coment\u00f3 que &#8220;ni con una 45 en la cabeza&#8221; lo hubiera llamado a Daniel Scioli para bajarlo de su candidatura, en la previa a que se negociara un candidato \u00fanico.<\/p>\n\n\n\n<p>&#8220;Anoche habl\u00e9 con Daniel Scioli, con quien siempre tuve una relaci\u00f3n de respeto mutuo, tuvimos una charla excelente, algunas cosas que me dijo salieron publicadas en los diarios de hoy, as\u00ed que ni lo digo&#8221;, sostuvo.<\/p>\n\n\n\n<p>M\u00e1s al comienzo de su mensaje, la ex mandataria pidi\u00f3 que se impulse &#8220;una Ley de Negacionismo, que la Argentina necesita y que no era necesaria hasta 2015 cuando empez\u00f3 a verse gente que niega lo que ha pasado (en la \u00faltima dictadura), una tarea que comenz\u00f3 con apoyo medi\u00e1tico&#8221;, seg\u00fan sostuvo.<\/p>\n\n\n\n<p>Previamente habl\u00f3 Massa y dijo que iniciativas como la recuperaci\u00f3n de este avi\u00f3n utilizado por la \u00faltima dictadura militar ayuda a &#8220;consolidar la idea de verdad y seguir recorriendo el camino de la Justicia&#8221; sobre lo ocurrido en aquellos a\u00f1os.<\/p>\n\n\n\n<p>Apunt\u00f3 tambi\u00e9n a la oposici\u00f3n, al considerar que &#8220;la idea del negacionismo, la violencia en la pol\u00edtica como mecanismo de resoluci\u00f3n de conflictos rememora el pasado m\u00e1s oscuro de la Argentina&#8221;. &#8220;Trayendo el avi\u00f3n estamos contribuyendo a la memoria, a impedir derribar la Argentina de derechos&#8221;, insisti\u00f3.<\/p>\n\n\n\n<p>Por los organismos de derechos humanos estuvieron Estela de Carlotto y &#8220;Tati&#8221; Almeida, adem\u00e1s de las hijas de las detenidas-desaparecidas integrantes de Madres de Plaza de Mayo, Azucena Villaflor y Esther Ballestrino de Careaga.<\/p>\n\n\n\n<p>A partir de las planillas de vuelo, se comprob\u00f3 que el avi\u00f3n fue utilizado el 14 de diciembre de 1977 por los militares para los denominados &#8220;vuelos de la muerte&#8221;, que consist\u00eda en arrojar al mar a las v\u00edctimas de la Iglesia de la Santa Cruz, entre quienes estaban Azucena Villaflor, Esther Ballestrino de Careaga y Mar\u00eda Eugenia Ponce de Bianco, integrantes de Madres de Plaza de Mayo.<\/p>\n\n\n\n<p>Tras el pedido de los familiares de las v\u00edctimas en noviembre pasado, el Ministerio de Econom\u00eda compr\u00f3 la nave y organiz\u00f3 su traslado desde Estados Unidos. El avi\u00f3n ser\u00e1 emplazado en el predio de la ex ESMA, donde &#8220;servir\u00e1 como aporte para la construcci\u00f3n de la Memoria sobre el terrorismo de Estado&#8221;, explic\u00f3 Cristina Kirchner en Twitter.<\/p>\n","protected":false},"excerpt":{"rendered":"<p>Cristina Kirchner y el flamante aspirante a Presidente de Uni&oacute;n por la Patria se mostraron por primera vez desde el anuncio de su postulaci&oacute;n, en un acto conjunto por la recuperaci&oacute;n del avi&oacute;n Skyvan PA-51, utilizado para los &ldquo;vuelos de la muerte&rdquo;, en la Aerostaci&oacute;n Militar del Aeroparque Jorge Newbery. &ldquo;Para ganar hay que apostar&rdquo;, &hellip; <\/p>\n","protected":false},"author":5,"featured_media":5851,"comment_status":"closed","ping_status":"closed","sticky":false,"template":"","format":"standard","meta":{"om_disable_all_campaigns":false,"_joinchat":[]},"categories":[3],"tags":[46,43],"featured_image_urls":{"full":["https:\/\/infotep.com.ar\/wp-content\/uploads\/2023\/06\/cristina-masa.jpg",940,529,false],"thumbnail":["https:\/\/infotep.com.ar\/wp-content\/uploads\/2023\/06\/cristina-masa-150x150.jpg",150,150,true],"medium":["https:\/\/infotep.com.ar\/wp-content\/uploads\/2023\/06\/cristina-masa-300x169.jpg",300,169,true],"medium_large":["https:\/\/infotep.com.ar\/wp-content\/uploads\/2023\/06\/cristina-masa-768x432.jpg",768,432,true],"large":["https:\/\/infotep.com.ar\/wp-content\/uploads\/2023\/06\/cristina-masa.jpg",940,529,false],"1536x1536":["https:\/\/infotep.com.ar\/wp-content\/uploads\/2023\/06\/cristina-masa.jpg",940,529,false],"2048x2048":["https:\/\/infotep.com.ar\/wp-content\/uploads\/2023\/06\/cristina-masa.jpg",940,529,false],"blossom-feminine-slider":["https:\/\/infotep.com.ar\/wp-content\/uploads\/2023\/06\/cristina-masa.jpg",940,529,false],"blossom-feminine-featured":["https:\/\/infotep.com.ar\/wp-content\/uploads\/2023\/06\/cristina-masa.jpg",940,529,false],"blossom-feminine-with-sidebar":["https:\/\/infotep.com.ar\/wp-content\/uploads\/2023\/06\/cristina-masa.jpg",940,529,false],"blossom-feminine-blog":["https:\/\/infotep.com.ar\/wp-content\/uploads\/2023\/06\/cristina-masa-435x435.jpg",435,435,true],"blossom-feminine-cat":["https:\/\/infotep.com.ar\/wp-content\/uploads\/2023\/06\/cristina-masa-450x300.jpg",450,300,true],"blossom-feminine-related":["https:\/\/infotep.com.ar\/wp-content\/uploads\/2023\/06\/cristina-masa-320x200.jpg",320,200,true],"blossom-feminine-schema":["https:\/\/infotep.com.ar\/wp-content\/uploads\/2023\/06\/cristina-masa-107x60.jpg",107,60,true],"blossom-mommy-blog-slider-big":["https:\/\/infotep.com.ar\/wp-content\/uploads\/2023\/06\/cristina-masa-920x529.jpg",920,529,true],"blossom-mommy-blog-slider":["https:\/\/infotep.com.ar\/wp-content\/uploads\/2023\/06\/cristina-masa-460x310.jpg",460,310,true],"blossom-mommy-blog-two":["https:\/\/infotep.com.ar\/wp-content\/uploads\/2023\/06\/cristina-masa-768x480.jpg",768,480,true]},"author_info":{"info":["Angela Tobar"]},"category_info":"<a href=\"https:\/\/infotep.com.ar\/index.php\/category\/nacionales\/\" rel=\"category tag\">Nacionales<\/a>","tag_info":"Nacionales","comment_count":"0","_links":{"self":[{"href":"https:\/\/infotep.com.ar\/index.php\/wp-json\/wp\/v2\/posts\/5850"}],"collection":[{"href":"https:\/\/infotep.com.ar\/index.php\/wp-json\/wp\/v2\/posts"}],"about":[{"href":"https:\/\/infotep.com.ar\/index.php\/wp-json\/wp\/v2\/types\/post"}],"author":[{"embeddable":true,"href":"https:\/\/infotep.com.ar\/index.php\/wp-json\/wp\/v2\/users\/5"}],"replies":[{"embeddable":true,"href":"https:\/\/infotep.com.ar\/index.php\/wp-json\/wp\/v2\/comments?post=5850"}],"version-history":[{"count":1,"href":"https:\/\/infotep.com.ar\/index.php\/wp-json\/wp\/v2\/posts\/5850\/revisions"}],"predecessor-version":[{"id":5852,"href":"https:\/\/infotep.com.ar\/index.php\/wp-json\/wp\/v2\/posts\/5850\/revisions\/5852"}],"wp:featuredmedia":[{"embeddable":true,"href":"https:\/\/infotep.com.ar\/index.php\/wp-json\/wp\/v2\/media\/5851"}],"wp:attachment":[{"href":"https:\/\/infotep.com.ar\/index.php\/wp-json\/wp\/v2\/media?parent=5850"}],"wp:term":[{"taxonomy":"category","embeddable":true,"href":"https:\/\/infotep.com.ar\/index.php\/wp-json\/wp\/v2\/categories?post=5850"},{"taxonomy":"post_tag","embeddable":true,"href":"https:\/\/infotep.com.ar\/index.php\/wp-json\/wp\/v2\/tags?post=5850"}],"curies":[{"name":"wp","href":"https:\/\/api.w.org\/{rel}","templated":true}]}}