{"id":5853,"date":"2023-06-26T22:12:58","date_gmt":"2023-06-27T01:12:58","guid":{"rendered":"https:\/\/infotep.com.ar\/?p=5853"},"modified":"2023-06-26T22:12:59","modified_gmt":"2023-06-27T01:12:59","slug":"kicillof-no-desdoblara-las-elecciones-generales-en-la-provincia-de-buenos-aires","status":"publish","type":"post","link":"https:\/\/infotep.com.ar\/index.php\/2023\/06\/26\/kicillof-no-desdoblara-las-elecciones-generales-en-la-provincia-de-buenos-aires\/","title":{"rendered":"Kicillof no desdoblar\u00e1 las elecciones generales en la provincia de Buenos Aires"},"content":{"rendered":"\n<p>Tras varias idas y vueltas, el gobernador Axel Kicillof opt\u00f3 por no desdoblar las elecciones generales de la provincia de Buenos Aires de las nacionales. As\u00ed lo confirmaron fuentes de la gobernaci\u00f3n y atribuyen la decisi\u00f3n a la conformaci\u00f3n de la &#8220;lista competitiva&#8221; a nivel nacional que logr\u00f3 concretar el oficialismo, encabezada por el ministro de Econom\u00eda, Sergio Massa.<\/p>\n\n\n\n<p><strong>De esta forma, ambas categor\u00edas celebrar\u00e1n las Primarias, Abiertas, Simult\u00e1neas y Obligatorias (PASO) el pr\u00f3ximo 13 de agosto, y las generales 22 de octubre.<\/strong><\/p>\n\n\n\n<p>E decreto que firm\u00f3 el gobernador se publicar\u00e1 en las pr\u00f3ximas horas y de este modo ir\u00e1 por su reelecci\u00f3n en f\u00f3rmula con la actual vicegobernadora Ver\u00f3nica Magario.<\/p>\n\n\n\n<p>Kicillof sigui\u00f3 atento las definiciones en el armado nacional, donde intervino v\u00eda la Liga de Gobernadores en reclamo de un candidato de unidad, para dar precisiones respecto a los movimientos que llevar\u00eda adelante en su distrito.<\/p>\n\n\n\n<p>De esta forma, una vez oficializada la f\u00f3rmula Sergio Massa &#8211; Agust\u00edn Rossi resolvi\u00f3 que las elecciones provinciales se desarrollen el mismo d\u00eda que los comicios nacionales, posibilitando as\u00ed una estrategia conjunta del espacio en ambos planos.<\/p>\n\n\n\n<p>Si bien el mandatario hab\u00eda firmado la convocatoria de las PASO en la provincia de Buenos Aires para el pr\u00f3ximo 13 de agosto, no se especificaba la fecha para los comicios generales, y sus colaboradores repet\u00edan que por ley, le correspond\u00eda la posibilidad de desenganchar la elecci\u00f3n de la nacional.<\/p>\n\n\n\n<p>Con el embajador de Brasil, Daniel Scioli, fuera de la contienda electoral, y luego de la oficializaci\u00f3n de Massa, Kicillof celebrar\u00e1 los comicios el mismo d\u00eda que se elija presidente.<\/p>\n","protected":false},"excerpt":{"rendered":"<p>Tras varias idas y vueltas, el gobernador Axel Kicillof opt&oacute; por no desdoblar las elecciones generales de la provincia de Buenos Aires de las nacionales. As&iacute; lo confirmaron fuentes de la gobernaci&oacute;n y atribuyen la decisi&oacute;n a la conformaci&oacute;n de la &ldquo;lista competitiva&rdquo; a nivel nacional que logr&oacute; concretar el oficialismo, encabezada por el ministro &hellip; <\/p>\n","protected":false},"author":5,"featured_media":4336,"comment_status":"closed","ping_status":"closed","sticky":false,"template":"","format":"standard","meta":{"om_disable_all_campaigns":false,"_joinchat":[]},"categories":[31,4],"tags":[46,43],"featured_image_urls":{"full":["https:\/\/infotep.com.ar\/wp-content\/uploads\/2023\/03\/kicillof-1.jpg",1920,1200,false],"thumbnail":["https:\/\/infotep.com.ar\/wp-content\/uploads\/2023\/03\/kicillof-1-150x150.jpg",150,150,true],"medium":["https:\/\/infotep.com.ar\/wp-content\/uploads\/2023\/03\/kicillof-1-300x188.jpg",300,188,true],"medium_large":["https:\/\/infotep.com.ar\/wp-content\/uploads\/2023\/03\/kicillof-1-768x480.jpg",768,480,true],"large":["https:\/\/infotep.com.ar\/wp-content\/uploads\/2023\/03\/kicillof-1-1024x640.jpg",1020,638,true],"1536x1536":["https:\/\/infotep.com.ar\/wp-content\/uploads\/2023\/03\/kicillof-1-1536x960.jpg",1536,960,true],"2048x2048":["https:\/\/infotep.com.ar\/wp-content\/uploads\/2023\/03\/kicillof-1.jpg",1920,1200,false],"blossom-feminine-slider":["https:\/\/infotep.com.ar\/wp-content\/uploads\/2023\/03\/kicillof-1-1920x649.jpg",1920,649,true],"blossom-feminine-featured":["https:\/\/infotep.com.ar\/wp-content\/uploads\/2023\/03\/kicillof-1-1410x600.jpg",1410,600,true],"blossom-feminine-with-sidebar":["https:\/\/infotep.com.ar\/wp-content\/uploads\/2023\/03\/kicillof-1-1020x600.jpg",1020,600,true],"blossom-feminine-blog":["https:\/\/infotep.com.ar\/wp-content\/uploads\/2023\/03\/kicillof-1-435x435.jpg",435,435,true],"blossom-feminine-cat":["https:\/\/infotep.com.ar\/wp-content\/uploads\/2023\/03\/kicillof-1-450x300.jpg",450,300,true],"blossom-feminine-related":["https:\/\/infotep.com.ar\/wp-content\/uploads\/2023\/03\/kicillof-1-320x200.jpg",320,200,true],"blossom-feminine-schema":["https:\/\/infotep.com.ar\/wp-content\/uploads\/2023\/03\/kicillof-1-96x60.jpg",96,60,true],"blossom-mommy-blog-slider-big":["https:\/\/infotep.com.ar\/wp-content\/uploads\/2023\/03\/kicillof-1-920x650.jpg",920,650,true],"blossom-mommy-blog-slider":["https:\/\/infotep.com.ar\/wp-content\/uploads\/2023\/03\/kicillof-1-460x310.jpg",460,310,true],"blossom-mommy-blog-two":["https:\/\/infotep.com.ar\/wp-content\/uploads\/2023\/03\/kicillof-1-768x480.jpg",768,480,true]},"author_info":{"info":["Angela Tobar"]},"category_info":"<a href=\"https:\/\/infotep.com.ar\/index.php\/category\/destacadas\/\" rel=\"category tag\">Destacadas<\/a> <a href=\"https:\/\/infotep.com.ar\/index.php\/category\/provinciales\/\" rel=\"category tag\">Provinciales<\/a>","tag_info":"Provinciales","comment_count":"0","_links":{"self":[{"href":"https:\/\/infotep.com.ar\/index.php\/wp-json\/wp\/v2\/posts\/5853"}],"collection":[{"href":"https:\/\/infotep.com.ar\/index.php\/wp-json\/wp\/v2\/posts"}],"about":[{"href":"https:\/\/infotep.com.ar\/index.php\/wp-json\/wp\/v2\/types\/post"}],"author":[{"embeddable":true,"href":"https:\/\/infotep.com.ar\/index.php\/wp-json\/wp\/v2\/users\/5"}],"replies":[{"embeddable":true,"href":"https:\/\/infotep.com.ar\/index.php\/wp-json\/wp\/v2\/comments?post=5853"}],"version-history":[{"count":1,"href":"https:\/\/infotep.com.ar\/index.php\/wp-json\/wp\/v2\/posts\/5853\/revisions"}],"predecessor-version":[{"id":5854,"href":"https:\/\/infotep.com.ar\/index.php\/wp-json\/wp\/v2\/posts\/5853\/revisions\/5854"}],"wp:featuredmedia":[{"embeddable":true,"href":"https:\/\/infotep.com.ar\/index.php\/wp-json\/wp\/v2\/media\/4336"}],"wp:attachment":[{"href":"https:\/\/infotep.com.ar\/index.php\/wp-json\/wp\/v2\/media?parent=5853"}],"wp:term":[{"taxonomy":"category","embeddable":true,"href":"https:\/\/infotep.com.ar\/index.php\/wp-json\/wp\/v2\/categories?post=5853"},{"taxonomy":"post_tag","embeddable":true,"href":"https:\/\/infotep.com.ar\/index.php\/wp-json\/wp\/v2\/tags?post=5853"}],"curies":[{"name":"wp","href":"https:\/\/api.w.org\/{rel}","templated":true}]}}