{"id":5910,"date":"2023-06-28T15:42:27","date_gmt":"2023-06-28T18:42:27","guid":{"rendered":"https:\/\/infotep.com.ar\/?p=5910"},"modified":"2023-06-28T15:42:28","modified_gmt":"2023-06-28T18:42:28","slug":"los-colegios-privados-bonaerenses-y-portenos-aumentaran-sus-cuotas-nuevamente-en-julio","status":"publish","type":"post","link":"https:\/\/infotep.com.ar\/index.php\/2023\/06\/28\/los-colegios-privados-bonaerenses-y-portenos-aumentaran-sus-cuotas-nuevamente-en-julio\/","title":{"rendered":"Los colegios privados bonaerenses y porte\u00f1os aumentar\u00e1n sus cuotas nuevamente en julio"},"content":{"rendered":"\n<p><br>Los colegios privados de la Ciudad Aut\u00f3noma de Buenos Aires y la provincia de Buenos Aires subvencionados por el Estado aumentar\u00e1n nuevamente sus cuotas en julio. Las actualizaciones ser\u00e1n diferentes entre los establecimientos educativos bonaerenses y porte\u00f1os.<\/p>\n\n\n\n<p><strong>En la provincia de Buenos Aires, la Direcci\u00f3n General de Cultura y Educaci\u00f3n autoriz\u00f3 un incremento del 4% para el s\u00e9ptimo mes del a\u00f1o, que alcanza a 4.400 instituciones de gesti\u00f3n privada, seg\u00fan dieron a conocer desde la Asociaci\u00f3n de Institutos de Ense\u00f1anza Privada de la Provincia de Buenos Aires (AIEPBA).<\/strong><\/p>\n\n\n\n<p>El aumento dispuesto para julio es notoriamente inferior al aplicado en junio cuando el gobierno bonaerense autoriz\u00f3 una suba del 7,5%, dejando atr\u00e1s el tope acordado por medio de Precios Cuidados entre el Ejecutivo nacional y los colegios en febrero, que preve\u00eda un incremento del 3,5%.<\/p>\n\n\n\n<p>Con la nueva actualizaci\u00f3n, las cuotas escalaron un 38,5% desde marzo, al subir un 6,8% en el tercer mes del a\u00f1o, 3,35% en abril, 6,7% en mayo y 7,5% en junio, y el reciente 4% en julio. Desde AIEPBA remarcan que los aumentos son insuficientes, ya que quedan por debajo del incremento del salario docente que alcanza el 41,5%.<\/p>\n\n\n\n<p>En ese sentido, a trav\u00e9s de un comunicado aseguran que la suba establecida para julio &#8220;no alcanza para cubrir los \u00edndices de aumentos de los costos operativos de las instituciones&#8221; e indican que &#8220;est\u00e1 debajo del nivel del \u00edndice de inflaci\u00f3n que difunde el INDEC\u201d. De acuerdo a la estimaci\u00f3n de la asociaci\u00f3n las subas determinadas durante el 2023 est\u00e1n \u201ccasi un 15% por debajo\u201d de la medici\u00f3n inflacionaria.<\/p>\n\n\n\n<p>Adem\u00e1s, al hacer hincapi\u00e9 en que los haberes docentes ya est\u00e1n por encima de los incrementos de las cuotas, se\u00f1alan que el reciente ajuste autorizado se da \u201ccuando a\u00fan no se resolvi\u00f3 cual ser\u00e1 el incremento que se dispondr\u00e1 para los docentes en el marco de la revisi\u00f3n de la negociaci\u00f3n paritaria del sector&#8221;.<\/p>\n\n\n\n<p>En el caso de la Ciudad de Buenos Aires, se aprob\u00f3 un incremento del 15,6% para julio, muy por encima del 3,5% pautado inicialmente y del 4% establecido para el territorio bonaerense. En el presente mes, la suba tambi\u00e9n hab\u00eda sido superior a la de la provincia, alcanzando el 11,1%.<\/p>\n\n\n\n<p>La disparidad se debe en parte a la diferencia en la que se cerraron los acuerdos paritarios. En la Ciudad fue a mediados de mayo e incluy\u00f3 un 8% de aumento en mayo y un 9% en julio. En tanto que las siguientes subas salariales est\u00e1n pautadas para agosto, octubre y diciembre, de 10% cada cuota.<\/p>\n","protected":false},"excerpt":{"rendered":"<p>Los colegios privados de la Ciudad Aut&oacute;noma de Buenos Aires y la provincia de Buenos Aires subvencionados por el Estado aumentar&aacute;n nuevamente sus cuotas en julio. Las actualizaciones ser&aacute;n diferentes entre los establecimientos educativos bonaerenses y porte&ntilde;os. En la provincia de Buenos Aires, la Direcci&oacute;n General de Cultura y Educaci&oacute;n autoriz&oacute; un incremento del 4% &hellip; <\/p>\n","protected":false},"author":5,"featured_media":5911,"comment_status":"closed","ping_status":"closed","sticky":false,"template":"","format":"standard","meta":{"om_disable_all_campaigns":false,"_joinchat":[]},"categories":[4],"tags":[46,43],"featured_image_urls":{"full":["https:\/\/infotep.com.ar\/wp-content\/uploads\/2023\/06\/colegio-privado.jpg",1920,1080,false],"thumbnail":["https:\/\/infotep.com.ar\/wp-content\/uploads\/2023\/06\/colegio-privado-150x150.jpg",150,150,true],"medium":["https:\/\/infotep.com.ar\/wp-content\/uploads\/2023\/06\/colegio-privado-300x169.jpg",300,169,true],"medium_large":["https:\/\/infotep.com.ar\/wp-content\/uploads\/2023\/06\/colegio-privado-768x432.jpg",768,432,true],"large":["https:\/\/infotep.com.ar\/wp-content\/uploads\/2023\/06\/colegio-privado-1024x576.jpg",1020,574,true],"1536x1536":["https:\/\/infotep.com.ar\/wp-content\/uploads\/2023\/06\/colegio-privado-1536x864.jpg",1536,864,true],"2048x2048":["https:\/\/infotep.com.ar\/wp-content\/uploads\/2023\/06\/colegio-privado.jpg",1920,1080,false],"blossom-feminine-slider":["https:\/\/infotep.com.ar\/wp-content\/uploads\/2023\/06\/colegio-privado-1920x649.jpg",1920,649,true],"blossom-feminine-featured":["https:\/\/infotep.com.ar\/wp-content\/uploads\/2023\/06\/colegio-privado-1410x600.jpg",1410,600,true],"blossom-feminine-with-sidebar":["https:\/\/infotep.com.ar\/wp-content\/uploads\/2023\/06\/colegio-privado-1020x600.jpg",1020,600,true],"blossom-feminine-blog":["https:\/\/infotep.com.ar\/wp-content\/uploads\/2023\/06\/colegio-privado-435x435.jpg",435,435,true],"blossom-feminine-cat":["https:\/\/infotep.com.ar\/wp-content\/uploads\/2023\/06\/colegio-privado-450x300.jpg",450,300,true],"blossom-feminine-related":["https:\/\/infotep.com.ar\/wp-content\/uploads\/2023\/06\/colegio-privado-320x200.jpg",320,200,true],"blossom-feminine-schema":["https:\/\/infotep.com.ar\/wp-content\/uploads\/2023\/06\/colegio-privado-107x60.jpg",107,60,true],"blossom-mommy-blog-slider-big":["https:\/\/infotep.com.ar\/wp-content\/uploads\/2023\/06\/colegio-privado-920x650.jpg",920,650,true],"blossom-mommy-blog-slider":["https:\/\/infotep.com.ar\/wp-content\/uploads\/2023\/06\/colegio-privado-460x310.jpg",460,310,true],"blossom-mommy-blog-two":["https:\/\/infotep.com.ar\/wp-content\/uploads\/2023\/06\/colegio-privado-768x480.jpg",768,480,true]},"author_info":{"info":["Angela Tobar"]},"category_info":"<a href=\"https:\/\/infotep.com.ar\/index.php\/category\/provinciales\/\" rel=\"category tag\">Provinciales<\/a>","tag_info":"Provinciales","comment_count":"0","_links":{"self":[{"href":"https:\/\/infotep.com.ar\/index.php\/wp-json\/wp\/v2\/posts\/5910"}],"collection":[{"href":"https:\/\/infotep.com.ar\/index.php\/wp-json\/wp\/v2\/posts"}],"about":[{"href":"https:\/\/infotep.com.ar\/index.php\/wp-json\/wp\/v2\/types\/post"}],"author":[{"embeddable":true,"href":"https:\/\/infotep.com.ar\/index.php\/wp-json\/wp\/v2\/users\/5"}],"replies":[{"embeddable":true,"href":"https:\/\/infotep.com.ar\/index.php\/wp-json\/wp\/v2\/comments?post=5910"}],"version-history":[{"count":1,"href":"https:\/\/infotep.com.ar\/index.php\/wp-json\/wp\/v2\/posts\/5910\/revisions"}],"predecessor-version":[{"id":5912,"href":"https:\/\/infotep.com.ar\/index.php\/wp-json\/wp\/v2\/posts\/5910\/revisions\/5912"}],"wp:featuredmedia":[{"embeddable":true,"href":"https:\/\/infotep.com.ar\/index.php\/wp-json\/wp\/v2\/media\/5911"}],"wp:attachment":[{"href":"https:\/\/infotep.com.ar\/index.php\/wp-json\/wp\/v2\/media?parent=5910"}],"wp:term":[{"taxonomy":"category","embeddable":true,"href":"https:\/\/infotep.com.ar\/index.php\/wp-json\/wp\/v2\/categories?post=5910"},{"taxonomy":"post_tag","embeddable":true,"href":"https:\/\/infotep.com.ar\/index.php\/wp-json\/wp\/v2\/tags?post=5910"}],"curies":[{"name":"wp","href":"https:\/\/api.w.org\/{rel}","templated":true}]}}