{"id":5913,"date":"2023-06-28T15:48:39","date_gmt":"2023-06-28T18:48:39","guid":{"rendered":"https:\/\/infotep.com.ar\/?p=5913"},"modified":"2023-06-28T15:48:40","modified_gmt":"2023-06-28T18:48:40","slug":"rossi-respaldo-a-massa-y-aseguro-que-las-diferencias-quedaron-metabolizadas-con-la-constitucion-del-frente-de-todos","status":"publish","type":"post","link":"https:\/\/infotep.com.ar\/index.php\/2023\/06\/28\/rossi-respaldo-a-massa-y-aseguro-que-las-diferencias-quedaron-metabolizadas-con-la-constitucion-del-frente-de-todos\/","title":{"rendered":"Rossi respald\u00f3 a Massa y asegur\u00f3 que las diferencias &#8220;quedaron metabolizadas con la constituci\u00f3n del Frente de Todos&#8221;"},"content":{"rendered":"\n<p><br>El jefe de Gabinete, Agust\u00edn Rossi, respald\u00f3 a su compa\u00f1ero de f\u00f3rmula y titular del Palacio de Hacienda, Sergio Massa al remarcar que las diferencias &#8220;quedaron metabolizadas con la constituci\u00f3n del Frente de Todos&#8221;. Lo hizo al t\u00e9rmino de la reuni\u00f3n que encabez\u00f3 junto al presidente Alberto Fern\u00e1ndez y a los titulares de las carteras.<\/p>\n\n\n\n<p>&#8220;Es cierto que en el pasado tuvimos diferencias, pero quedaron metabolizadas en 2019, en la constituci\u00f3n del Frente de Todos y cuando todo el arco del espacio pol\u00edtico apoy\u00f3 su llegada al Ministerio de Econom\u00eda&#8221;, remarc\u00f3 Rossi luciendo un pin del orgullo gay, en fechas hist\u00f3ricas para el calendario LGBT, en la sala de conferencias.<\/p>\n\n\n\n<p>En compa\u00f1\u00eda de la portavoz presidencial Gabriela Cerruti, el titular de ministros defendi\u00f3 adem\u00e1s la gesti\u00f3n del titular de la cartera de Econom\u00eda: &#8220;Les diremos la verdad a los argentinos, hay que analizar la historia completa que empez\u00f3 el 10 de diciembre de 2019. No nos entregaron Disneylandia(\u2026) Luego hubo una serie de hechos como la pandemia, la guerra, pero tambi\u00e9n el impacto de la sequ\u00eda\u201d.<\/p>\n\n\n\n<p>Se trat\u00f3 de la primera reuni\u00f3n con los titulares de las carteras que convoc\u00f3 Rossi desde que asumi\u00f3 a la jefatura de Gabinete el 15 de febrero y la que cosech\u00f3 una asistencia casi perfecta a excepci\u00f3n de Mart\u00edn Soria (Justicia) y Jaime Perczyk (Educaci\u00f3n), con agenda en el exterior.<\/p>\n\n\n\n<p>De la reuni\u00f3n participaron Eduardo &#8220;Wado&#8221; de Pedro (Interior); Victoria Tolosa Paz (Desarrollo Social), Santiago Cafiero (Relaciones Exteriores y Culto); Kelly Olmos (Trabajo); Carla Vizzotti (Salud); Ayel\u00e9n Mazzina (Mujeres, G\u00e9nero y Diversidad); Daniel Filmus (Ciencia y Tecnolog\u00eda); An\u00edbal Fern\u00e1ndez (Seguridad); Diego Giuliano (Transporte); Juan Cabandi\u00e9 (Ambiente); Mat\u00edas Lammens (Turismo); Trist\u00e1n Bauer (Cultura); Gabriel Katopodis (Obras P\u00fablicas); Jorge Taiana (Defensa); y Santiago Maggiotti (Desarrollo y Habitat).<\/p>\n","protected":false},"excerpt":{"rendered":"<p>El jefe de Gabinete, Agust&iacute;n Rossi, respald&oacute; a su compa&ntilde;ero de f&oacute;rmula y titular del Palacio de Hacienda, Sergio Massa al remarcar que las diferencias &ldquo;quedaron metabolizadas con la constituci&oacute;n del Frente de Todos&rdquo;. Lo hizo al t&eacute;rmino de la reuni&oacute;n que encabez&oacute; junto al presidente Alberto Fern&aacute;ndez y a los titulares de las carteras. &hellip; <\/p>\n","protected":false},"author":5,"featured_media":5914,"comment_status":"closed","ping_status":"closed","sticky":false,"template":"","format":"standard","meta":{"om_disable_all_campaigns":false,"_joinchat":[]},"categories":[3],"tags":[46,43],"featured_image_urls":{"full":["https:\/\/infotep.com.ar\/wp-content\/uploads\/2023\/06\/rossi.jpg",1920,1080,false],"thumbnail":["https:\/\/infotep.com.ar\/wp-content\/uploads\/2023\/06\/rossi-150x150.jpg",150,150,true],"medium":["https:\/\/infotep.com.ar\/wp-content\/uploads\/2023\/06\/rossi-300x169.jpg",300,169,true],"medium_large":["https:\/\/infotep.com.ar\/wp-content\/uploads\/2023\/06\/rossi-768x432.jpg",768,432,true],"large":["https:\/\/infotep.com.ar\/wp-content\/uploads\/2023\/06\/rossi-1024x576.jpg",1020,574,true],"1536x1536":["https:\/\/infotep.com.ar\/wp-content\/uploads\/2023\/06\/rossi-1536x864.jpg",1536,864,true],"2048x2048":["https:\/\/infotep.com.ar\/wp-content\/uploads\/2023\/06\/rossi.jpg",1920,1080,false],"blossom-feminine-slider":["https:\/\/infotep.com.ar\/wp-content\/uploads\/2023\/06\/rossi-1920x649.jpg",1920,649,true],"blossom-feminine-featured":["https:\/\/infotep.com.ar\/wp-content\/uploads\/2023\/06\/rossi-1410x600.jpg",1410,600,true],"blossom-feminine-with-sidebar":["https:\/\/infotep.com.ar\/wp-content\/uploads\/2023\/06\/rossi-1020x600.jpg",1020,600,true],"blossom-feminine-blog":["https:\/\/infotep.com.ar\/wp-content\/uploads\/2023\/06\/rossi-435x435.jpg",435,435,true],"blossom-feminine-cat":["https:\/\/infotep.com.ar\/wp-content\/uploads\/2023\/06\/rossi-450x300.jpg",450,300,true],"blossom-feminine-related":["https:\/\/infotep.com.ar\/wp-content\/uploads\/2023\/06\/rossi-320x200.jpg",320,200,true],"blossom-feminine-schema":["https:\/\/infotep.com.ar\/wp-content\/uploads\/2023\/06\/rossi-107x60.jpg",107,60,true],"blossom-mommy-blog-slider-big":["https:\/\/infotep.com.ar\/wp-content\/uploads\/2023\/06\/rossi-920x650.jpg",920,650,true],"blossom-mommy-blog-slider":["https:\/\/infotep.com.ar\/wp-content\/uploads\/2023\/06\/rossi-460x310.jpg",460,310,true],"blossom-mommy-blog-two":["https:\/\/infotep.com.ar\/wp-content\/uploads\/2023\/06\/rossi-768x480.jpg",768,480,true]},"author_info":{"info":["Angela Tobar"]},"category_info":"<a href=\"https:\/\/infotep.com.ar\/index.php\/category\/nacionales\/\" rel=\"category tag\">Nacionales<\/a>","tag_info":"Nacionales","comment_count":"0","_links":{"self":[{"href":"https:\/\/infotep.com.ar\/index.php\/wp-json\/wp\/v2\/posts\/5913"}],"collection":[{"href":"https:\/\/infotep.com.ar\/index.php\/wp-json\/wp\/v2\/posts"}],"about":[{"href":"https:\/\/infotep.com.ar\/index.php\/wp-json\/wp\/v2\/types\/post"}],"author":[{"embeddable":true,"href":"https:\/\/infotep.com.ar\/index.php\/wp-json\/wp\/v2\/users\/5"}],"replies":[{"embeddable":true,"href":"https:\/\/infotep.com.ar\/index.php\/wp-json\/wp\/v2\/comments?post=5913"}],"version-history":[{"count":1,"href":"https:\/\/infotep.com.ar\/index.php\/wp-json\/wp\/v2\/posts\/5913\/revisions"}],"predecessor-version":[{"id":5915,"href":"https:\/\/infotep.com.ar\/index.php\/wp-json\/wp\/v2\/posts\/5913\/revisions\/5915"}],"wp:featuredmedia":[{"embeddable":true,"href":"https:\/\/infotep.com.ar\/index.php\/wp-json\/wp\/v2\/media\/5914"}],"wp:attachment":[{"href":"https:\/\/infotep.com.ar\/index.php\/wp-json\/wp\/v2\/media?parent=5913"}],"wp:term":[{"taxonomy":"category","embeddable":true,"href":"https:\/\/infotep.com.ar\/index.php\/wp-json\/wp\/v2\/categories?post=5913"},{"taxonomy":"post_tag","embeddable":true,"href":"https:\/\/infotep.com.ar\/index.php\/wp-json\/wp\/v2\/tags?post=5913"}],"curies":[{"name":"wp","href":"https:\/\/api.w.org\/{rel}","templated":true}]}}