{"id":6019,"date":"2023-07-06T01:12:00","date_gmt":"2023-07-06T04:12:00","guid":{"rendered":"https:\/\/infotep.com.ar\/?p=6019"},"modified":"2023-07-05T23:13:21","modified_gmt":"2023-07-06T02:13:21","slug":"wado-de-pedro-sera-el-jefe-de-campana-de-sergio-massa","status":"publish","type":"post","link":"https:\/\/infotep.com.ar\/index.php\/2023\/07\/06\/wado-de-pedro-sera-el-jefe-de-campana-de-sergio-massa\/","title":{"rendered":"Wado De Pedro ser\u00e1 el jefe de campa\u00f1a de Sergio Massa"},"content":{"rendered":"\n<p><br>El ministro de Econom\u00eda y precandidato presidencial de Uni\u00f3n por la Patria, Sergio Massa, design\u00f3 al ministro del Interior, Eduardo &#8220;Wado&#8221; De Pedro, como su jefe de campa\u00f1a de cara a las elecciones nacionales.<\/p>\n\n\n\n<p>As\u00ed lo hizo frente a los gobernadores peronistas que los recibieron este mi\u00e9rcoles en el Consejo Federal de Inversiones (CFI).<\/p>\n\n\n\n<p>&#8220;El jefe de campa\u00f1a es Wado De Pedro&#8221;, confirm\u00f3 el gobernador de Tierra del Fuego, Gustavo Melella, en conferencia de prensa tras el encuentro con Massa y su candidato a vice de la f\u00f3rmula, Agust\u00edn Rossi.<\/p>\n\n\n\n<p>Adem\u00e1s, el fueguino destac\u00f3 que con el ministro del Interior buscan que la de Uni\u00f3n por la Patria sea una &#8220;campa\u00f1a federal&#8221;.<\/p>\n\n\n\n<p>&#8220;Wado representa el trabajo cotidiano de las provincias, el sabe perfectamente lo que pasa en Tierra del Fuego, en Salta, en Tucum\u00e1n, en La Pampa, en todas las provincias&#8221;, destac\u00f3 Melella.<\/p>\n\n\n\n<p>Y agreg\u00f3: &#8220;Pensamos en \u00e9l cuando uno piensa es un jefe de campa\u00f1a que entienda a la Argentina&#8221;.<\/p>\n\n\n\n<p>De Pedro particip\u00f3 junto a los gobernadores, Massa y su compa\u00f1ero de f\u00f3rmula, Agust\u00edn Rossi, de una reuni\u00f3n en el CFI con una decena de gobernadores peronistas, entre ellos, Axel Kicillof, Juan Manzur y Sergio Ziliotto.<\/p>\n\n\n\n<p>El encuentro sirvi\u00f3 para oficializar el respaldo de los mandatarios provinciales al binomio que integran el ministro de Econom\u00eda y el jefe de Gabinete, luego de que se confirmara la f\u00f3rmula hace diez d\u00edas.<\/p>\n\n\n\n<p>Adem\u00e1s, fue el momento que eligi\u00f3 Massa para anunciar que De Pedro tendr\u00e1 el importante rol de ser su jefe de campa\u00f1a con las PASO como primer horizonte el 13 de agosto y las generales como norte, el 22 de octubre.<\/p>\n\n\n\n<p>El ministro del Interior hab\u00eda lanzado su precandidatura presidencial y un d\u00eda antes del cierre de listas debi\u00f3 resignarla para dar lugar al acuerdo entre los socios mayoritarios del oficialismo por una lista de consenso encabezada por el l\u00edder del Frente Renovador.<\/p>\n\n\n\n<p>En esa negociaci\u00f3n, se qued\u00f3 con la precandidatura de primer senador nacional por la provincia de Buenos Aires y ahora Massa le dio un lugar central en su armado nacional como jefe de su campa\u00f1a.<\/p>\n","protected":false},"excerpt":{"rendered":"<p>El ministro de Econom&iacute;a y precandidato presidencial de Uni&oacute;n por la Patria, Sergio Massa, design&oacute; al ministro del Interior, Eduardo &ldquo;Wado&rdquo; De Pedro, como su jefe de campa&ntilde;a de cara a las elecciones nacionales. As&iacute; lo hizo frente a los gobernadores peronistas que los recibieron este mi&eacute;rcoles en el Consejo Federal de Inversiones (CFI). &ldquo;El &hellip; <\/p>\n","protected":false},"author":5,"featured_media":5726,"comment_status":"closed","ping_status":"closed","sticky":false,"template":"","format":"standard","meta":{"om_disable_all_campaigns":false,"_joinchat":[]},"categories":[3],"tags":[46,43],"featured_image_urls":{"full":["https:\/\/infotep.com.ar\/wp-content\/uploads\/2023\/06\/wado-pedro-nuevajpg.webp",1200,675,false],"thumbnail":["https:\/\/infotep.com.ar\/wp-content\/uploads\/2023\/06\/wado-pedro-nuevajpg-150x150.webp",150,150,true],"medium":["https:\/\/infotep.com.ar\/wp-content\/uploads\/2023\/06\/wado-pedro-nuevajpg-300x169.webp",300,169,true],"medium_large":["https:\/\/infotep.com.ar\/wp-content\/uploads\/2023\/06\/wado-pedro-nuevajpg-768x432.webp",768,432,true],"large":["https:\/\/infotep.com.ar\/wp-content\/uploads\/2023\/06\/wado-pedro-nuevajpg-1024x576.webp",1020,574,true],"1536x1536":["https:\/\/infotep.com.ar\/wp-content\/uploads\/2023\/06\/wado-pedro-nuevajpg.webp",1200,675,false],"2048x2048":["https:\/\/infotep.com.ar\/wp-content\/uploads\/2023\/06\/wado-pedro-nuevajpg.webp",1200,675,false],"blossom-feminine-slider":["https:\/\/infotep.com.ar\/wp-content\/uploads\/2023\/06\/wado-pedro-nuevajpg-1200x649.webp",1200,649,true],"blossom-feminine-featured":["https:\/\/infotep.com.ar\/wp-content\/uploads\/2023\/06\/wado-pedro-nuevajpg-1200x600.webp",1200,600,true],"blossom-feminine-with-sidebar":["https:\/\/infotep.com.ar\/wp-content\/uploads\/2023\/06\/wado-pedro-nuevajpg-1020x600.webp",1020,600,true],"blossom-feminine-blog":["https:\/\/infotep.com.ar\/wp-content\/uploads\/2023\/06\/wado-pedro-nuevajpg-435x435.webp",435,435,true],"blossom-feminine-cat":["https:\/\/infotep.com.ar\/wp-content\/uploads\/2023\/06\/wado-pedro-nuevajpg-450x300.webp",450,300,true],"blossom-feminine-related":["https:\/\/infotep.com.ar\/wp-content\/uploads\/2023\/06\/wado-pedro-nuevajpg-320x200.webp",320,200,true],"blossom-feminine-schema":["https:\/\/infotep.com.ar\/wp-content\/uploads\/2023\/06\/wado-pedro-nuevajpg-107x60.webp",107,60,true],"blossom-mommy-blog-slider-big":["https:\/\/infotep.com.ar\/wp-content\/uploads\/2023\/06\/wado-pedro-nuevajpg-920x650.webp",920,650,true],"blossom-mommy-blog-slider":["https:\/\/infotep.com.ar\/wp-content\/uploads\/2023\/06\/wado-pedro-nuevajpg-460x310.webp",460,310,true],"blossom-mommy-blog-two":["https:\/\/infotep.com.ar\/wp-content\/uploads\/2023\/06\/wado-pedro-nuevajpg-768x480.webp",768,480,true]},"author_info":{"info":["Angela Tobar"]},"category_info":"<a href=\"https:\/\/infotep.com.ar\/index.php\/category\/nacionales\/\" rel=\"category tag\">Nacionales<\/a>","tag_info":"Nacionales","comment_count":"0","_links":{"self":[{"href":"https:\/\/infotep.com.ar\/index.php\/wp-json\/wp\/v2\/posts\/6019"}],"collection":[{"href":"https:\/\/infotep.com.ar\/index.php\/wp-json\/wp\/v2\/posts"}],"about":[{"href":"https:\/\/infotep.com.ar\/index.php\/wp-json\/wp\/v2\/types\/post"}],"author":[{"embeddable":true,"href":"https:\/\/infotep.com.ar\/index.php\/wp-json\/wp\/v2\/users\/5"}],"replies":[{"embeddable":true,"href":"https:\/\/infotep.com.ar\/index.php\/wp-json\/wp\/v2\/comments?post=6019"}],"version-history":[{"count":1,"href":"https:\/\/infotep.com.ar\/index.php\/wp-json\/wp\/v2\/posts\/6019\/revisions"}],"predecessor-version":[{"id":6020,"href":"https:\/\/infotep.com.ar\/index.php\/wp-json\/wp\/v2\/posts\/6019\/revisions\/6020"}],"wp:featuredmedia":[{"embeddable":true,"href":"https:\/\/infotep.com.ar\/index.php\/wp-json\/wp\/v2\/media\/5726"}],"wp:attachment":[{"href":"https:\/\/infotep.com.ar\/index.php\/wp-json\/wp\/v2\/media?parent=6019"}],"wp:term":[{"taxonomy":"category","embeddable":true,"href":"https:\/\/infotep.com.ar\/index.php\/wp-json\/wp\/v2\/categories?post=6019"},{"taxonomy":"post_tag","embeddable":true,"href":"https:\/\/infotep.com.ar\/index.php\/wp-json\/wp\/v2\/tags?post=6019"}],"curies":[{"name":"wp","href":"https:\/\/api.w.org\/{rel}","templated":true}]}}