{"id":6022,"date":"2023-07-06T14:45:53","date_gmt":"2023-07-06T17:45:53","guid":{"rendered":"https:\/\/infotep.com.ar\/?p=6022"},"modified":"2023-07-06T14:45:54","modified_gmt":"2023-07-06T17:45:54","slug":"trabajadores-de-seguridad-privada-denuncian-que-fueron-reprimidos-por-exigir-paritarias-y-elecciones-en-su-gremio","status":"publish","type":"post","link":"https:\/\/infotep.com.ar\/index.php\/2023\/07\/06\/trabajadores-de-seguridad-privada-denuncian-que-fueron-reprimidos-por-exigir-paritarias-y-elecciones-en-su-gremio\/","title":{"rendered":"Trabajadores de seguridad privada denuncian que fueron reprimidos por exigir paritarias y elecciones en su gremio"},"content":{"rendered":"\n<p>Trabajadores de Seguridad Privada, denunciaron que desde la cartera que dirige M\u00f3nica Risotto y que depende del Ministerio de Trabajo, se \u201cmand\u00f3 a reprimir a un grupo aproximado de 200 trabajadores de seguridad privada que se manifestaban ayer en la sede de Callao al 100, a metros del Congreso de la Naci\u00f3n, en reclamo por paritarias y elecciones en su gremio\u201d.<br><br>Seg\u00fan se inform\u00f3, tras una reuni\u00f3n fallida en el interior del edificio con funcionarios de la dependencia, los representantes de los trabajadores fueron sacados a los empujones en medio de golpes, insultos y amenazas con armas de fuego por parte de los funcionarios p\u00fablicos.<\/p>\n\n\n\n<p><br>Seg\u00fan denunciaron los trabajadores, UPSRA \u201cno se realizan elecciones desde hace 11 a\u00f1os, hay 200.000 trabajadores debajo de la l\u00ednea de la pobreza y sin cobertura de salud gracias a las intervenciones del estado que profundizaron las malversaciones de fondos de gestiones pasadas\u201d.<\/p>\n\n\n\n<p class=\"has-light-green-cyan-background-color has-background\">Sobre los repudiables hechos de represi\u00f3n, la Agrupaci\u00f3n 9 de Julio que dirige el moyanista Christian L\u00f3pez y opositor al oficialismo de \u00c1ngel Garc\u00eda, quien se resiste a convocar elecciones ante la mirada imp\u00e1vida de las autoridades del Ministerio, expres\u00f3 en un comunicado que \u201cparece mentira que una entidad del Gobierno que debe cuidar y proteger a los trabajadores, de como \u00fanica respuesta ante los requerimientos de los compa\u00f1eros, amenazas con armas de fuego, empujones e insultos\u201d declar\u00f3 la agrupaci\u00f3n del dirigente nacional de la seguridad privada quien viene solicitando al Estado la normalizaci\u00f3n de UPSRA.<\/p>\n\n\n\n<p><br>\u201cCon esta actitud del Ministerio de Trabajo confirmamos todas nuestras sospechas: hay funcionarios que tienen grandes intereses por que nuestro gremio no se normalice\u201d, agregaron.<\/p>\n\n\n\n<iframe loading=\"lazy\" width=\"560\" height=\"315\" src=\"https:\/\/www.youtube.com\/embed\/mzi-esAK6xQ\" title=\"YouTube video player\" frameborder=\"0\" allow=\"accelerometer; autoplay; clipboard-write; encrypted-media; gyroscope; picture-in-picture; web-share\" allowfullscreen><\/iframe>\n\n\n\n<p>En este marco anticiparon que se realizar\u00e1n \u201cdenuncias penales y por incumplimiento de funcionario p\u00fablico contra todos los que nos est\u00e1n negando nuestro derecho de votar libremente a nuestros representantes y nos declaramos en estado m\u00e1ximo de alerta y movilizaci\u00f3n, anunciando que procederemos a redoblar las medidas de fuerza en empresas y dependencias del estado responsables por la desidia de m\u00e1s de 200.000 trabajadores de seguridad privada\u201d.<\/p>\n\n\n\n<figure class=\"wp-block-image size-large is-resized\"><img decoding=\"async\" loading=\"lazy\" src=\"https:\/\/infotep.com.ar\/wp-content\/uploads\/2023\/07\/WhatsApp-Image-2023-07-06-at-14.19.08-819x1024.jpeg\" alt=\"\" class=\"wp-image-6023\" width=\"455\" height=\"569\" srcset=\"https:\/\/infotep.com.ar\/wp-content\/uploads\/2023\/07\/WhatsApp-Image-2023-07-06-at-14.19.08-819x1024.jpeg 819w, https:\/\/infotep.com.ar\/wp-content\/uploads\/2023\/07\/WhatsApp-Image-2023-07-06-at-14.19.08-240x300.jpeg 240w, https:\/\/infotep.com.ar\/wp-content\/uploads\/2023\/07\/WhatsApp-Image-2023-07-06-at-14.19.08-768x960.jpeg 768w, https:\/\/infotep.com.ar\/wp-content\/uploads\/2023\/07\/WhatsApp-Image-2023-07-06-at-14.19.08-1229x1536.jpeg 1229w, https:\/\/infotep.com.ar\/wp-content\/uploads\/2023\/07\/WhatsApp-Image-2023-07-06-at-14.19.08-48x60.jpeg 48w, https:\/\/infotep.com.ar\/wp-content\/uploads\/2023\/07\/WhatsApp-Image-2023-07-06-at-14.19.08.jpeg 1280w\" sizes=\"(max-width: 455px) 100vw, 455px\" \/><\/figure>\n","protected":false},"excerpt":{"rendered":"<p>Trabajadores de Seguridad Privada, denunciaron que desde la cartera que dirige M&oacute;nica Risotto y que depende del Ministerio de Trabajo, se &ldquo;mand&oacute; a reprimir a un grupo aproximado de 200 trabajadores de seguridad privada que se manifestaban ayer en la sede de Callao al 100, a metros del Congreso de la Naci&oacute;n, en reclamo por &hellip; <\/p>\n","protected":false},"author":5,"featured_media":6024,"comment_status":"closed","ping_status":"closed","sticky":false,"template":"","format":"standard","meta":{"om_disable_all_campaigns":false,"_joinchat":[]},"categories":[7],"tags":[46,43],"featured_image_urls":{"full":["https:\/\/infotep.com.ar\/wp-content\/uploads\/2023\/07\/WhatsApp-Image-2023-07-06-at-14.45.16.jpeg",973,448,false],"thumbnail":["https:\/\/infotep.com.ar\/wp-content\/uploads\/2023\/07\/WhatsApp-Image-2023-07-06-at-14.45.16-150x150.jpeg",150,150,true],"medium":["https:\/\/infotep.com.ar\/wp-content\/uploads\/2023\/07\/WhatsApp-Image-2023-07-06-at-14.45.16-300x138.jpeg",300,138,true],"medium_large":["https:\/\/infotep.com.ar\/wp-content\/uploads\/2023\/07\/WhatsApp-Image-2023-07-06-at-14.45.16-768x354.jpeg",768,354,true],"large":["https:\/\/infotep.com.ar\/wp-content\/uploads\/2023\/07\/WhatsApp-Image-2023-07-06-at-14.45.16.jpeg",973,448,false],"1536x1536":["https:\/\/infotep.com.ar\/wp-content\/uploads\/2023\/07\/WhatsApp-Image-2023-07-06-at-14.45.16.jpeg",973,448,false],"2048x2048":["https:\/\/infotep.com.ar\/wp-content\/uploads\/2023\/07\/WhatsApp-Image-2023-07-06-at-14.45.16.jpeg",973,448,false],"blossom-feminine-slider":["https:\/\/infotep.com.ar\/wp-content\/uploads\/2023\/07\/WhatsApp-Image-2023-07-06-at-14.45.16.jpeg",973,448,false],"blossom-feminine-featured":["https:\/\/infotep.com.ar\/wp-content\/uploads\/2023\/07\/WhatsApp-Image-2023-07-06-at-14.45.16.jpeg",973,448,false],"blossom-feminine-with-sidebar":["https:\/\/infotep.com.ar\/wp-content\/uploads\/2023\/07\/WhatsApp-Image-2023-07-06-at-14.45.16.jpeg",973,448,false],"blossom-feminine-blog":["https:\/\/infotep.com.ar\/wp-content\/uploads\/2023\/07\/WhatsApp-Image-2023-07-06-at-14.45.16-435x435.jpeg",435,435,true],"blossom-feminine-cat":["https:\/\/infotep.com.ar\/wp-content\/uploads\/2023\/07\/WhatsApp-Image-2023-07-06-at-14.45.16-450x300.jpeg",450,300,true],"blossom-feminine-related":["https:\/\/infotep.com.ar\/wp-content\/uploads\/2023\/07\/WhatsApp-Image-2023-07-06-at-14.45.16-320x200.jpeg",320,200,true],"blossom-feminine-schema":["https:\/\/infotep.com.ar\/wp-content\/uploads\/2023\/07\/WhatsApp-Image-2023-07-06-at-14.45.16-130x60.jpeg",130,60,true],"blossom-mommy-blog-slider-big":["https:\/\/infotep.com.ar\/wp-content\/uploads\/2023\/07\/WhatsApp-Image-2023-07-06-at-14.45.16-920x448.jpeg",920,448,true],"blossom-mommy-blog-slider":["https:\/\/infotep.com.ar\/wp-content\/uploads\/2023\/07\/WhatsApp-Image-2023-07-06-at-14.45.16-460x310.jpeg",460,310,true],"blossom-mommy-blog-two":["https:\/\/infotep.com.ar\/wp-content\/uploads\/2023\/07\/WhatsApp-Image-2023-07-06-at-14.45.16-768x448.jpeg",768,448,true]},"author_info":{"info":["Angela Tobar"]},"category_info":"<a href=\"https:\/\/infotep.com.ar\/index.php\/category\/gremios\/\" rel=\"category tag\">Gremios<\/a>","tag_info":"Gremios","comment_count":"0","_links":{"self":[{"href":"https:\/\/infotep.com.ar\/index.php\/wp-json\/wp\/v2\/posts\/6022"}],"collection":[{"href":"https:\/\/infotep.com.ar\/index.php\/wp-json\/wp\/v2\/posts"}],"about":[{"href":"https:\/\/infotep.com.ar\/index.php\/wp-json\/wp\/v2\/types\/post"}],"author":[{"embeddable":true,"href":"https:\/\/infotep.com.ar\/index.php\/wp-json\/wp\/v2\/users\/5"}],"replies":[{"embeddable":true,"href":"https:\/\/infotep.com.ar\/index.php\/wp-json\/wp\/v2\/comments?post=6022"}],"version-history":[{"count":1,"href":"https:\/\/infotep.com.ar\/index.php\/wp-json\/wp\/v2\/posts\/6022\/revisions"}],"predecessor-version":[{"id":6025,"href":"https:\/\/infotep.com.ar\/index.php\/wp-json\/wp\/v2\/posts\/6022\/revisions\/6025"}],"wp:featuredmedia":[{"embeddable":true,"href":"https:\/\/infotep.com.ar\/index.php\/wp-json\/wp\/v2\/media\/6024"}],"wp:attachment":[{"href":"https:\/\/infotep.com.ar\/index.php\/wp-json\/wp\/v2\/media?parent=6022"}],"wp:term":[{"taxonomy":"category","embeddable":true,"href":"https:\/\/infotep.com.ar\/index.php\/wp-json\/wp\/v2\/categories?post=6022"},{"taxonomy":"post_tag","embeddable":true,"href":"https:\/\/infotep.com.ar\/index.php\/wp-json\/wp\/v2\/tags?post=6022"}],"curies":[{"name":"wp","href":"https:\/\/api.w.org\/{rel}","templated":true}]}}