{"id":6043,"date":"2023-07-07T01:56:00","date_gmt":"2023-07-07T04:56:00","guid":{"rendered":"https:\/\/infotep.com.ar\/?p=6043"},"modified":"2023-07-09T23:35:26","modified_gmt":"2023-07-10T02:35:26","slug":"moron-presento-las-propuestas-para-las-vacaciones-de-invierno","status":"publish","type":"post","link":"https:\/\/infotep.com.ar\/index.php\/2023\/07\/07\/moron-presento-las-propuestas-para-las-vacaciones-de-invierno\/","title":{"rendered":"Mor\u00f3n present\u00f3 las propuestas para las vacaciones de invierno"},"content":{"rendered":"\n<p>El Municipio de Mor\u00f3n inform\u00f3 que organiza diversas actividades gratuitas para que los chicos y chicas disfruten del receso escolar en familia. Como parte de las actividades culturales el Municipio inaugurar\u00e1 la muestra y el espacio cultural que funcionar\u00e1 en la recuperada casa natal de Mar\u00eda Elena Walsh.<\/p>\n\n\n\n<p class=\"has-light-green-cyan-background-color has-background\">Desde el lunes 17 de julio hasta el domingo 30 habr\u00e1 espect\u00e1culos en el Teatro Municipal, funciones diarias de cine, jornadas recreativas y shows. Tambi\u00e9n habr\u00e1 actividades en la Biblioteca Municipal, el Museo y el Espacio Paracone.<\/p>\n\n\n\n<p><strong>Adem\u00e1s, el Gobierno que encabeza Lucas Ghi inaugurar\u00e1 el pr\u00f3ximo 17 de julio la Casa Museo Mar\u00eda Elena Walsh creada en la casa natal de la cantautora, ubicada en la calle Tres de Febrero al 500, de la localidad de Villa Sarmiento. <\/strong>La adquisici\u00f3n estatal de la residencia tiene como fin recuperar la propiedad de gran valor hist\u00f3rico, para transformarla en un espacio de producci\u00f3n cultural abierto a los vecinos y vecinas. Habr\u00e1 diferentes propuestas para toda la comunidad de la regi\u00f3n.<\/p>\n\n\n\n<p>En tanto, durante las dos semanas de vacaciones, el Teatro Municipal Gregorio de Laferrere (Brown y San Mart\u00edn, Mor\u00f3n) contar\u00e1 con una programaci\u00f3n especial de espect\u00e1culos infantiles a las 14 y 16. Adem\u00e1s, habr\u00e1 funciones de cine para toda la familia a partir de las 18.<\/p>\n\n\n\n<p>Tambi\u00e9n se podr\u00e1n realizar recorridas por el Espacio de Memoria Mansi\u00f3n Ser\u00e9, que ofrece un recorrido por la historia reciente de nuestro pa\u00eds, y el Espacio por la Memoria de los Pueblos Originarios. Las mismas se llevar\u00e1n a cabo en el Predio Quinta Ser\u00e9 (Santa Mar\u00eda de Oro 3530, Castelar), de lunes a viernes a las 11 ya las 14.<\/p>\n\n\n\n<p>Otra de las propuestas son las recorridas a las Reservas Urbanas de Castelar (Prudan y Arena) y El Palomar (Corval\u00e1n y Derqui). Se trata de visitas guiadas y actividades de mi\u00e9rcoles a viernes a las 15 para vivir una experiencia ambiental al aire libre y en conexi\u00f3n con la naturaleza.<\/p>\n\n\n\n<p>Por otra parte, tambi\u00e9n habr\u00e1 una propuesta recreativa en todos los barrios con distintos juegos y actividades a cargo de profesores de la Direcci\u00f3n de Deporte y Recreaci\u00f3n. Estas actividades est\u00e1n programadas en espacios al aire libre y, en caso de lluvia, se realizar\u00e1n en otra ubicaci\u00f3n alternativa para no suspender la agenda.<\/p>\n\n\n\n<p>Para consultar toda la agenda de actividades se puede ingresar a la p\u00e1gina web del Municipio por medio de <a href=\"http:\/\/www.moron.gob.ar\/vacaciones-de-invierno-2023\/\" target=\"_blank\" rel=\"noreferrer noopener\">este enlace .<\/a><\/p>\n","protected":false},"excerpt":{"rendered":"<p>El Municipio de Mor&oacute;n inform&oacute; que organiza diversas actividades gratuitas para que los chicos y chicas disfruten del receso escolar en familia. Como parte de las actividades culturales el Municipio inaugurar&aacute; la muestra y el espacio cultural que funcionar&aacute; en la recuperada casa natal de Mar&iacute;a Elena Walsh. Desde el lunes 17 de julio hasta &hellip; <\/p>\n","protected":false},"author":5,"featured_media":6045,"comment_status":"closed","ping_status":"closed","sticky":false,"template":"","format":"standard","meta":{"om_disable_all_campaigns":false,"_joinchat":[]},"categories":[31,9],"tags":[46,56,53,43],"featured_image_urls":{"full":["https:\/\/infotep.com.ar\/wp-content\/uploads\/2023\/07\/moron-colonia-vacaciones-invierno.jpg",740,470,false],"thumbnail":["https:\/\/infotep.com.ar\/wp-content\/uploads\/2023\/07\/moron-colonia-vacaciones-invierno-150x150.jpg",150,150,true],"medium":["https:\/\/infotep.com.ar\/wp-content\/uploads\/2023\/07\/moron-colonia-vacaciones-invierno-300x191.jpg",300,191,true],"medium_large":["https:\/\/infotep.com.ar\/wp-content\/uploads\/2023\/07\/moron-colonia-vacaciones-invierno.jpg",740,470,false],"large":["https:\/\/infotep.com.ar\/wp-content\/uploads\/2023\/07\/moron-colonia-vacaciones-invierno.jpg",740,470,false],"1536x1536":["https:\/\/infotep.com.ar\/wp-content\/uploads\/2023\/07\/moron-colonia-vacaciones-invierno.jpg",740,470,false],"2048x2048":["https:\/\/infotep.com.ar\/wp-content\/uploads\/2023\/07\/moron-colonia-vacaciones-invierno.jpg",740,470,false],"blossom-feminine-slider":["https:\/\/infotep.com.ar\/wp-content\/uploads\/2023\/07\/moron-colonia-vacaciones-invierno.jpg",740,470,false],"blossom-feminine-featured":["https:\/\/infotep.com.ar\/wp-content\/uploads\/2023\/07\/moron-colonia-vacaciones-invierno.jpg",740,470,false],"blossom-feminine-with-sidebar":["https:\/\/infotep.com.ar\/wp-content\/uploads\/2023\/07\/moron-colonia-vacaciones-invierno.jpg",740,470,false],"blossom-feminine-blog":["https:\/\/infotep.com.ar\/wp-content\/uploads\/2023\/07\/moron-colonia-vacaciones-invierno-435x435.jpg",435,435,true],"blossom-feminine-cat":["https:\/\/infotep.com.ar\/wp-content\/uploads\/2023\/07\/moron-colonia-vacaciones-invierno-450x300.jpg",450,300,true],"blossom-feminine-related":["https:\/\/infotep.com.ar\/wp-content\/uploads\/2023\/07\/moron-colonia-vacaciones-invierno-320x200.jpg",320,200,true],"blossom-feminine-schema":["https:\/\/infotep.com.ar\/wp-content\/uploads\/2023\/07\/moron-colonia-vacaciones-invierno-94x60.jpg",94,60,true],"blossom-mommy-blog-slider-big":["https:\/\/infotep.com.ar\/wp-content\/uploads\/2023\/07\/moron-colonia-vacaciones-invierno.jpg",740,470,false],"blossom-mommy-blog-slider":["https:\/\/infotep.com.ar\/wp-content\/uploads\/2023\/07\/moron-colonia-vacaciones-invierno-460x310.jpg",460,310,true],"blossom-mommy-blog-two":["https:\/\/infotep.com.ar\/wp-content\/uploads\/2023\/07\/moron-colonia-vacaciones-invierno.jpg",740,470,false]},"author_info":{"info":["Angela Tobar"]},"category_info":"<a href=\"https:\/\/infotep.com.ar\/index.php\/category\/destacadas\/\" rel=\"category tag\">Destacadas<\/a> <a href=\"https:\/\/infotep.com.ar\/index.php\/category\/municipales\/moron\/\" rel=\"category tag\">Mor\u00f3n<\/a>","tag_info":"Mor\u00f3n","comment_count":"0","_links":{"self":[{"href":"https:\/\/infotep.com.ar\/index.php\/wp-json\/wp\/v2\/posts\/6043"}],"collection":[{"href":"https:\/\/infotep.com.ar\/index.php\/wp-json\/wp\/v2\/posts"}],"about":[{"href":"https:\/\/infotep.com.ar\/index.php\/wp-json\/wp\/v2\/types\/post"}],"author":[{"embeddable":true,"href":"https:\/\/infotep.com.ar\/index.php\/wp-json\/wp\/v2\/users\/5"}],"replies":[{"embeddable":true,"href":"https:\/\/infotep.com.ar\/index.php\/wp-json\/wp\/v2\/comments?post=6043"}],"version-history":[{"count":1,"href":"https:\/\/infotep.com.ar\/index.php\/wp-json\/wp\/v2\/posts\/6043\/revisions"}],"predecessor-version":[{"id":6046,"href":"https:\/\/infotep.com.ar\/index.php\/wp-json\/wp\/v2\/posts\/6043\/revisions\/6046"}],"wp:featuredmedia":[{"embeddable":true,"href":"https:\/\/infotep.com.ar\/index.php\/wp-json\/wp\/v2\/media\/6045"}],"wp:attachment":[{"href":"https:\/\/infotep.com.ar\/index.php\/wp-json\/wp\/v2\/media?parent=6043"}],"wp:term":[{"taxonomy":"category","embeddable":true,"href":"https:\/\/infotep.com.ar\/index.php\/wp-json\/wp\/v2\/categories?post=6043"},{"taxonomy":"post_tag","embeddable":true,"href":"https:\/\/infotep.com.ar\/index.php\/wp-json\/wp\/v2\/tags?post=6043"}],"curies":[{"name":"wp","href":"https:\/\/api.w.org\/{rel}","templated":true}]}}