{"id":6055,"date":"2023-07-07T02:41:00","date_gmt":"2023-07-07T05:41:00","guid":{"rendered":"https:\/\/infotep.com.ar\/?p=6055"},"modified":"2023-07-07T14:43:59","modified_gmt":"2023-07-07T17:43:59","slug":"la-ucr-pedira-que-jorge-macri-saque-de-su-lista-a-rinaldi-por-homofobico","status":"publish","type":"post","link":"https:\/\/infotep.com.ar\/index.php\/2023\/07\/07\/la-ucr-pedira-que-jorge-macri-saque-de-su-lista-a-rinaldi-por-homofobico\/","title":{"rendered":"La UCR pedir\u00e1 que Jorge Macri saque de su lista a Rinaldi por &#8220;homof\u00f3bico&#8221;"},"content":{"rendered":"\n<p>La presidenta de la UCR porte\u00f1a, Mariela Coletta, har\u00e1 el reclamo ante la Junta Electoral de Juntos por el Cambio.<br>El radicalismo pedir\u00e1 a la Junta Electoral de Juntos por el Cambio de la Ciudad que el postulante a jefe de Gobierno Jorge Macri elimine de su lista al primer precandidato a legislador porte\u00f1o, Franco Rinaldi, por &#8220;homofobia y discriminaci\u00f3n&#8221;.<\/p>\n\n\n\n<p>El pedido ser\u00e1 realizado este viernes por la titular de la Uni\u00f3n C\u00edvica Radical de CABA, Mariela Coletta, luego de que circularan por las redes sociales videos de Rinaldi en donde tiene expresiones discriminatorias y en contra la comunidad gay.<\/p>\n\n\n\n<p>Se trata de un compilado de distintos momentos de sus transmisiones en vivo en Twitter de los \u00faltimos tiempos.<\/p>\n\n\n\n<p>\u201c\u00bfO los matamos a los morochos o dejamos que hagan lo que quieran?\u201d, es una de las frases, a lo que se suman otras declaraciones sobre la Villa 31?: \u201cEs un problema complicado. Lanzallamas\u201d.<\/p>\n\n\n\n<p>&#8220;Ma\u00f1ana voy a presentar ante la Junta electoral de Juntos por el Cambio un pedido para que la lista encabezada por Jorge Macri le pida la renuncia a Franco Rinaldi como su precandidato&#8221;, resalt\u00f3 Coletta.<\/p>\n","protected":false},"excerpt":{"rendered":"<p>La presidenta de la UCR porte&ntilde;a, Mariela Coletta, har&aacute; el reclamo ante la Junta Electoral de Juntos por el Cambio.El radicalismo pedir&aacute; a la Junta Electoral de Juntos por el Cambio de la Ciudad que el postulante a jefe de Gobierno Jorge Macri elimine de su lista al primer precandidato a legislador porte&ntilde;o, Franco Rinaldi, &hellip; <\/p>\n","protected":false},"author":5,"featured_media":6056,"comment_status":"closed","ping_status":"closed","sticky":false,"template":"","format":"standard","meta":{"om_disable_all_campaigns":false,"_joinchat":[]},"categories":[3],"tags":[46,43],"featured_image_urls":{"full":["https:\/\/infotep.com.ar\/wp-content\/uploads\/2023\/07\/1688697652936.webp",400,267,false],"thumbnail":["https:\/\/infotep.com.ar\/wp-content\/uploads\/2023\/07\/1688697652936-150x150.webp",150,150,true],"medium":["https:\/\/infotep.com.ar\/wp-content\/uploads\/2023\/07\/1688697652936-300x200.webp",300,200,true],"medium_large":["https:\/\/infotep.com.ar\/wp-content\/uploads\/2023\/07\/1688697652936.webp",400,267,false],"large":["https:\/\/infotep.com.ar\/wp-content\/uploads\/2023\/07\/1688697652936.webp",400,267,false],"1536x1536":["https:\/\/infotep.com.ar\/wp-content\/uploads\/2023\/07\/1688697652936.webp",400,267,false],"2048x2048":["https:\/\/infotep.com.ar\/wp-content\/uploads\/2023\/07\/1688697652936.webp",400,267,false],"blossom-feminine-slider":["https:\/\/infotep.com.ar\/wp-content\/uploads\/2023\/07\/1688697652936.webp",400,267,false],"blossom-feminine-featured":["https:\/\/infotep.com.ar\/wp-content\/uploads\/2023\/07\/1688697652936.webp",400,267,false],"blossom-feminine-with-sidebar":["https:\/\/infotep.com.ar\/wp-content\/uploads\/2023\/07\/1688697652936.webp",400,267,false],"blossom-feminine-blog":["https:\/\/infotep.com.ar\/wp-content\/uploads\/2023\/07\/1688697652936.webp",400,267,false],"blossom-feminine-cat":["https:\/\/infotep.com.ar\/wp-content\/uploads\/2023\/07\/1688697652936.webp",400,267,false],"blossom-feminine-related":["https:\/\/infotep.com.ar\/wp-content\/uploads\/2023\/07\/1688697652936-320x200.webp",320,200,true],"blossom-feminine-schema":["https:\/\/infotep.com.ar\/wp-content\/uploads\/2023\/07\/1688697652936-90x60.webp",90,60,true],"blossom-mommy-blog-slider-big":["https:\/\/infotep.com.ar\/wp-content\/uploads\/2023\/07\/1688697652936.webp",400,267,false],"blossom-mommy-blog-slider":["https:\/\/infotep.com.ar\/wp-content\/uploads\/2023\/07\/1688697652936.webp",400,267,false],"blossom-mommy-blog-two":["https:\/\/infotep.com.ar\/wp-content\/uploads\/2023\/07\/1688697652936.webp",400,267,false]},"author_info":{"info":["Angela Tobar"]},"category_info":"<a href=\"https:\/\/infotep.com.ar\/index.php\/category\/nacionales\/\" rel=\"category tag\">Nacionales<\/a>","tag_info":"Nacionales","comment_count":"0","_links":{"self":[{"href":"https:\/\/infotep.com.ar\/index.php\/wp-json\/wp\/v2\/posts\/6055"}],"collection":[{"href":"https:\/\/infotep.com.ar\/index.php\/wp-json\/wp\/v2\/posts"}],"about":[{"href":"https:\/\/infotep.com.ar\/index.php\/wp-json\/wp\/v2\/types\/post"}],"author":[{"embeddable":true,"href":"https:\/\/infotep.com.ar\/index.php\/wp-json\/wp\/v2\/users\/5"}],"replies":[{"embeddable":true,"href":"https:\/\/infotep.com.ar\/index.php\/wp-json\/wp\/v2\/comments?post=6055"}],"version-history":[{"count":1,"href":"https:\/\/infotep.com.ar\/index.php\/wp-json\/wp\/v2\/posts\/6055\/revisions"}],"predecessor-version":[{"id":6057,"href":"https:\/\/infotep.com.ar\/index.php\/wp-json\/wp\/v2\/posts\/6055\/revisions\/6057"}],"wp:featuredmedia":[{"embeddable":true,"href":"https:\/\/infotep.com.ar\/index.php\/wp-json\/wp\/v2\/media\/6056"}],"wp:attachment":[{"href":"https:\/\/infotep.com.ar\/index.php\/wp-json\/wp\/v2\/media?parent=6055"}],"wp:term":[{"taxonomy":"category","embeddable":true,"href":"https:\/\/infotep.com.ar\/index.php\/wp-json\/wp\/v2\/categories?post=6055"},{"taxonomy":"post_tag","embeddable":true,"href":"https:\/\/infotep.com.ar\/index.php\/wp-json\/wp\/v2\/tags?post=6055"}],"curies":[{"name":"wp","href":"https:\/\/api.w.org\/{rel}","templated":true}]}}