{"id":6586,"date":"2023-08-08T20:11:53","date_gmt":"2023-08-08T23:11:53","guid":{"rendered":"https:\/\/infotep.com.ar\/?p=6586"},"modified":"2023-08-09T15:58:33","modified_gmt":"2023-08-09T18:58:33","slug":"la-matanza-destaca-que-se-consolida-como-la-capital-nacional-de-la-produccion-y-el-trabajo","status":"publish","type":"post","link":"https:\/\/infotep.com.ar\/index.php\/2023\/08\/08\/la-matanza-destaca-que-se-consolida-como-la-capital-nacional-de-la-produccion-y-el-trabajo\/","title":{"rendered":"La Matanza destaca que se &#8220;consolida como la Capital Nacional de la Producci\u00f3n y el Trabajo&#8221;"},"content":{"rendered":"\n<p>La creciente inversi\u00f3n, el aumento de exportaciones y el incremento de la actividad industrial, en el distrito motor de la industria bonaerense, se vieron reflejados en los \u00faltimos resultados del Relevamiento de Actividad y Empleo Industrial que desarrolla el Observatorio de Ventas, Producci\u00f3n y Empleo de La Matanza. El sondeo es una iniciativa del intendente y presidente de la Federaci\u00f3n Argentina de Municipios (FAM) Fernando Espinoza, con el objetivo de conocer el nivel de actividad industrial , el empleo y las perspectivas a futuro.<\/p>\n\n\n\n<p>Seg\u00fan se difundi\u00f3 los datos arrojados por el Relevamiento de Actividad y Empleo Industrial de La Matanza, este segundo trimestre de 2023, &#8220;la Capital Nacional de la Producci\u00f3n y el Trabajo sigue consolid\u00e1ndose dado el crecimiento la actividad industrial y el empleo, a la vez que se fortalece el perfil exportador de las industrias locales, y las expectativas de inversi\u00f3n en los pr\u00f3ximos meses y el a\u00f1o 2024 siguen en progreso&#8221;. <\/p>\n\n\n\n<p>El relevamiento realizado por el Observatorio de Ventas, Producci\u00f3n y Empleo de La Matanza sostiene que el 73% de las empresas aument\u00f3 su actividad o la mantuvo, respecto al segundo trimestre del 2022. A su vez, un 52% de las industrias prev\u00e9 invertir en los pr\u00f3ximos meses, un 45% ya realiz\u00f3 inversiones en lo que va del a\u00f1o, lo que denota un mantenimiento de la actividad sobre un buen nivel de la misma. Cabe destacar que el 98% de los empresarios que realizaron inversiones sostuvieron o aumentaron su personal de planta.<\/p>\n\n\n\n<p class=\"has-light-green-cyan-background-color has-background\">En lo que se refiere al empleo, adem\u00e1s, un 20% declar\u00f3 que aumentar\u00e1 su personal para poder llevar adelante sus proyectos productivos. La situaci\u00f3n econ\u00f3mica de las empresas tambi\u00e9n mejor\u00f3 en un 53%, mientras que las perspectivas de mejora para el resto del a\u00f1o y el 2024 alcanzan un 65%, reflejando una evoluci\u00f3n que sustenta expectativas positivas entre las industrias de La Matanza.<\/p>\n\n\n\n<p>Con respecto a las exportaciones, un 15% de las empresas indic\u00f3 que vende sus productos al exterior fortaleciendo as\u00ed un perfil exportador en ascenso durante el \u00faltimo a\u00f1o. Este dato cobra relevancia ya que el Municipio lleva adelante varias misiones comerciales por a\u00f1o a Sao Paulo, Brasil, junto a empresas de diferentes sectores del distrito. Cabe mencionar que, en el 2\u00b0 trimestre de 2022, 13% de las industrias realizaba exportaciones, lo que evidencia el crecimiento de la relaci\u00f3n entre La Matanza y el mundo.<\/p>\n\n\n\n<p>Al recibir los resultados, <strong>el intendente Fernando Espinoza, expres\u00f3: <\/strong>\u201cDesde el Gobierno local llevamos adelante diversas pol\u00edticas para acompa\u00f1ar el desarrollo y crecimiento de nuestras empresas y PyMEs, por eso somos la Capital Nacional de la Producci\u00f3n y el Trabajo. Estos resultados dan cuenta del fuerte impulso que eso genera a nuestras industrias tanto para su expansi\u00f3n al mundo, como para su fortalecimiento en el distrito\u201d, y agreg\u00f3: \u201cDe esta manera, crece la producci\u00f3n de las industrias matanceras, y como consecuencia, crecen nuestras empresas, crecen nuestros trabajadores y trabajadoras, crece la provincia de Buenos Aires y crece el pa\u00eds\u201d.<\/p>\n\n\n\n<p>Por su parte, al ser consultada sobre los datos arrojados por el relevamiento,<strong> la secretaria de Producci\u00f3n de La Matanza, D\u00e9bora Giorgi destac\u00f3:<\/strong> \u201cLas buenas expectativas empresarias hacia mediados del 2023 respecto a nivel de actividad, a inversiones y a empleo nos impulsan a seguir acompa\u00f1ando a las pymes del distrito con pol\u00edticas activas que acerquen la oferta de cr\u00e9ditos bancarios y garant\u00edas (FOGABA) para aumentar la participaci\u00f3n del sistema financiero en el apalancamiento de las inversiones, al tiempo que continuaremos adaptando la oferta curricular de los Centro de Formaci\u00f3n Laboral a los perfiles laborales actualmente demandados; y la innovaci\u00f3n tecnol\u00f3gica para PyMEs estar\u00e1 disponible en nuestro Polo Tecnol\u00f3gico de Ciudad Evita\u201d.<\/p>\n\n\n\n<figure class=\"is-layout-flex wp-block-gallery-1 wp-block-gallery has-nested-images columns-default is-cropped\">\n<figure class=\"wp-block-image size-large\"><img decoding=\"async\" loading=\"lazy\" width=\"1024\" height=\"1024\" data-id=\"6588\"  src=\"https:\/\/infotep.com.ar\/wp-content\/uploads\/2023\/08\/IMG-20230808-WA0013-1024x1024.jpg\" alt=\"\" class=\"wp-image-6588\" srcset=\"https:\/\/infotep.com.ar\/wp-content\/uploads\/2023\/08\/IMG-20230808-WA0013-1024x1024.jpg 1024w, https:\/\/infotep.com.ar\/wp-content\/uploads\/2023\/08\/IMG-20230808-WA0013-300x300.jpg 300w, https:\/\/infotep.com.ar\/wp-content\/uploads\/2023\/08\/IMG-20230808-WA0013-150x150.jpg 150w, https:\/\/infotep.com.ar\/wp-content\/uploads\/2023\/08\/IMG-20230808-WA0013-768x768.jpg 768w, https:\/\/infotep.com.ar\/wp-content\/uploads\/2023\/08\/IMG-20230808-WA0013-435x435.jpg 435w, https:\/\/infotep.com.ar\/wp-content\/uploads\/2023\/08\/IMG-20230808-WA0013-60x60.jpg 60w, https:\/\/infotep.com.ar\/wp-content\/uploads\/2023\/08\/IMG-20230808-WA0013.jpg 1080w\" sizes=\"(max-width: 1024px) 100vw, 1024px\" \/><\/figure>\n\n\n\n<figure class=\"wp-block-image size-large\"><img decoding=\"async\" loading=\"lazy\" width=\"1024\" height=\"1024\" data-id=\"6589\"  src=\"https:\/\/infotep.com.ar\/wp-content\/uploads\/2023\/08\/IMG-20230808-WA0011-1024x1024.jpg\" alt=\"\" class=\"wp-image-6589\" srcset=\"https:\/\/infotep.com.ar\/wp-content\/uploads\/2023\/08\/IMG-20230808-WA0011-1024x1024.jpg 1024w, https:\/\/infotep.com.ar\/wp-content\/uploads\/2023\/08\/IMG-20230808-WA0011-300x300.jpg 300w, https:\/\/infotep.com.ar\/wp-content\/uploads\/2023\/08\/IMG-20230808-WA0011-150x150.jpg 150w, https:\/\/infotep.com.ar\/wp-content\/uploads\/2023\/08\/IMG-20230808-WA0011-768x768.jpg 768w, https:\/\/infotep.com.ar\/wp-content\/uploads\/2023\/08\/IMG-20230808-WA0011-435x435.jpg 435w, https:\/\/infotep.com.ar\/wp-content\/uploads\/2023\/08\/IMG-20230808-WA0011-60x60.jpg 60w, https:\/\/infotep.com.ar\/wp-content\/uploads\/2023\/08\/IMG-20230808-WA0011.jpg 1080w\" sizes=\"(max-width: 1024px) 100vw, 1024px\" \/><\/figure>\n\n\n\n<figure class=\"wp-block-image size-large\"><img decoding=\"async\" loading=\"lazy\" width=\"1024\" height=\"1024\" data-id=\"6590\"  src=\"https:\/\/infotep.com.ar\/wp-content\/uploads\/2023\/08\/IMG-20230808-WA0010-1024x1024.jpg\" alt=\"\" class=\"wp-image-6590\" srcset=\"https:\/\/infotep.com.ar\/wp-content\/uploads\/2023\/08\/IMG-20230808-WA0010-1024x1024.jpg 1024w, https:\/\/infotep.com.ar\/wp-content\/uploads\/2023\/08\/IMG-20230808-WA0010-300x300.jpg 300w, https:\/\/infotep.com.ar\/wp-content\/uploads\/2023\/08\/IMG-20230808-WA0010-150x150.jpg 150w, https:\/\/infotep.com.ar\/wp-content\/uploads\/2023\/08\/IMG-20230808-WA0010-768x768.jpg 768w, https:\/\/infotep.com.ar\/wp-content\/uploads\/2023\/08\/IMG-20230808-WA0010-435x435.jpg 435w, https:\/\/infotep.com.ar\/wp-content\/uploads\/2023\/08\/IMG-20230808-WA0010-60x60.jpg 60w, https:\/\/infotep.com.ar\/wp-content\/uploads\/2023\/08\/IMG-20230808-WA0010.jpg 1080w\" sizes=\"(max-width: 1024px) 100vw, 1024px\" \/><\/figure>\n<\/figure>\n","protected":false},"excerpt":{"rendered":"<p>La creciente inversi&oacute;n, el aumento de exportaciones y el incremento de la actividad industrial, en el distrito motor de la industria bonaerense, se vieron reflejados en los &uacute;ltimos resultados del Relevamiento de Actividad y Empleo Industrial que desarrolla el Observatorio de Ventas, Producci&oacute;n y Empleo de La Matanza. El sondeo es una iniciativa del intendente &hellip; <\/p>\n","protected":false},"author":5,"featured_media":6587,"comment_status":"closed","ping_status":"closed","sticky":false,"template":"","format":"standard","meta":{"om_disable_all_campaigns":false,"_joinchat":[]},"categories":[26],"tags":[46,59,43],"featured_image_urls":{"full":["https:\/\/infotep.com.ar\/wp-content\/uploads\/2023\/08\/IMG-20230808-WA0014.jpg",1260,840,false],"thumbnail":["https:\/\/infotep.com.ar\/wp-content\/uploads\/2023\/08\/IMG-20230808-WA0014-150x150.jpg",150,150,true],"medium":["https:\/\/infotep.com.ar\/wp-content\/uploads\/2023\/08\/IMG-20230808-WA0014-300x200.jpg",300,200,true],"medium_large":["https:\/\/infotep.com.ar\/wp-content\/uploads\/2023\/08\/IMG-20230808-WA0014-768x512.jpg",768,512,true],"large":["https:\/\/infotep.com.ar\/wp-content\/uploads\/2023\/08\/IMG-20230808-WA0014-1024x683.jpg",1020,680,true],"1536x1536":["https:\/\/infotep.com.ar\/wp-content\/uploads\/2023\/08\/IMG-20230808-WA0014.jpg",1260,840,false],"2048x2048":["https:\/\/infotep.com.ar\/wp-content\/uploads\/2023\/08\/IMG-20230808-WA0014.jpg",1260,840,false],"blossom-feminine-slider":["https:\/\/infotep.com.ar\/wp-content\/uploads\/2023\/08\/IMG-20230808-WA0014-1260x649.jpg",1260,649,true],"blossom-feminine-featured":["https:\/\/infotep.com.ar\/wp-content\/uploads\/2023\/08\/IMG-20230808-WA0014-1260x600.jpg",1260,600,true],"blossom-feminine-with-sidebar":["https:\/\/infotep.com.ar\/wp-content\/uploads\/2023\/08\/IMG-20230808-WA0014-1020x600.jpg",1020,600,true],"blossom-feminine-blog":["https:\/\/infotep.com.ar\/wp-content\/uploads\/2023\/08\/IMG-20230808-WA0014-435x435.jpg",435,435,true],"blossom-feminine-cat":["https:\/\/infotep.com.ar\/wp-content\/uploads\/2023\/08\/IMG-20230808-WA0014-450x300.jpg",450,300,true],"blossom-feminine-related":["https:\/\/infotep.com.ar\/wp-content\/uploads\/2023\/08\/IMG-20230808-WA0014-320x200.jpg",320,200,true],"blossom-feminine-schema":["https:\/\/infotep.com.ar\/wp-content\/uploads\/2023\/08\/IMG-20230808-WA0014-90x60.jpg",90,60,true],"blossom-mommy-blog-slider-big":["https:\/\/infotep.com.ar\/wp-content\/uploads\/2023\/08\/IMG-20230808-WA0014-920x650.jpg",920,650,true],"blossom-mommy-blog-slider":["https:\/\/infotep.com.ar\/wp-content\/uploads\/2023\/08\/IMG-20230808-WA0014-460x310.jpg",460,310,true],"blossom-mommy-blog-two":["https:\/\/infotep.com.ar\/wp-content\/uploads\/2023\/08\/IMG-20230808-WA0014-768x480.jpg",768,480,true]},"author_info":{"info":["Angela Tobar"]},"category_info":"<a href=\"https:\/\/infotep.com.ar\/index.php\/category\/municipales\/la-matanza\/\" rel=\"category tag\">La Matanza<\/a>","tag_info":"La Matanza","comment_count":"0","_links":{"self":[{"href":"https:\/\/infotep.com.ar\/index.php\/wp-json\/wp\/v2\/posts\/6586"}],"collection":[{"href":"https:\/\/infotep.com.ar\/index.php\/wp-json\/wp\/v2\/posts"}],"about":[{"href":"https:\/\/infotep.com.ar\/index.php\/wp-json\/wp\/v2\/types\/post"}],"author":[{"embeddable":true,"href":"https:\/\/infotep.com.ar\/index.php\/wp-json\/wp\/v2\/users\/5"}],"replies":[{"embeddable":true,"href":"https:\/\/infotep.com.ar\/index.php\/wp-json\/wp\/v2\/comments?post=6586"}],"version-history":[{"count":1,"href":"https:\/\/infotep.com.ar\/index.php\/wp-json\/wp\/v2\/posts\/6586\/revisions"}],"predecessor-version":[{"id":6591,"href":"https:\/\/infotep.com.ar\/index.php\/wp-json\/wp\/v2\/posts\/6586\/revisions\/6591"}],"wp:featuredmedia":[{"embeddable":true,"href":"https:\/\/infotep.com.ar\/index.php\/wp-json\/wp\/v2\/media\/6587"}],"wp:attachment":[{"href":"https:\/\/infotep.com.ar\/index.php\/wp-json\/wp\/v2\/media?parent=6586"}],"wp:term":[{"taxonomy":"category","embeddable":true,"href":"https:\/\/infotep.com.ar\/index.php\/wp-json\/wp\/v2\/categories?post=6586"},{"taxonomy":"post_tag","embeddable":true,"href":"https:\/\/infotep.com.ar\/index.php\/wp-json\/wp\/v2\/tags?post=6586"}],"curies":[{"name":"wp","href":"https:\/\/api.w.org\/{rel}","templated":true}]}}