{"id":6725,"date":"2023-08-13T23:07:24","date_gmt":"2023-08-14T02:07:24","guid":{"rendered":"https:\/\/infotep.com.ar\/?p=6725"},"modified":"2023-08-13T23:07:25","modified_gmt":"2023-08-14T02:07:25","slug":"primeras-cifras-milei-el-candidato-mas-votado-seguido-por-massa-y-bullrich","status":"publish","type":"post","link":"https:\/\/infotep.com.ar\/index.php\/2023\/08\/13\/primeras-cifras-milei-el-candidato-mas-votado-seguido-por-massa-y-bullrich\/","title":{"rendered":"Primeras cifras: Milei, el candidato m\u00e1s votado, seguido por Massa y Bullrich"},"content":{"rendered":"\n<p>Con m\u00e1s del 60% de los votos escrutados, el candidato de La LIbertad Avanza obten\u00eda m\u00e1s de 5 millones de Votos. Massa era el segundo candidato m\u00e1s votado y se impon\u00eda en la interna de UxP a Juan Grabois, mientras que en JxC la ex ministra de seguridad superaba ampliamente a Horacio Rodr\u00edguez Larreta.<\/p>\n\n\n\n<p>Escrutado el 61,21 por ciento del padr\u00f3n nacional, el precandidato de La Libertad Avanza, Javier Milei, obten\u00eda esta noche el 32% de los votos; los dos precandidatos de Juntos por el Cambio, Patricia Bullrich, y Horacio Rodr\u00edguez Larreta, el 27%; y los de Uni\u00f3n por la Patria (UxP), Sergio Massa y Juan Grabois, un total de 25% de los votos.<\/p>\n","protected":false},"excerpt":{"rendered":"<p>Con m&aacute;s del 60% de los votos escrutados, el candidato de La LIbertad Avanza obten&iacute;a m&aacute;s de 5 millones de Votos. Massa era el segundo candidato m&aacute;s votado y se impon&iacute;a en la interna de UxP a Juan Grabois, mientras que en JxC la ex ministra de seguridad superaba ampliamente a Horacio Rodr&iacute;guez Larreta. Escrutado &hellip; <\/p>\n","protected":false},"author":5,"featured_media":6726,"comment_status":"closed","ping_status":"closed","sticky":false,"template":"","format":"standard","meta":{"om_disable_all_campaigns":false,"_joinchat":[]},"categories":[3],"tags":[],"featured_image_urls":{"full":["https:\/\/infotep.com.ar\/wp-content\/uploads\/2023\/08\/elecciones-4.jpg",1200,675,false],"thumbnail":["https:\/\/infotep.com.ar\/wp-content\/uploads\/2023\/08\/elecciones-4-150x150.jpg",150,150,true],"medium":["https:\/\/infotep.com.ar\/wp-content\/uploads\/2023\/08\/elecciones-4-300x169.jpg",300,169,true],"medium_large":["https:\/\/infotep.com.ar\/wp-content\/uploads\/2023\/08\/elecciones-4-768x432.jpg",768,432,true],"large":["https:\/\/infotep.com.ar\/wp-content\/uploads\/2023\/08\/elecciones-4-1024x576.jpg",1020,574,true],"1536x1536":["https:\/\/infotep.com.ar\/wp-content\/uploads\/2023\/08\/elecciones-4.jpg",1200,675,false],"2048x2048":["https:\/\/infotep.com.ar\/wp-content\/uploads\/2023\/08\/elecciones-4.jpg",1200,675,false],"blossom-feminine-slider":["https:\/\/infotep.com.ar\/wp-content\/uploads\/2023\/08\/elecciones-4-1200x649.jpg",1200,649,true],"blossom-feminine-featured":["https:\/\/infotep.com.ar\/wp-content\/uploads\/2023\/08\/elecciones-4-1200x600.jpg",1200,600,true],"blossom-feminine-with-sidebar":["https:\/\/infotep.com.ar\/wp-content\/uploads\/2023\/08\/elecciones-4-1020x600.jpg",1020,600,true],"blossom-feminine-blog":["https:\/\/infotep.com.ar\/wp-content\/uploads\/2023\/08\/elecciones-4-435x435.jpg",435,435,true],"blossom-feminine-cat":["https:\/\/infotep.com.ar\/wp-content\/uploads\/2023\/08\/elecciones-4-450x300.jpg",450,300,true],"blossom-feminine-related":["https:\/\/infotep.com.ar\/wp-content\/uploads\/2023\/08\/elecciones-4-320x200.jpg",320,200,true],"blossom-feminine-schema":["https:\/\/infotep.com.ar\/wp-content\/uploads\/2023\/08\/elecciones-4-107x60.jpg",107,60,true],"blossom-mommy-blog-slider-big":["https:\/\/infotep.com.ar\/wp-content\/uploads\/2023\/08\/elecciones-4-920x650.jpg",920,650,true],"blossom-mommy-blog-slider":["https:\/\/infotep.com.ar\/wp-content\/uploads\/2023\/08\/elecciones-4-460x310.jpg",460,310,true],"blossom-mommy-blog-two":["https:\/\/infotep.com.ar\/wp-content\/uploads\/2023\/08\/elecciones-4-768x480.jpg",768,480,true]},"author_info":{"info":["Angela Tobar"]},"category_info":"<a href=\"https:\/\/infotep.com.ar\/index.php\/category\/nacionales\/\" rel=\"category tag\">Nacionales<\/a>","tag_info":"Nacionales","comment_count":"0","_links":{"self":[{"href":"https:\/\/infotep.com.ar\/index.php\/wp-json\/wp\/v2\/posts\/6725"}],"collection":[{"href":"https:\/\/infotep.com.ar\/index.php\/wp-json\/wp\/v2\/posts"}],"about":[{"href":"https:\/\/infotep.com.ar\/index.php\/wp-json\/wp\/v2\/types\/post"}],"author":[{"embeddable":true,"href":"https:\/\/infotep.com.ar\/index.php\/wp-json\/wp\/v2\/users\/5"}],"replies":[{"embeddable":true,"href":"https:\/\/infotep.com.ar\/index.php\/wp-json\/wp\/v2\/comments?post=6725"}],"version-history":[{"count":1,"href":"https:\/\/infotep.com.ar\/index.php\/wp-json\/wp\/v2\/posts\/6725\/revisions"}],"predecessor-version":[{"id":6727,"href":"https:\/\/infotep.com.ar\/index.php\/wp-json\/wp\/v2\/posts\/6725\/revisions\/6727"}],"wp:featuredmedia":[{"embeddable":true,"href":"https:\/\/infotep.com.ar\/index.php\/wp-json\/wp\/v2\/media\/6726"}],"wp:attachment":[{"href":"https:\/\/infotep.com.ar\/index.php\/wp-json\/wp\/v2\/media?parent=6725"}],"wp:term":[{"taxonomy":"category","embeddable":true,"href":"https:\/\/infotep.com.ar\/index.php\/wp-json\/wp\/v2\/categories?post=6725"},{"taxonomy":"post_tag","embeddable":true,"href":"https:\/\/infotep.com.ar\/index.php\/wp-json\/wp\/v2\/tags?post=6725"}],"curies":[{"name":"wp","href":"https:\/\/api.w.org\/{rel}","templated":true}]}}