{"id":6734,"date":"2023-08-13T23:33:56","date_gmt":"2023-08-14T02:33:56","guid":{"rendered":"https:\/\/infotep.com.ar\/?p=6734"},"modified":"2023-08-13T23:33:57","modified_gmt":"2023-08-14T02:33:57","slug":"kicillof-se-impone-en-la-provincia-de-buenos-aires","status":"publish","type":"post","link":"https:\/\/infotep.com.ar\/index.php\/2023\/08\/13\/kicillof-se-impone-en-la-provincia-de-buenos-aires\/","title":{"rendered":"Kicillof se impone en la provincia de Buenos Aires"},"content":{"rendered":"\n<p><\/p>\n\n\n\n<p>El gobernador de la provincia de Buenos Aires y candidato de Uni\u00f3n por la Patria se encuentra primero en las Primaria Abiertas Simultanea y Obligatorias.<\/p>\n\n\n\n<p>El mandatario que buscar\u00e1 su reelecci\u00f3n en octubre es tambi\u00e9n el candidato m\u00e1s votado de todos.<\/p>\n\n\n\n<p>En segundo lugar, como fuerza, se encuentra Juntos por el Cambio, en el que N\u00e9stor Grindetti supera a Diego Santilli en la interna.<\/p>\n\n\n\n<p>En tanto, en tercer lugar se encuentra La Libertad Avanza que tiene a Carolina P\u00edparo como candidata, que sin embargo es la segunda candidata m\u00e1s votada en la provincia.<\/p>\n\n\n\n<p>El Frente de Izquierda est\u00e1 en cuarto lugar y Rub\u00e9n Sobrero se impone en la interna a Alejandro Bodart.<\/p>\n\n\n\n<p>El resto de las fuerzas que compiten no logran, por el momento, superar el umbral del 1,5 por ciento para ingresar a las elecciones generales.<\/p>\n\n\n\n<p>Los resultados a presidente en la Provincia<\/p>\n\n\n\n<p>En la disputa presidencial, Massa se impon\u00eda en la interna a Juan Grabois por UxP.<\/p>\n\n\n\n<p>En tanto, el precandidato de La Libertad Avanza Javier Milei era el m\u00e1s votado.<\/p>\n\n\n\n<p>En cuanto a Juntos por el Cambio, Patricia Bullrich le gana a Horacio Rodr\u00edguez Larreta.<\/p>\n","protected":false},"excerpt":{"rendered":"<p>El gobernador de la provincia de Buenos Aires y candidato de Uni&oacute;n por la Patria se encuentra primero en las Primaria Abiertas Simultanea y Obligatorias. El mandatario que buscar&aacute; su reelecci&oacute;n en octubre es tambi&eacute;n el candidato m&aacute;s votado de todos. En segundo lugar, como fuerza, se encuentra Juntos por el Cambio, en el que &hellip; <\/p>\n","protected":false},"author":5,"featured_media":5800,"comment_status":"closed","ping_status":"closed","sticky":false,"template":"","format":"standard","meta":{"om_disable_all_campaigns":false,"_joinchat":[]},"categories":[4],"tags":[],"featured_image_urls":{"full":["https:\/\/infotep.com.ar\/wp-content\/uploads\/2023\/06\/magario-kicillof.jpg",1920,1080,false],"thumbnail":["https:\/\/infotep.com.ar\/wp-content\/uploads\/2023\/06\/magario-kicillof-150x150.jpg",150,150,true],"medium":["https:\/\/infotep.com.ar\/wp-content\/uploads\/2023\/06\/magario-kicillof-300x169.jpg",300,169,true],"medium_large":["https:\/\/infotep.com.ar\/wp-content\/uploads\/2023\/06\/magario-kicillof-768x432.jpg",768,432,true],"large":["https:\/\/infotep.com.ar\/wp-content\/uploads\/2023\/06\/magario-kicillof-1024x576.jpg",1020,574,true],"1536x1536":["https:\/\/infotep.com.ar\/wp-content\/uploads\/2023\/06\/magario-kicillof-1536x864.jpg",1536,864,true],"2048x2048":["https:\/\/infotep.com.ar\/wp-content\/uploads\/2023\/06\/magario-kicillof.jpg",1920,1080,false],"blossom-feminine-slider":["https:\/\/infotep.com.ar\/wp-content\/uploads\/2023\/06\/magario-kicillof-1920x649.jpg",1920,649,true],"blossom-feminine-featured":["https:\/\/infotep.com.ar\/wp-content\/uploads\/2023\/06\/magario-kicillof-1410x600.jpg",1410,600,true],"blossom-feminine-with-sidebar":["https:\/\/infotep.com.ar\/wp-content\/uploads\/2023\/06\/magario-kicillof-1020x600.jpg",1020,600,true],"blossom-feminine-blog":["https:\/\/infotep.com.ar\/wp-content\/uploads\/2023\/06\/magario-kicillof-435x435.jpg",435,435,true],"blossom-feminine-cat":["https:\/\/infotep.com.ar\/wp-content\/uploads\/2023\/06\/magario-kicillof-450x300.jpg",450,300,true],"blossom-feminine-related":["https:\/\/infotep.com.ar\/wp-content\/uploads\/2023\/06\/magario-kicillof-320x200.jpg",320,200,true],"blossom-feminine-schema":["https:\/\/infotep.com.ar\/wp-content\/uploads\/2023\/06\/magario-kicillof-107x60.jpg",107,60,true],"blossom-mommy-blog-slider-big":["https:\/\/infotep.com.ar\/wp-content\/uploads\/2023\/06\/magario-kicillof-920x650.jpg",920,650,true],"blossom-mommy-blog-slider":["https:\/\/infotep.com.ar\/wp-content\/uploads\/2023\/06\/magario-kicillof-460x310.jpg",460,310,true],"blossom-mommy-blog-two":["https:\/\/infotep.com.ar\/wp-content\/uploads\/2023\/06\/magario-kicillof-768x480.jpg",768,480,true]},"author_info":{"info":["Angela Tobar"]},"category_info":"<a href=\"https:\/\/infotep.com.ar\/index.php\/category\/provinciales\/\" rel=\"category tag\">Provinciales<\/a>","tag_info":"Provinciales","comment_count":"0","_links":{"self":[{"href":"https:\/\/infotep.com.ar\/index.php\/wp-json\/wp\/v2\/posts\/6734"}],"collection":[{"href":"https:\/\/infotep.com.ar\/index.php\/wp-json\/wp\/v2\/posts"}],"about":[{"href":"https:\/\/infotep.com.ar\/index.php\/wp-json\/wp\/v2\/types\/post"}],"author":[{"embeddable":true,"href":"https:\/\/infotep.com.ar\/index.php\/wp-json\/wp\/v2\/users\/5"}],"replies":[{"embeddable":true,"href":"https:\/\/infotep.com.ar\/index.php\/wp-json\/wp\/v2\/comments?post=6734"}],"version-history":[{"count":1,"href":"https:\/\/infotep.com.ar\/index.php\/wp-json\/wp\/v2\/posts\/6734\/revisions"}],"predecessor-version":[{"id":6735,"href":"https:\/\/infotep.com.ar\/index.php\/wp-json\/wp\/v2\/posts\/6734\/revisions\/6735"}],"wp:featuredmedia":[{"embeddable":true,"href":"https:\/\/infotep.com.ar\/index.php\/wp-json\/wp\/v2\/media\/5800"}],"wp:attachment":[{"href":"https:\/\/infotep.com.ar\/index.php\/wp-json\/wp\/v2\/media?parent=6734"}],"wp:term":[{"taxonomy":"category","embeddable":true,"href":"https:\/\/infotep.com.ar\/index.php\/wp-json\/wp\/v2\/categories?post=6734"},{"taxonomy":"post_tag","embeddable":true,"href":"https:\/\/infotep.com.ar\/index.php\/wp-json\/wp\/v2\/tags?post=6734"}],"curies":[{"name":"wp","href":"https:\/\/api.w.org\/{rel}","templated":true}]}}