{"id":6881,"date":"2023-08-18T20:33:40","date_gmt":"2023-08-18T23:33:40","guid":{"rendered":"https:\/\/infotep.com.ar\/?p=6881"},"modified":"2023-08-18T20:33:41","modified_gmt":"2023-08-18T23:33:41","slug":"milei-se-reunio-con-el-fmi-y-prometio-un-ajuste-fiscal-mas-grande-que-el-exigido-por-el-organismo","status":"publish","type":"post","link":"https:\/\/infotep.com.ar\/index.php\/2023\/08\/18\/milei-se-reunio-con-el-fmi-y-prometio-un-ajuste-fiscal-mas-grande-que-el-exigido-por-el-organismo\/","title":{"rendered":"Milei se reuni\u00f3 con el FMI y prometi\u00f3 un ajuste fiscal &#8220;m\u00e1s grande que el exigido&#8221; por el organismo"},"content":{"rendered":"\n<p>As\u00ed lo confirmaron fuentes de La Libertad Avanza tras el encuentro v\u00eda Zoom con los funcionarios del organismo multilateral que mantuvieron los representantes del candidato: Dar\u00edo Epstein, Carlos Rodr\u00edguez y Roque Fern\u00e1ndez, exfuncionarios de Domingo Cavallo durante el menemismo.<\/p>\n\n\n\n<p>El candidato presidencial de La Libertad Avanza (LLA) Javier MIlei mantuvo este viernes un encuentro virtual con representantes del Fondo Monetario Internacional (FMI), quienes se mostraron interesados en &#8220;entender sus prioridades de pol\u00edtica econ\u00f3mica&#8221; y ante quienes explic\u00f3 que, en caso de ganar las elecciones, aplicar\u00e1 &#8220;un importante ajuste fiscal, m\u00e1s importante que el exigido&#8221; por el propio organismo.<\/p>\n\n\n\n<p>El encuentro se realiz\u00f3 por Zoom y se extendi\u00f3 por m\u00e1s de una hora, cinco d\u00edas despu\u00e9s de las PASO en las que el diputado de ultraderecha se convirti\u00f3 en el candidato m\u00e1s votado en todo el pa\u00eds.<\/p>\n\n\n\n<p>Participaron de la reuni\u00f3n los tres asesores econ\u00f3micos de Milei: los exfuncionarios econ\u00f3micos menemistas Carlos Rodr\u00edguez, Dar\u00edo Epstein y Roque Fern\u00e1ndez; mientras que por parte del organismo de cr\u00e9dito estuvo presente el director del Hemisferio Occidental del FMI, Rodrigo Vald\u00e9s y otros miembros de la entidad.<\/p>\n\n\n\n<p>&#8220;La discusi\u00f3n fue una oportunidad para intercambiar puntos de vista sobre las perspectivas econ\u00f3micas actuales de Argentina y entender sus prioridades de pol\u00edtica econ\u00f3mica&#8221;, inform\u00f3 un portavoz del FMI a los medios de comunicaci\u00f3n.<\/p>\n\n\n\n<p>Aclararon adem\u00e1s que &#8220;la reuni\u00f3n es parte de contactos regulares y rutinarios del Fondo con una amplio rango de referentes pol\u00edticos y econ\u00f3micos, que tambi\u00e9n incluyen a pa\u00edses con programas del FMI, para comprender sus puntos de vista y opiniones sobre los objetivos generales y las pol\u00edticas clave de los programas respaldados por el Fondo&#8221;.<\/p>\n\n\n\n<p>En la misma l\u00ednea, esta semana los funcionarios del FMI tambi\u00e9n mantuvieron un encuentro con referentes econ\u00f3micos del equipo de la candidata presidencial de Juntos por el Cambio (JxC), Patricia Bullrich.<\/p>\n\n\n\n<p>En tanto, desde LLA, se inform\u00f3 que en el encuentro con los representante del Fondo &#8220;se les hizo conocer el conjunto de reformas que se har\u00e1n en caso de acceder a la presidencia&#8221;.<\/p>\n\n\n\n<p>En su cuenta de Twitter, Epstein comunic\u00f3 que Milei explic\u00f3 al organismo &#8220;el plan econ\u00f3mico financiero de La Libertad Avanza&#8221; y &#8220;las tres etapas (generaciones)&#8221; que propone su programa.<\/p>\n\n\n\n<p><strong>&#8220;El FMI explic\u00f3 la naturaleza del acuerdo actual y fecha de vencimiento. Javier aclar\u00f3: &#8216;Nosotros no vamos a defaultear ni al FMI ni la deuda soberana'&#8221;, sostuvo el economista a trav\u00e9s de cuenta de Twitter.<\/strong><\/p>\n\n\n\n<p class=\"has-light-green-cyan-background-color has-background\">Entre esas iniciativas, mencionaron &#8220;un importante ajuste fiscal, m\u00e1s importante que el exigido por el propio Fondo, la unificaci\u00f3n de los los tipos de cambio, cerrar el d\u00e9ficit financiero, v\u00eda reducci\u00f3n de gastos y abrir la econom\u00eda&#8221;.<\/p>\n\n\n\n<p>Asimismo adelantaron &#8220;un ajuste que no lo pagar\u00e1 la sociedad ni la producci\u00f3n, si no la pol\u00edtica a trav\u00e9s de una profunda reforma del Estado; el impulso de una modernizaci\u00f3n de las leyes laborales y la promoci\u00f3n de una reforma monetaria que termine con el Banco Central&#8221;.<\/p>\n\n\n\n<p>Desde el equipo del candidato libertario afirmaron que en la reuni\u00f3n tambi\u00e9n se habl\u00f3 de la propuesta de &#8220;dolarizaci\u00f3n&#8221; de la econom\u00eda argentina y aseguraron &#8220;fue una buena reuni\u00f3n&#8221;.<\/p>\n\n\n\n<p>&#8220;Fue una reuni\u00f3n para conocer de primera mano las propuestas y las reformas planteadas&#8221;, concluyeron las fuentes.<\/p>\n","protected":false},"excerpt":{"rendered":"<p>As&iacute; lo confirmaron fuentes de La Libertad Avanza tras el encuentro v&iacute;a Zoom con los funcionarios del organismo multilateral que mantuvieron los representantes del candidato: Dar&iacute;o Epstein, Carlos Rodr&iacute;guez y Roque Fern&aacute;ndez, exfuncionarios de Domingo Cavallo durante el menemismo. El candidato presidencial de La Libertad Avanza (LLA) Javier MIlei mantuvo este viernes un encuentro virtual &hellip; <\/p>\n","protected":false},"author":5,"featured_media":6834,"comment_status":"closed","ping_status":"closed","sticky":false,"template":"","format":"standard","meta":{"om_disable_all_campaigns":false,"_joinchat":[]},"categories":[3],"tags":[46,43],"featured_image_urls":{"full":["https:\/\/infotep.com.ar\/wp-content\/uploads\/2023\/08\/Milei.png",1280,720,false],"thumbnail":["https:\/\/infotep.com.ar\/wp-content\/uploads\/2023\/08\/Milei-150x150.png",150,150,true],"medium":["https:\/\/infotep.com.ar\/wp-content\/uploads\/2023\/08\/Milei-300x169.png",300,169,true],"medium_large":["https:\/\/infotep.com.ar\/wp-content\/uploads\/2023\/08\/Milei-768x432.png",768,432,true],"large":["https:\/\/infotep.com.ar\/wp-content\/uploads\/2023\/08\/Milei-1024x576.png",1020,574,true],"1536x1536":["https:\/\/infotep.com.ar\/wp-content\/uploads\/2023\/08\/Milei.png",1280,720,false],"2048x2048":["https:\/\/infotep.com.ar\/wp-content\/uploads\/2023\/08\/Milei.png",1280,720,false],"blossom-feminine-slider":["https:\/\/infotep.com.ar\/wp-content\/uploads\/2023\/08\/Milei-1280x649.png",1280,649,true],"blossom-feminine-featured":["https:\/\/infotep.com.ar\/wp-content\/uploads\/2023\/08\/Milei-1280x600.png",1280,600,true],"blossom-feminine-with-sidebar":["https:\/\/infotep.com.ar\/wp-content\/uploads\/2023\/08\/Milei-1020x600.png",1020,600,true],"blossom-feminine-blog":["https:\/\/infotep.com.ar\/wp-content\/uploads\/2023\/08\/Milei-435x435.png",435,435,true],"blossom-feminine-cat":["https:\/\/infotep.com.ar\/wp-content\/uploads\/2023\/08\/Milei-450x300.png",450,300,true],"blossom-feminine-related":["https:\/\/infotep.com.ar\/wp-content\/uploads\/2023\/08\/Milei-320x200.png",320,200,true],"blossom-feminine-schema":["https:\/\/infotep.com.ar\/wp-content\/uploads\/2023\/08\/Milei-107x60.png",107,60,true],"blossom-mommy-blog-slider-big":["https:\/\/infotep.com.ar\/wp-content\/uploads\/2023\/08\/Milei-920x650.png",920,650,true],"blossom-mommy-blog-slider":["https:\/\/infotep.com.ar\/wp-content\/uploads\/2023\/08\/Milei-460x310.png",460,310,true],"blossom-mommy-blog-two":["https:\/\/infotep.com.ar\/wp-content\/uploads\/2023\/08\/Milei-768x480.png",768,480,true]},"author_info":{"info":["Angela Tobar"]},"category_info":"<a href=\"https:\/\/infotep.com.ar\/index.php\/category\/nacionales\/\" rel=\"category tag\">Nacionales<\/a>","tag_info":"Nacionales","comment_count":"0","_links":{"self":[{"href":"https:\/\/infotep.com.ar\/index.php\/wp-json\/wp\/v2\/posts\/6881"}],"collection":[{"href":"https:\/\/infotep.com.ar\/index.php\/wp-json\/wp\/v2\/posts"}],"about":[{"href":"https:\/\/infotep.com.ar\/index.php\/wp-json\/wp\/v2\/types\/post"}],"author":[{"embeddable":true,"href":"https:\/\/infotep.com.ar\/index.php\/wp-json\/wp\/v2\/users\/5"}],"replies":[{"embeddable":true,"href":"https:\/\/infotep.com.ar\/index.php\/wp-json\/wp\/v2\/comments?post=6881"}],"version-history":[{"count":1,"href":"https:\/\/infotep.com.ar\/index.php\/wp-json\/wp\/v2\/posts\/6881\/revisions"}],"predecessor-version":[{"id":6882,"href":"https:\/\/infotep.com.ar\/index.php\/wp-json\/wp\/v2\/posts\/6881\/revisions\/6882"}],"wp:featuredmedia":[{"embeddable":true,"href":"https:\/\/infotep.com.ar\/index.php\/wp-json\/wp\/v2\/media\/6834"}],"wp:attachment":[{"href":"https:\/\/infotep.com.ar\/index.php\/wp-json\/wp\/v2\/media?parent=6881"}],"wp:term":[{"taxonomy":"category","embeddable":true,"href":"https:\/\/infotep.com.ar\/index.php\/wp-json\/wp\/v2\/categories?post=6881"},{"taxonomy":"post_tag","embeddable":true,"href":"https:\/\/infotep.com.ar\/index.php\/wp-json\/wp\/v2\/tags?post=6881"}],"curies":[{"name":"wp","href":"https:\/\/api.w.org\/{rel}","templated":true}]}}