{"id":6912,"date":"2023-08-21T22:39:46","date_gmt":"2023-08-22T01:39:46","guid":{"rendered":"https:\/\/infotep.com.ar\/?p=6912"},"modified":"2023-08-23T15:50:59","modified_gmt":"2023-08-23T18:50:59","slug":"ituzaingo-realiza-un-taller-de-orientacion-laboral","status":"publish","type":"post","link":"https:\/\/infotep.com.ar\/index.php\/2023\/08\/21\/ituzaingo-realiza-un-taller-de-orientacion-laboral\/","title":{"rendered":"Ituzaing\u00f3 realiza un taller de orientaci\u00f3n laboral"},"content":{"rendered":"\n<p>Se encuentran abiertas las inscripciones al Taller de Orientaci\u00f3n Laboral, en el marco del Programa Fomentar Empleo, llevado adelante en articulaci\u00f3n con el Ministerio de Trabajo, Empleo y Seguridad Social. A trav\u00e9s de esta iniciativa, los vecinos podr\u00e1n aprender nuevas herramientas para incorporarse al mundo del trabajo.<\/p>\n\n\n\n<p>Durante el curso, que inicia en septiembre y tiene una duraci\u00f3n de 2 meses, las y los participantes trabajar\u00e1n en el armado de un proyecto formativo-ocupacional, en el que recibir\u00e1n acompa\u00f1amiento mediante tutor\u00edas para lograr poner en marcha un plan de acci\u00f3n para la b\u00fasqueda laboral y formativa.<\/p>\n\n\n\n<p>El cronograma de clases ser\u00e1 el siguiente:<\/p>\n\n\n\n<p>Lunes y viernes de 9 a 12hs | Inicio 8 \/9<\/p>\n\n\n\n<p>Mi\u00e9rcoles y viernes de 12 a 15hs | Inicio 6\/9<\/p>\n\n\n\n<p>Cabe destacar que el taller es gratuito, se dicta bajo modalidad presencial y las vacantes son limitadas. <br><\/p>\n\n\n\n<p>Quienes deseen inscribirse pueden comunicarse con la Direcci\u00f3n de Empleo y Capacitaci\u00f3n enviando un correo a empleoituzaingo@gmail.com, llamando al 2120-1969 (lunes a viernes de 8 a 15hs) o acercarse a la oficina de la Secretar\u00eda de Desarrollo Productivo, ubicada en Fragio 183.<\/p>\n","protected":false},"excerpt":{"rendered":"<p>Se encuentran abiertas las inscripciones al Taller de Orientaci&oacute;n Laboral, en el marco del Programa Fomentar Empleo, llevado adelante en articulaci&oacute;n con el Ministerio de Trabajo, Empleo y Seguridad Social. A trav&eacute;s de esta iniciativa, los vecinos podr&aacute;n aprender nuevas herramientas para incorporarse al mundo del trabajo. Durante el curso, que inicia en septiembre y &hellip; <\/p>\n","protected":false},"author":5,"featured_media":6913,"comment_status":"closed","ping_status":"closed","sticky":false,"template":"","format":"standard","meta":{"om_disable_all_campaigns":false,"_joinchat":[]},"categories":[8],"tags":[46,51,43],"featured_image_urls":{"full":["https:\/\/infotep.com.ar\/wp-content\/uploads\/2023\/08\/CAPACITACION.jpg",1600,1066,false],"thumbnail":["https:\/\/infotep.com.ar\/wp-content\/uploads\/2023\/08\/CAPACITACION-150x150.jpg",150,150,true],"medium":["https:\/\/infotep.com.ar\/wp-content\/uploads\/2023\/08\/CAPACITACION-300x200.jpg",300,200,true],"medium_large":["https:\/\/infotep.com.ar\/wp-content\/uploads\/2023\/08\/CAPACITACION-768x512.jpg",768,512,true],"large":["https:\/\/infotep.com.ar\/wp-content\/uploads\/2023\/08\/CAPACITACION-1024x682.jpg",1020,679,true],"1536x1536":["https:\/\/infotep.com.ar\/wp-content\/uploads\/2023\/08\/CAPACITACION-1536x1023.jpg",1536,1023,true],"2048x2048":["https:\/\/infotep.com.ar\/wp-content\/uploads\/2023\/08\/CAPACITACION.jpg",1600,1066,false],"blossom-feminine-slider":["https:\/\/infotep.com.ar\/wp-content\/uploads\/2023\/08\/CAPACITACION-1600x649.jpg",1600,649,true],"blossom-feminine-featured":["https:\/\/infotep.com.ar\/wp-content\/uploads\/2023\/08\/CAPACITACION-1410x600.jpg",1410,600,true],"blossom-feminine-with-sidebar":["https:\/\/infotep.com.ar\/wp-content\/uploads\/2023\/08\/CAPACITACION-1020x600.jpg",1020,600,true],"blossom-feminine-blog":["https:\/\/infotep.com.ar\/wp-content\/uploads\/2023\/08\/CAPACITACION-435x435.jpg",435,435,true],"blossom-feminine-cat":["https:\/\/infotep.com.ar\/wp-content\/uploads\/2023\/08\/CAPACITACION-450x300.jpg",450,300,true],"blossom-feminine-related":["https:\/\/infotep.com.ar\/wp-content\/uploads\/2023\/08\/CAPACITACION-320x200.jpg",320,200,true],"blossom-feminine-schema":["https:\/\/infotep.com.ar\/wp-content\/uploads\/2023\/08\/CAPACITACION-90x60.jpg",90,60,true],"blossom-mommy-blog-slider-big":["https:\/\/infotep.com.ar\/wp-content\/uploads\/2023\/08\/CAPACITACION-920x650.jpg",920,650,true],"blossom-mommy-blog-slider":["https:\/\/infotep.com.ar\/wp-content\/uploads\/2023\/08\/CAPACITACION-460x310.jpg",460,310,true],"blossom-mommy-blog-two":["https:\/\/infotep.com.ar\/wp-content\/uploads\/2023\/08\/CAPACITACION-768x480.jpg",768,480,true]},"author_info":{"info":["Angela Tobar"]},"category_info":"<a href=\"https:\/\/infotep.com.ar\/index.php\/category\/municipales\/ituzaingo\/\" rel=\"category tag\">Ituzaing\u00f3<\/a>","tag_info":"Ituzaing\u00f3","comment_count":"0","_links":{"self":[{"href":"https:\/\/infotep.com.ar\/index.php\/wp-json\/wp\/v2\/posts\/6912"}],"collection":[{"href":"https:\/\/infotep.com.ar\/index.php\/wp-json\/wp\/v2\/posts"}],"about":[{"href":"https:\/\/infotep.com.ar\/index.php\/wp-json\/wp\/v2\/types\/post"}],"author":[{"embeddable":true,"href":"https:\/\/infotep.com.ar\/index.php\/wp-json\/wp\/v2\/users\/5"}],"replies":[{"embeddable":true,"href":"https:\/\/infotep.com.ar\/index.php\/wp-json\/wp\/v2\/comments?post=6912"}],"version-history":[{"count":1,"href":"https:\/\/infotep.com.ar\/index.php\/wp-json\/wp\/v2\/posts\/6912\/revisions"}],"predecessor-version":[{"id":6914,"href":"https:\/\/infotep.com.ar\/index.php\/wp-json\/wp\/v2\/posts\/6912\/revisions\/6914"}],"wp:featuredmedia":[{"embeddable":true,"href":"https:\/\/infotep.com.ar\/index.php\/wp-json\/wp\/v2\/media\/6913"}],"wp:attachment":[{"href":"https:\/\/infotep.com.ar\/index.php\/wp-json\/wp\/v2\/media?parent=6912"}],"wp:term":[{"taxonomy":"category","embeddable":true,"href":"https:\/\/infotep.com.ar\/index.php\/wp-json\/wp\/v2\/categories?post=6912"},{"taxonomy":"post_tag","embeddable":true,"href":"https:\/\/infotep.com.ar\/index.php\/wp-json\/wp\/v2\/tags?post=6912"}],"curies":[{"name":"wp","href":"https:\/\/api.w.org\/{rel}","templated":true}]}}