{"id":6915,"date":"2023-08-21T22:50:15","date_gmt":"2023-08-22T01:50:15","guid":{"rendered":"https:\/\/infotep.com.ar\/?p=6915"},"modified":"2023-08-21T22:50:15","modified_gmt":"2023-08-22T01:50:15","slug":"rige-una-alerta-amarilla-por-tormentas-en-el-amba","status":"publish","type":"post","link":"https:\/\/infotep.com.ar\/index.php\/2023\/08\/21\/rige-una-alerta-amarilla-por-tormentas-en-el-amba\/","title":{"rendered":"Rige una alerta amarilla por tormentas en el AMBA"},"content":{"rendered":"\n<p><br>El (SMN) indic\u00f3 que en la Ciudad de Buenos Aires, La Plata y varios distritos bonaerenses, como General Las Heras, General Rodr\u00edguez, Luj\u00e1n, Marcos Paz, Mercedes, San Andr\u00e9s de Giles y Suipacha rige alerta amarilla por tormentas que se producir\u00edan en la noche del lunes.<\/p>\n\n\n\n<p>Adem\u00e1s, hay alertas amarillas y naranjas por vientos fuertes y viento Zonda para gran parte de Catamarca, La Rioja, San Juan, Mendoza, San Luis y C\u00f3rdoba.<\/p>\n\n\n\n<p>El d\u00eda comenz\u00f3 estable y fr\u00edo con temperaturas que oscilar\u00e1n entre los 7 y los 22 grados, pero con el correr de las horas las condiciones desmejorar\u00edan y la inestabilidad se mantendr\u00e1 durante la madrugada del martes con posibles tormentas fuertes, mientras que luego la jornada estar\u00e1 con cielo mayormente nublado con marcas entre 14 y 21 grados.<\/p>\n\n\n\n<p>Para el mi\u00e9rcoles se espera cielo parcialmente a mayormente nublado y el term\u00f3metro tendr\u00e1 registros entre los 11 y 18 grados, mientras que el jueves el tiempo estar\u00e1 fr\u00edo por la ma\u00f1ana, con una m\u00ednima de 8 grados y una m\u00e1xima de 17. El viernes seguir\u00e1n las bajas temperaturas en el comienzo del d\u00eda con 5 grados, y despu\u00e9s aumentar\u00e1 a 16, con cielo nuboso.<\/p>\n\n\n\n<p>Adem\u00e1s, el SMN emiti\u00f3 la alerta roja que rige para las zonas precordilleranas de La Rioja, San Juan y Mendoza, que se ver\u00e1n afectadas por viento Zonda fuerte o severo, con una intensidad que oscilar\u00e1 entre 75 y 90 kil\u00f3metros por hora y r\u00e1fagas que pueden superar los 120 kil\u00f3metros por hora.<\/p>\n\n\n\n<p>Tambi\u00e9n, emiti\u00f3 alerta roja pero por nevadas para las cordilleras de Malarg\u00fce y de San Rafael, en Mendoza, y por lluvias fuertes para las zonas cordilleranas de Alumin\u00e9, de Chos Malal, de Loncopu\u00e9, de Minas, de Picunches y de \u00d1orqu\u00edn, en Neuqu\u00e9n.<\/p>\n","protected":false},"excerpt":{"rendered":"<p>El (SMN) indic&oacute; que en la Ciudad de Buenos Aires, La Plata y varios distritos bonaerenses, como General Las Heras, General Rodr&iacute;guez, Luj&aacute;n, Marcos Paz, Mercedes, San Andr&eacute;s de Giles y Suipacha rige alerta amarilla por tormentas que se producir&iacute;an en la noche del lunes. Adem&aacute;s, hay alertas amarillas y naranjas por vientos fuertes y &hellip; <\/p>\n","protected":false},"author":5,"featured_media":4000,"comment_status":"closed","ping_status":"closed","sticky":false,"template":"","format":"standard","meta":{"om_disable_all_campaigns":false,"_joinchat":[]},"categories":[4],"tags":[46,43],"featured_image_urls":{"full":["https:\/\/infotep.com.ar\/wp-content\/uploads\/2023\/03\/LLUVIA.jpg",300,168,false],"thumbnail":["https:\/\/infotep.com.ar\/wp-content\/uploads\/2023\/03\/LLUVIA-150x150.jpg",150,150,true],"medium":["https:\/\/infotep.com.ar\/wp-content\/uploads\/2023\/03\/LLUVIA.jpg",300,168,false],"medium_large":["https:\/\/infotep.com.ar\/wp-content\/uploads\/2023\/03\/LLUVIA.jpg",300,168,false],"large":["https:\/\/infotep.com.ar\/wp-content\/uploads\/2023\/03\/LLUVIA.jpg",300,168,false],"1536x1536":["https:\/\/infotep.com.ar\/wp-content\/uploads\/2023\/03\/LLUVIA.jpg",300,168,false],"2048x2048":["https:\/\/infotep.com.ar\/wp-content\/uploads\/2023\/03\/LLUVIA.jpg",300,168,false],"blossom-feminine-slider":["https:\/\/infotep.com.ar\/wp-content\/uploads\/2023\/03\/LLUVIA.jpg",300,168,false],"blossom-feminine-featured":["https:\/\/infotep.com.ar\/wp-content\/uploads\/2023\/03\/LLUVIA.jpg",300,168,false],"blossom-feminine-with-sidebar":["https:\/\/infotep.com.ar\/wp-content\/uploads\/2023\/03\/LLUVIA.jpg",300,168,false],"blossom-feminine-blog":["https:\/\/infotep.com.ar\/wp-content\/uploads\/2023\/03\/LLUVIA.jpg",300,168,false],"blossom-feminine-cat":["https:\/\/infotep.com.ar\/wp-content\/uploads\/2023\/03\/LLUVIA.jpg",300,168,false],"blossom-feminine-related":["https:\/\/infotep.com.ar\/wp-content\/uploads\/2023\/03\/LLUVIA.jpg",300,168,false],"blossom-feminine-schema":["https:\/\/infotep.com.ar\/wp-content\/uploads\/2023\/03\/LLUVIA-107x60.jpg",107,60,true],"blossom-mommy-blog-slider-big":["https:\/\/infotep.com.ar\/wp-content\/uploads\/2023\/03\/LLUVIA.jpg",300,168,false],"blossom-mommy-blog-slider":["https:\/\/infotep.com.ar\/wp-content\/uploads\/2023\/03\/LLUVIA.jpg",300,168,false],"blossom-mommy-blog-two":["https:\/\/infotep.com.ar\/wp-content\/uploads\/2023\/03\/LLUVIA.jpg",300,168,false]},"author_info":{"info":["Angela Tobar"]},"category_info":"<a href=\"https:\/\/infotep.com.ar\/index.php\/category\/provinciales\/\" rel=\"category tag\">Provinciales<\/a>","tag_info":"Provinciales","comment_count":"0","_links":{"self":[{"href":"https:\/\/infotep.com.ar\/index.php\/wp-json\/wp\/v2\/posts\/6915"}],"collection":[{"href":"https:\/\/infotep.com.ar\/index.php\/wp-json\/wp\/v2\/posts"}],"about":[{"href":"https:\/\/infotep.com.ar\/index.php\/wp-json\/wp\/v2\/types\/post"}],"author":[{"embeddable":true,"href":"https:\/\/infotep.com.ar\/index.php\/wp-json\/wp\/v2\/users\/5"}],"replies":[{"embeddable":true,"href":"https:\/\/infotep.com.ar\/index.php\/wp-json\/wp\/v2\/comments?post=6915"}],"version-history":[{"count":1,"href":"https:\/\/infotep.com.ar\/index.php\/wp-json\/wp\/v2\/posts\/6915\/revisions"}],"predecessor-version":[{"id":6916,"href":"https:\/\/infotep.com.ar\/index.php\/wp-json\/wp\/v2\/posts\/6915\/revisions\/6916"}],"wp:featuredmedia":[{"embeddable":true,"href":"https:\/\/infotep.com.ar\/index.php\/wp-json\/wp\/v2\/media\/4000"}],"wp:attachment":[{"href":"https:\/\/infotep.com.ar\/index.php\/wp-json\/wp\/v2\/media?parent=6915"}],"wp:term":[{"taxonomy":"category","embeddable":true,"href":"https:\/\/infotep.com.ar\/index.php\/wp-json\/wp\/v2\/categories?post=6915"},{"taxonomy":"post_tag","embeddable":true,"href":"https:\/\/infotep.com.ar\/index.php\/wp-json\/wp\/v2\/tags?post=6915"}],"curies":[{"name":"wp","href":"https:\/\/api.w.org\/{rel}","templated":true}]}}