{"id":7072,"date":"2023-08-29T01:40:00","date_gmt":"2023-08-29T04:40:00","guid":{"rendered":"https:\/\/infotep.com.ar\/?p=7072"},"modified":"2023-08-28T23:41:25","modified_gmt":"2023-08-29T02:41:25","slug":"tolosa-paz-confirmo-que-le-quitaron-el-potenciar-trabajo-a-9-beneficiaros-que-participaron-de-los-saqueos","status":"publish","type":"post","link":"https:\/\/infotep.com.ar\/index.php\/2023\/08\/29\/tolosa-paz-confirmo-que-le-quitaron-el-potenciar-trabajo-a-9-beneficiaros-que-participaron-de-los-saqueos\/","title":{"rendered":"Tolosa Paz confirm\u00f3 que le quitaron el Potenciar Trabajo a 9 beneficiaros que participaron de los saqueos"},"content":{"rendered":"\n<p><br>La ministra de Desarrollo Social, Victoria Tolosa Paz, confirm\u00f3 que nueve beneficiaros del Potenciar Trabajo, de un total de 156 detenidos, fueron dados de baja por haber participado en los saqueos.<\/p>\n\n\n\n<p>La titular de la cartera nacional evit\u00f3 decir a qu\u00e9 organizaci\u00f3n social pertenecen las personas que se quedaron sin el programa estatal, al se\u00f1alar que no quer\u00eda &#8220;estigmatizar&#8221;.<\/p>\n\n\n\n<p>Las declaraciones de Tolosa Paz se produjeron en una conferencia de prensa que dio para detallar las medidas que el domingo dio a conocer el ministro de Econom\u00eda y candidato presidencial de Uni\u00f3n por la Patria, Sergio Massa.<\/p>\n\n\n\n<p>&#8220;S\u00f3lo nueve personas estuvieron implicadas (en los saqueos) y fueron dadas de baja de un total 156 personas de la n\u00f3mina (de detenidos) que recibimos del Ministerio de Seguridad. Hoy mismo fueron dadas de baja del Potenciar Trabajo. No queremos estigmatizar a ninguna organizaci\u00f3n. Nadie que recibe el Potenciar Trabajo puede ser utilizado para un delito&#8221;, sostuvo la funcionaria.<\/p>\n\n\n\n<p>Sobre las medidas del paquete que anuncio Massa y que forman parte de su Ministerio, Tolosa Paz detall\u00f3 que la Tarjeta Alimentar tendr\u00e1 &#8220;un refuerzo por \u00fanica vez en dos cuotas mensuales para cada familia seg\u00fan la cantidad de chicos y chicas que viven en el hogar&#8221;. Ser\u00e1n montos de $10.000 para las familias con un hijo, $17.000 para dos hijos y $23.000 para tres o m\u00e1s hijos; en todos los casos se pagar\u00e1n en dos cuotas entre septiembre y octubre.<\/p>\n\n\n\n<p>Sobre el Potenciar Trabajo, a la que Tolosa Paz defini\u00f3 como &#8220;la medida de inclusi\u00f3n laboral m\u00e1s importante y que llega a 1.300.000 hogares&#8221;, tendr\u00e1 &#8220;20 mil pesos como refuerzo extraordinario en dos cuotas a pagar en septiembre y octubre, es decir, 10 mil pesos cada mes&#8221;.<\/p>\n\n\n\n<p>Adem\u00e1s, se implementar\u00e1 el monotributo productivo, una &#8220;modificaci\u00f3n impositiva para lograr la inclusi\u00f3n y registraci\u00f3n laboral de aquellos sectores que trabajan en la econom\u00eda popular y son llamados trabajadores informales&#8221;, indic\u00f3 Tolosa Paz.<\/p>\n\n\n\n<p>Por \u00faltimo, anunci\u00f3 que habr\u00e1 un &#8220;refuerzo&#8221; para los 4.500 comedores comunitarios que asiste esa cartera, que significar\u00e1 un aumento del &#8220;35% de las partidas del programa que transfiere un monto anual a organizaciones de la sociedad civil, iglesias de todos los credos e instituciones del pa\u00eds&#8221;.<\/p>\n","protected":false},"excerpt":{"rendered":"<p>La ministra de Desarrollo Social, Victoria Tolosa Paz, confirm&oacute; que nueve beneficiaros del Potenciar Trabajo, de un total de 156 detenidos, fueron dados de baja por haber participado en los saqueos. La titular de la cartera nacional evit&oacute; decir a qu&eacute; organizaci&oacute;n social pertenecen las personas que se quedaron sin el programa estatal, al se&ntilde;alar &hellip; <\/p>\n","protected":false},"author":5,"featured_media":5465,"comment_status":"closed","ping_status":"closed","sticky":false,"template":"","format":"standard","meta":{"om_disable_all_campaigns":false,"_joinchat":[]},"categories":[1],"tags":[46,43],"featured_image_urls":{"full":["https:\/\/infotep.com.ar\/wp-content\/uploads\/2023\/06\/tolosa-paz.webp",880,496,false],"thumbnail":["https:\/\/infotep.com.ar\/wp-content\/uploads\/2023\/06\/tolosa-paz-150x150.webp",150,150,true],"medium":["https:\/\/infotep.com.ar\/wp-content\/uploads\/2023\/06\/tolosa-paz-300x169.webp",300,169,true],"medium_large":["https:\/\/infotep.com.ar\/wp-content\/uploads\/2023\/06\/tolosa-paz-768x433.webp",768,433,true],"large":["https:\/\/infotep.com.ar\/wp-content\/uploads\/2023\/06\/tolosa-paz.webp",880,496,false],"1536x1536":["https:\/\/infotep.com.ar\/wp-content\/uploads\/2023\/06\/tolosa-paz.webp",880,496,false],"2048x2048":["https:\/\/infotep.com.ar\/wp-content\/uploads\/2023\/06\/tolosa-paz.webp",880,496,false],"blossom-feminine-slider":["https:\/\/infotep.com.ar\/wp-content\/uploads\/2023\/06\/tolosa-paz.webp",880,496,false],"blossom-feminine-featured":["https:\/\/infotep.com.ar\/wp-content\/uploads\/2023\/06\/tolosa-paz.webp",880,496,false],"blossom-feminine-with-sidebar":["https:\/\/infotep.com.ar\/wp-content\/uploads\/2023\/06\/tolosa-paz.webp",880,496,false],"blossom-feminine-blog":["https:\/\/infotep.com.ar\/wp-content\/uploads\/2023\/06\/tolosa-paz-435x435.webp",435,435,true],"blossom-feminine-cat":["https:\/\/infotep.com.ar\/wp-content\/uploads\/2023\/06\/tolosa-paz-450x300.webp",450,300,true],"blossom-feminine-related":["https:\/\/infotep.com.ar\/wp-content\/uploads\/2023\/06\/tolosa-paz-320x200.webp",320,200,true],"blossom-feminine-schema":["https:\/\/infotep.com.ar\/wp-content\/uploads\/2023\/06\/tolosa-paz-106x60.webp",106,60,true],"blossom-mommy-blog-slider-big":["https:\/\/infotep.com.ar\/wp-content\/uploads\/2023\/06\/tolosa-paz.webp",880,496,false],"blossom-mommy-blog-slider":["https:\/\/infotep.com.ar\/wp-content\/uploads\/2023\/06\/tolosa-paz-460x310.webp",460,310,true],"blossom-mommy-blog-two":["https:\/\/infotep.com.ar\/wp-content\/uploads\/2023\/06\/tolosa-paz-768x480.webp",768,480,true]},"author_info":{"info":["Angela Tobar"]},"category_info":"<a href=\"https:\/\/infotep.com.ar\/index.php\/category\/municipales\/hurlingham\/\" rel=\"category tag\">Hurlingham<\/a>","tag_info":"Hurlingham","comment_count":"0","_links":{"self":[{"href":"https:\/\/infotep.com.ar\/index.php\/wp-json\/wp\/v2\/posts\/7072"}],"collection":[{"href":"https:\/\/infotep.com.ar\/index.php\/wp-json\/wp\/v2\/posts"}],"about":[{"href":"https:\/\/infotep.com.ar\/index.php\/wp-json\/wp\/v2\/types\/post"}],"author":[{"embeddable":true,"href":"https:\/\/infotep.com.ar\/index.php\/wp-json\/wp\/v2\/users\/5"}],"replies":[{"embeddable":true,"href":"https:\/\/infotep.com.ar\/index.php\/wp-json\/wp\/v2\/comments?post=7072"}],"version-history":[{"count":1,"href":"https:\/\/infotep.com.ar\/index.php\/wp-json\/wp\/v2\/posts\/7072\/revisions"}],"predecessor-version":[{"id":7073,"href":"https:\/\/infotep.com.ar\/index.php\/wp-json\/wp\/v2\/posts\/7072\/revisions\/7073"}],"wp:featuredmedia":[{"embeddable":true,"href":"https:\/\/infotep.com.ar\/index.php\/wp-json\/wp\/v2\/media\/5465"}],"wp:attachment":[{"href":"https:\/\/infotep.com.ar\/index.php\/wp-json\/wp\/v2\/media?parent=7072"}],"wp:term":[{"taxonomy":"category","embeddable":true,"href":"https:\/\/infotep.com.ar\/index.php\/wp-json\/wp\/v2\/categories?post=7072"},{"taxonomy":"post_tag","embeddable":true,"href":"https:\/\/infotep.com.ar\/index.php\/wp-json\/wp\/v2\/tags?post=7072"}],"curies":[{"name":"wp","href":"https:\/\/api.w.org\/{rel}","templated":true}]}}