{"id":7154,"date":"2023-08-31T00:58:31","date_gmt":"2023-08-31T03:58:31","guid":{"rendered":"https:\/\/infotep.com.ar\/?p=7154"},"modified":"2023-09-01T16:00:28","modified_gmt":"2023-09-01T19:00:28","slug":"especialistas-lo-de-silvina-luna-evidencia-la-crueldad-de-encajar-en-canones-de-belleza","status":"publish","type":"post","link":"https:\/\/infotep.com.ar\/index.php\/2023\/08\/31\/especialistas-lo-de-silvina-luna-evidencia-la-crueldad-de-encajar-en-canones-de-belleza\/","title":{"rendered":"Especialistas: Lo de Silvina Luna evidencia la crueldad de &#8220;encajar en c\u00e1nones de belleza&#8221;"},"content":{"rendered":"\n<p>Especialistas abordan, a partir del fallecimiento de la actriz y modelo, la presi\u00f3n social existente hacia las mujeres, la violencia est\u00e9tica y las representaciones que impone el bombardeo de estereotipos y c\u00e1nones que las presionan a ajustarse a ellos, as\u00ed como la discriminaci\u00f3n hacia aquellas que no satisfacen esa expectativa.<\/p>\n\n\n\n<p>Los est\u00e1ndares est\u00e9ticos de belleza someten a los cuerpos a &#8220;una serie de pr\u00e1cticas invasivas sin ning\u00fan tipo de problematizaci\u00f3n social&#8221;, sostuvieron este jueves especialistas en g\u00e9nero a ra\u00edz del fallecimiento de la actriz y modelo Silvina Luna, un caso que visibiliz\u00f3 el &#8220;nivel de crueldad&#8221; al que fue expuesta, junto con la &#8220;impunidad de quien tuvo y tiene el poder de manipular cuerpos en el sistema m\u00e9dico&#8221;.<\/p>\n\n\n\n<p><strong>&#8220;El caso de Silvina Luna es ic\u00f3nico porque hace visible algo que es much\u00edsimo m\u00e1s com\u00fan de lo que se piensa, que es c\u00f3mo en esta b\u00fasqueda infinita, porque no tiene l\u00edmite, de encajar en el est\u00e1ndar de belleza que nos rige en este momento, pone en riesgo la salud y la vida&#8221;, dijo a T\u00e9lam la fundadora del proyecto &#8220;Mujeres que no fueron tapa&#8221;, Lala Pasquinelli.<\/strong><\/p>\n\n\n\n<p>Pasquinelli destac\u00f3 que esta b\u00fasqueda del canon de belleza es una &#8220;presi\u00f3n social insistente&#8221;, derivado de un bombardeo de propuestas &#8220;para intervenir los cuerpos, transformarlos y someterlos a una serie de pr\u00e1cticas tremendamente invasivas sin ning\u00fan tipo de problematizaci\u00f3n social&#8221;.<\/p>\n\n\n\n<p class=\"has-light-green-cyan-background-color has-background\">Silvina Luna falleci\u00f3 este jueves a los 43 a\u00f1os en el Hospital Italiano del barrio porte\u00f1o de Almagro, donde estaba internada desde el pasado 13 de junio, como consecuencia de un agravamiento de su estado de salud producto de una mala praxis del cirujano pl\u00e1stico An\u00edbal Lotocki, que en 2011 le produjo una intoxicaci\u00f3n de metacrilato que le provoc\u00f3 hipercalcemia e insuficiencia renal.<\/p>\n\n\n\n<p><\/p>\n\n\n\n<p>&#8220;Yo ca\u00ed en la trampa de los estereotipos. Que no existen en realidad, pero quer\u00eda verme de determinada manera. Estaba en una etapa de teatro de revista, trabajaba con el f\u00edsico. Yo cre\u00eda que quien era no era suficiente&#8221;, hab\u00eda relatado Luna durante una entrevista con la periodista Mar\u00eda Laura Santill\u00e1n en abril de este a\u00f1o.<\/p>\n\n\n\n<p><strong>Disciplinar los cuerpos<br><\/strong>Fabiana Solano, soci\u00f3loga y periodista, sostuvo que el caso de Silvina Luna &#8220;permite dar visibilidad a una problem\u00e1tica que es hist\u00f3rica, mucho m\u00e1s amplia, m\u00e1s compleja y que es casi estructural de nuestra sociedad, que tiene que ver con el disciplinamiento de los cuerpos de las mujeres a trav\u00e9s de los est\u00e1ndares est\u00e9ticos de belleza&#8221;.<\/p>\n\n\n\n<p>En este sentido, la soci\u00f3loga se\u00f1al\u00f3 que el caso se &#8220;vuelve paradigm\u00e1tico&#8221; ya que aporta visibilidad sobre el &#8220;nivel de crueldad&#8221; al que fue expuesta Luna, al tiempo que muestra la &#8220;impunidad de quien tuvo y tiene el poder de manipular cuerpos en el sistema m\u00e9dico&#8221;, en referencia a su cirujano, An\u00edbal Lotocki.<\/p>\n\n\n\n<p>La modelo hab\u00eda iniciado una demanda conjunta con Stefan\u00eda Xipolitakis, Pamela Sosa y Gabriela Trenchi, otras v\u00edctimas del cirujano, que fue acusado por &#8220;lesiones graves&#8221; y condenado en febrero de 2022 a cuatro a\u00f1os de prisi\u00f3n y cinco de inhabilitaci\u00f3n para ejercer la medicina, por decisi\u00f3n del Tribunal Oral y Correccional 28 de la Ciudad de Buenos Aires.<\/p>\n\n\n\n<p>&#8220;Lotocki estuvo en los medios durante mucho tiempo, o sea, reci\u00e9n ahora se est\u00e1n viendo los productos de su permanencia&#8221;, asever\u00f3 Solano y a\u00f1adi\u00f3 que es posible &#8220;ver los eslabones de una cadena de violencias que fueron atravesando la vida de Silvina Luna desde Gran Hermano&#8221;.<\/p>\n\n\n\n<p><strong>Violencia est\u00e9tica<br><\/strong>En una entrevista con esta agencia, la escritora y doctora en Ciencias Sociales Esther Pineda se refiri\u00f3 en junio de este a\u00f1o a la violencia est\u00e9tica como un conjunto de narrativas, representaciones, pr\u00e1cticas e instituciones que bombardean con los estereotipos y c\u00e1nones de belleza que presionan a las mujeres a responder a ellos, que discrimina a aquellas que no satisfacen esa expectativa.<\/p>\n\n\n\n<p>Este fen\u00f3meno tambi\u00e9n implica &#8220;las consecuencias de la realizaci\u00f3n de los procedimientos y cirug\u00edas est\u00e9ticas&#8221;, explic\u00f3.<\/p>\n\n\n\n<p>Dentro de esta l\u00f3gica, las profesionales coincidieron en que los medios de comunicaci\u00f3n y las redes sociales tienen un &#8220;rol fundamental&#8221;, en el proceso de reforzamiento de la violencia est\u00e9tica.<\/p>\n\n\n\n<p>&#8220;Hay un reforzamiento permanente de la idea de que para tener un valor, para ser visible, para ser elegida, tu cuerpo tiene que encajar en ese estereotipo, que es un estereotipo de una mujer blanca, delgada, joven, sexualizada, con el pelo largo y lacio&#8221;, describi\u00f3 Pasquinelli.<\/p>\n\n\n\n<p>A su vez, asegur\u00f3 que el g\u00e9nero femenino en especial est\u00e1 atravesado por &#8220;im\u00e1genes y relatos&#8221; donde las \u00fanicas mujeres que &#8220;pueden tener un lugar en la sociedad&#8221; son aquellas que encajan con el ideal de belleza.<\/p>\n\n\n\n<p>En coincidencia, Solano remarc\u00f3 que los medios y las redes sociales funcionan como dispositivos que &#8220;producen sentido&#8221; y que, hist\u00f3ricamente, &#8220;tuvieron m\u00e1s influencia por el poder econ\u00f3mico que acumulan en su log\u00edstica diaria&#8221;.<\/p>\n\n\n\n<p>&#8220;Es un doble juego, porque son esos medios los que muestran determinados cuerpos y, al mismo tiempo, son estos medios los que generan el reflejo de cu\u00e1les son los cuerpos leg\u00edtimos en quienes est\u00e1n por fuera de ese mundo televisivo&#8221;, sostuvo la soci\u00f3loga.<\/p>\n\n\n\n<p>De esta forma, tanto quienes est\u00e1n &#8220;por dentro o por fuera&#8221; de los medios y quienes son figuras famosas o no &#8220;sufren los mismos mecanismos de disciplinamiento&#8221; que, desde la infancia, ponen de relevancia una &#8220;imagen leg\u00edtima de la belleza&#8221;.<\/p>\n\n\n\n<p><strong>Imperativos de belleza en los medios<br><\/strong>Durante una entrevista con Susana Gim\u00e9nez en el 2014, Silvina Luna reflexion\u00f3 sobre las exigencias del ambiente art\u00edstico que la llevaron a tomar la decisi\u00f3n de operarse, y cont\u00f3 que &#8220;el medio tiene cierta exigencia por no hablar de que a m\u00ed no me pas\u00f3 nunca, pero hay productores que te dicen: &#8216;\u00bfpor qu\u00e9 no te oper\u00e1s la nariz?&#8217; o &#8216;est\u00e1s gordita, tendr\u00edas que bajar de peso \u00bfpor qu\u00e9 no te hac\u00e9s una lipo?'&#8221;<\/p>\n\n\n\n<p>&#8220;Hay que hablar de estas cosas, el medio es muy exigente y uno tiene que estar bien del bocho, bien tratada y segura para no caer en eso&#8221;, reflexionaba Luna.<\/p>\n\n\n\n<p>De esta forma, la obligaci\u00f3n &#8220;no es necesariamente que te ponen un rev\u00f3lver en la cabeza, pero s\u00ed te condicionan para que hagas determinado tipo de cuestiones, en este caso cirug\u00edas, para permanecer&#8221;, asegur\u00f3 la psic\u00f3loga y docente Debora Tajer.<\/p>\n\n\n\n<p>En Argentina el feminismo tom las banderas de lucha contra la violencia esttica Foto Archivo Tlam<br>En Argentina, el feminismo tom\u00f3 las banderas de lucha contra la violencia est\u00e9tica \/ Foto: Archivo T\u00e9lam<\/p>\n\n\n\n<p>&#8220;El imperativo de la belleza y de ciertos est\u00e1ndares de belleza es m\u00e1s fuerte hacia las mujeres, pero tambi\u00e9n el de juventud. Y hablo de juventud porque no es el caso exacto de Silvina Luna, pero s\u00ed hay una presi\u00f3n social para las cirug\u00edas est\u00e9ticas cuando vas envejeciendo porque ten\u00e9s que mantenerte joven, tanto para el mercado laboral y sexoafectivo&#8221;, agreg\u00f3 Tajer.<\/p>\n\n\n\n<p>Finalmente, Solano concluy\u00f3 que &#8220;lo que vemos ahora en el caso de Silvina Luna son los mandatos de belleza como sistema de valores, no exclusivamente como cirug\u00eda, porque los trastornos de la conducta alimentaria y las problem\u00e1ticas de salud mental que se producen por este tipo de exigencias, tambi\u00e9n matan&#8221;.<\/p>\n","protected":false},"excerpt":{"rendered":"<p>Especialistas abordan, a partir del fallecimiento de la actriz y modelo, la presi&oacute;n social existente hacia las mujeres, la violencia est&eacute;tica y las representaciones que impone el bombardeo de estereotipos y c&aacute;nones que las presionan a ajustarse a ellos, as&iacute; como la discriminaci&oacute;n hacia aquellas que no satisfacen esa expectativa. Los est&aacute;ndares est&eacute;ticos de belleza &hellip; <\/p>\n","protected":false},"author":5,"featured_media":7155,"comment_status":"closed","ping_status":"closed","sticky":false,"template":"","format":"standard","meta":{"om_disable_all_campaigns":false,"_joinchat":[]},"categories":[3],"tags":[46,43],"featured_image_urls":{"full":["https:\/\/infotep.com.ar\/wp-content\/uploads\/2023\/08\/silvina-luna.jpg",1200,675,false],"thumbnail":["https:\/\/infotep.com.ar\/wp-content\/uploads\/2023\/08\/silvina-luna-150x150.jpg",150,150,true],"medium":["https:\/\/infotep.com.ar\/wp-content\/uploads\/2023\/08\/silvina-luna-300x169.jpg",300,169,true],"medium_large":["https:\/\/infotep.com.ar\/wp-content\/uploads\/2023\/08\/silvina-luna-768x432.jpg",768,432,true],"large":["https:\/\/infotep.com.ar\/wp-content\/uploads\/2023\/08\/silvina-luna-1024x576.jpg",1020,574,true],"1536x1536":["https:\/\/infotep.com.ar\/wp-content\/uploads\/2023\/08\/silvina-luna.jpg",1200,675,false],"2048x2048":["https:\/\/infotep.com.ar\/wp-content\/uploads\/2023\/08\/silvina-luna.jpg",1200,675,false],"blossom-feminine-slider":["https:\/\/infotep.com.ar\/wp-content\/uploads\/2023\/08\/silvina-luna-1200x649.jpg",1200,649,true],"blossom-feminine-featured":["https:\/\/infotep.com.ar\/wp-content\/uploads\/2023\/08\/silvina-luna-1200x600.jpg",1200,600,true],"blossom-feminine-with-sidebar":["https:\/\/infotep.com.ar\/wp-content\/uploads\/2023\/08\/silvina-luna-1020x600.jpg",1020,600,true],"blossom-feminine-blog":["https:\/\/infotep.com.ar\/wp-content\/uploads\/2023\/08\/silvina-luna-435x435.jpg",435,435,true],"blossom-feminine-cat":["https:\/\/infotep.com.ar\/wp-content\/uploads\/2023\/08\/silvina-luna-450x300.jpg",450,300,true],"blossom-feminine-related":["https:\/\/infotep.com.ar\/wp-content\/uploads\/2023\/08\/silvina-luna-320x200.jpg",320,200,true],"blossom-feminine-schema":["https:\/\/infotep.com.ar\/wp-content\/uploads\/2023\/08\/silvina-luna-107x60.jpg",107,60,true],"blossom-mommy-blog-slider-big":["https:\/\/infotep.com.ar\/wp-content\/uploads\/2023\/08\/silvina-luna-920x650.jpg",920,650,true],"blossom-mommy-blog-slider":["https:\/\/infotep.com.ar\/wp-content\/uploads\/2023\/08\/silvina-luna-460x310.jpg",460,310,true],"blossom-mommy-blog-two":["https:\/\/infotep.com.ar\/wp-content\/uploads\/2023\/08\/silvina-luna-768x480.jpg",768,480,true]},"author_info":{"info":["Angela Tobar"]},"category_info":"<a href=\"https:\/\/infotep.com.ar\/index.php\/category\/nacionales\/\" rel=\"category tag\">Nacionales<\/a>","tag_info":"Nacionales","comment_count":"0","_links":{"self":[{"href":"https:\/\/infotep.com.ar\/index.php\/wp-json\/wp\/v2\/posts\/7154"}],"collection":[{"href":"https:\/\/infotep.com.ar\/index.php\/wp-json\/wp\/v2\/posts"}],"about":[{"href":"https:\/\/infotep.com.ar\/index.php\/wp-json\/wp\/v2\/types\/post"}],"author":[{"embeddable":true,"href":"https:\/\/infotep.com.ar\/index.php\/wp-json\/wp\/v2\/users\/5"}],"replies":[{"embeddable":true,"href":"https:\/\/infotep.com.ar\/index.php\/wp-json\/wp\/v2\/comments?post=7154"}],"version-history":[{"count":1,"href":"https:\/\/infotep.com.ar\/index.php\/wp-json\/wp\/v2\/posts\/7154\/revisions"}],"predecessor-version":[{"id":7156,"href":"https:\/\/infotep.com.ar\/index.php\/wp-json\/wp\/v2\/posts\/7154\/revisions\/7156"}],"wp:featuredmedia":[{"embeddable":true,"href":"https:\/\/infotep.com.ar\/index.php\/wp-json\/wp\/v2\/media\/7155"}],"wp:attachment":[{"href":"https:\/\/infotep.com.ar\/index.php\/wp-json\/wp\/v2\/media?parent=7154"}],"wp:term":[{"taxonomy":"category","embeddable":true,"href":"https:\/\/infotep.com.ar\/index.php\/wp-json\/wp\/v2\/categories?post=7154"},{"taxonomy":"post_tag","embeddable":true,"href":"https:\/\/infotep.com.ar\/index.php\/wp-json\/wp\/v2\/tags?post=7154"}],"curies":[{"name":"wp","href":"https:\/\/api.w.org\/{rel}","templated":true}]}}